{"id":165218,"date":"2022-10-06T02:00:00","date_gmt":"2022-10-06T06:00:00","guid":{"rendered":"https:\/\/ifamnews.com\/?p=165218"},"modified":"2022-10-03T09:39:06","modified_gmt":"2022-10-03T13:39:06","slug":"san-marino-das-brutalste-abtreibungsgesetz-der-welt","status":"publish","type":"post","link":"https:\/\/ifamnews.com\/de\/san-marino-das-brutalste-abtreibungsgesetz-der-welt","title":{"rendered":"San Marino: das brutalste Abtreibungsgesetz der Welt"},"content":{"rendered":"\n<p>32 Ja-Stimmen, 7 Nein-Stimmen, 10 Enthaltungen, ein Dutzend Abwesende: Das <a href=\"https:\/\/ifamnews.com\/it\/san-marino-rischia-la-legge-sull-aborto-peggiore-del-mondo\" target=\"_blank\" rel=\"noreferrer noopener\"><em>Gesetz 21<\/em><\/a>, das schlimmste Abtreibungsgesetz der Welt, hat gestern Abend in San Marino<a href=\"https:\/\/www.instagram.com\/p\/Ch9wPBiNvsF\/?igshid=MDJmNzVkMjY%3D\" target=\"_blank\" rel=\"noreferrer noopener\"> <\/a>die zweite Lesung im Gro\u00dfen Rat und im Generalrat passiert.<\/p>\n\n\n\n<p><a href=\"https:\/\/ifamnews.com\/it\/aborto-qual-la-posta-in-gioco-a-san-marino\" target=\"_blank\" rel=\"noreferrer noopener\">Nach dem <em>Referendum<\/em> am 26. September 2021<\/a>Die Bev\u00f6lkerung von San Marino hat f\u00fcr die Legalisierung der Abtreibung in der kleinen Republik gestimmt, nachdem die Fragestellung des Referendums durch einen abwertenden, extremeren und radikaleren Gesetzesentwurf, der das menschliche Leben im Mutterleib entmenschlicht, verf\u00e4lscht worden war,  <a href=\"https:\/\/www.centrostudilivatino.it\/aborto-a-san-marino-quando-lideologia-si-mostra-patetica\/\" target=\"_blank\" rel=\"noreferrer noopener\">Verabschiedung von Gesetzen, die schon von weitem nach Ideologie riechen<\/a>  und der nichts weiter tun will, als eine weitere Fahne des &#8222;Anspruchs&#8220; aufzustellen, wo in Wirklichkeit Rechte verletzt werden.<\/p>\n\n\n\n<p>Es verletzt das Recht des ungeborenen Kindes, auf die Welt zu kommen; es verletzt die Gewissensfreiheit des medizinischen Personals, das nicht in der Lage sein wird, von der Anwendung der Verfahren abzusehen oder sie zu verlassen; es verletzt die Erziehungsfreiheit der Eltern, da es unter den Paragraphen der Gesetzgebung denjenigen \u00fcber die staatliche Sexualerziehung in den Schulen aufgenommen hat.<\/p>\n\n\n\n<p>Keine Ratsfraktion stimmte dagegen, alle Ratsmitglieder konnten &#8222;nach ihrem Gewissen&#8220; abstimmen, wie es <a href=\"https:\/\/www.culturacattolica.it\/attualit%C3%A0\/in-rilievo\/abbiamo-detto-gli-editoriali\/lettera-a-chi-ha-un-cuore-grande-per-amare\" target=\"_blank\" rel=\"noreferrer noopener\">in der Erkl\u00e4rung der Christlich-Demokratischen Partei San Marinos<\/a> (PDCS) <a href=\"https:\/\/www.culturacattolica.it\/attualit%C3%A0\/in-rilievo\/abbiamo-detto-gli-editoriali\/lettera-a-chi-ha-un-cuore-grande-per-amare\" target=\"_blank\" rel=\"noreferrer noopener\">hei\u00dft<\/a>.<\/p>\n\n\n\n<p>Die Argumente, die die nicht mehr ganz jungen Leute in den 70er und fr\u00fchen 80er Jahren geh\u00f6rt haben, sind in der parlamentarischen Debatte wieder aufgetaucht&#8220;, kommentiert Antonella Mularoni, Rechtsanw\u00e4ltin und Notarin aus San Marino, ehemalige Richterin am Europ\u00e4ischen Gerichtshof f\u00fcr Menschenrechte, Staatssekret\u00e4rin f\u00fcr ausw\u00e4rtige Angelegenheiten und Kapit\u00e4nsregentin, d.h. Staatsoberhaupt von San Marino, im Gespr\u00e4ch mit &#8222;iFamNews&#8220;. &#8222;Es scheint, dass die au\u00dferordentlichen wissenschaftlichen Fortschritte der letzten Jahrzehnte, auch im Bereich der Neonatologie, nur dann wichtig und n\u00fctzlich sind, wenn sie dem beabsichtigten Zweck dienen, n\u00e4mlich dem Schwangerschaftsabbruch. Und es gibt einen gro\u00dfen Abwesenden: das ungeborene Kind, das f\u00fcr die Abtreibungsbef\u00fcrworter nur dann einen Wert hat, wenn die Mutter es will, ansonsten kann die Frau mit ihm machen, was sie will&#8220;.<\/p>\n\n\n\n<p>Und es ist auch das Recht der Mutter, der Frau, mit anderen, gegen das dieses Gesetz verst\u00f6\u00dft, indem es Frauen, die sich innerhalb der zw\u00f6lften Woche des Lebens im Mutterleib f\u00fcr einen Schwangerschaftsabbruch entscheiden, die einzige Einschr\u00e4nkung eines Gespr\u00e4chs mit einem Berater auferlegt. Sogar mit der M\u00f6glichkeit, sich f\u00fcr eine Sitzung aus der Ferne, <a href=\"https:\/\/ifamnews.com\/de\/gro-britannien-abtreibung-auf-abruf-bleibt-etabliert\" target=\"_blank\" rel=\"noreferrer noopener\">\u00fcber einen Bildschirm,<\/a> zu entscheiden <a href=\"https:\/\/ifamnews.com\/de\/gro-britannien-abtreibung-auf-abruf-bleibt-etabliert\" target=\"_blank\" rel=\"noreferrer noopener\">, wie es die &#8222;Telemedizin&#8220; in anderen L\u00e4ndern lehrt<\/a>, und sogar &#8222;[&#8230;] <a href=\"https:\/\/www.ansa.it\/sito\/notizie\/cronaca\/2022\/09\/01\/san-marino-approva-la-legge-laborto-non-sara-piu-un-reato_4a63cc91-ebad-47eb-9d8c-a17b14aeb9eb.html\" target=\"_blank\" rel=\"noreferrer noopener\">ein \u00c4nderungsantrag, der diesen Zugang fakultativ machen wollte, um die Wahlfreiheit und die <em>Privatsph\u00e4re<\/em><\/a>zu sch\u00fctzen&#8220;, scheiterte ebenfalls um Haaresbreite. Er verst\u00f6\u00dft dagegen, weil, wie Rechtsanwalt Mularoni betont, &#8222;wir nicht das Gef\u00fchl haben, dass wir den Frauen einen Gefallen tun, wenn wir versuchen, sie so schnell wie m\u00f6glich zu einer Abtreibung zu bewegen, indem wir Zweifel vermeiden und uns dagegen wehren, dass ihnen alternative L\u00f6sungen zur Abtreibung angeboten werden. Als ob ein Schwangerschaftsabbruch schmerzlos und ohne Folgen w\u00e4re, selbst auf psychologischer Ebene, in vielen F\u00e4llen f\u00fcr den Rest des Lebens&#8220;.<\/p>\n\n\n\n<p>Der gestrige Tag in San Marino war ein sehr trauriger Tag&#8220;, sagt er abschlie\u00dfend, &#8222;f\u00fcr alle, die glauben, dass das Leben immer gesch\u00fctzt werden muss, vom ersten bis zum letzten Augenblick&#8220;.<\/p>\n","protected":false},"excerpt":{"rendered":"<p>In San Marino wurde das Gesetz 21 verabschiedet, ein Tribut an das \u201eRecht\u201c auf Abtreibung, das die Rechte aller verletzt. Einschlie\u00dflich Frauen.<\/p>\n","protected":false},"author":14,"featured_media":158972,"comment_status":"open","ping_status":"open","sticky":false,"template":"","format":"standard","meta":{"give_campaign_id":0,"om_disable_all_campaigns":false,"_monsterinsights_skip_tracking":false,"_monsterinsights_sitenote_active":false,"_monsterinsights_sitenote_note":"","_monsterinsights_sitenote_category":0,"mc4wp_mailchimp_campaign":[],"jnews-multi-image_gallery":[],"jnews_single_post":{"subtitle":"In San Marino wurde das Gesetz 21 verabschiedet, ein Tribut an das \u201eRecht\u201c auf Abtreibung, das die Rechte aller verletzt. Einschlie\u00dflich Frauen.","format":"standard","video":"","gallery":"","source_name":"","source_url":"","via_name":"","via_url":"","override_template":"0","override":[{"template":"2","single_blog_custom":"","parallax":"1","fullscreen":"1","layout":"right-sidebar-narrow","sidebar":"default-sidebar","second_sidebar":"default-sidebar","sticky_sidebar":"1","share_position":"float","share_float_style":"share-normal","show_share_counter":"1","show_view_counter":"1","show_featured":"1","show_post_meta":"1","show_post_author":"1","show_post_author_image":"1","show_post_date":"1","post_date_format":"default","post_date_format_custom":"Y\/m\/d","show_post_category":"1","show_post_reading_time":"1","post_reading_time_wpm":"300","show_zoom_button":"0","zoom_button_out_step":"2","zoom_button_in_step":"3","show_post_tag":"1","show_prev_next_post":"0","show_popup_post":"0","number_popup_post":"1","show_author_box":"1","show_post_related":"0","show_inline_post_related":"0"}],"override_image_size":"0","image_override":[{"single_post_thumbnail_size":"crop-715","single_post_gallery_size":"crop-715"}],"trending_post":"0","trending_post_position":"meta","trending_post_label":"Trending","sponsored_post":"0","sponsored_post_label":"Sponsored by","sponsored_post_name":"","sponsored_post_url":"","sponsored_post_logo_enable":"0","sponsored_post_logo":"","sponsored_post_desc":"","disable_ad":"0"},"jnews_primary_category":{"id":"768"},"jnews_social_meta":{"fb_title":"","fb_description":"","fb_image":"","twitter_title":"","twitter_description":"","twitter_image":""},"jnews_override_counter":{"override_view_counter":"0","view_counter_number":"0","override_share_counter":"0","share_counter_number":"0","override_like_counter":"0","like_counter_number":"0","override_dislike_counter":"0","dislike_counter_number":"0"},"footnotes":""},"categories":[820,768,811],"tags":[1906,20496],"class_list":["post-165218","post","type-post","status-publish","format-standard","has-post-thumbnail","hentry","category-leben","category-politik","category-foreground-de","tag-abtreibung","tag-san-marino-de"],"yoast_head":"<!-- This site is optimized with the Yoast SEO Premium plugin v25.9 (Yoast SEO v27.3) - https:\/\/yoast.com\/product\/yoast-seo-premium-wordpress\/ -->\n<title>San Marino: das brutalste Abtreibungsgesetz der Welt - &quot;iFamNews&quot;.<\/title>\n<meta name=\"description\" content=\"Gestern Abend wurde das Gesetz 21 verabschiedet, ein Tribut an das &quot;Recht&quot; auf Abtreibung, das die Rechte aller verletzt. Einschlie\u00dflich Frauen\" \/>\n<meta name=\"robots\" content=\"index, follow, max-snippet:-1, max-image-preview:large, max-video-preview:-1\" \/>\n<link rel=\"canonical\" href=\"https:\/\/ifamnews.com\/de\/san-marino-das-brutalste-abtreibungsgesetz-der-welt\" \/>\n<meta property=\"og:locale\" content=\"de_DE\" \/>\n<meta property=\"og:type\" content=\"article\" \/>\n<meta property=\"og:title\" content=\"San Marino: das brutalste Abtreibungsgesetz der Welt\" \/>\n<meta property=\"og:description\" content=\"Gestern Abend wurde das Gesetz 21 verabschiedet, ein Tribut an das &quot;Recht&quot; auf Abtreibung, das die Rechte aller verletzt. Einschlie\u00dflich Frauen\" \/>\n<meta property=\"og:url\" content=\"https:\/\/ifamnews.com\/de\/san-marino-das-brutalste-abtreibungsgesetz-der-welt\" \/>\n<meta property=\"og:site_name\" content=\"IFN\" \/>\n<meta property=\"article:publisher\" content=\"https:\/\/www.facebook.com\/iFamNews\" \/>\n<meta property=\"article:published_time\" content=\"2022-10-06T06:00:00+00:00\" \/>\n<meta property=\"og:image\" content=\"https:\/\/ifamnews.com\/wp-content\/uploads\/2022\/09\/castle-gbd2dbf308_1280.jpg\" \/>\n\t<meta property=\"og:image:width\" content=\"1280\" \/>\n\t<meta property=\"og:image:height\" content=\"622\" \/>\n\t<meta property=\"og:image:type\" content=\"image\/jpeg\" \/>\n<meta name=\"author\" content=\"Barbara Santambrogio\" \/>\n<meta name=\"twitter:card\" content=\"summary_large_image\" \/>\n<meta name=\"twitter:creator\" content=\"@iFamNewsEN\" \/>\n<meta name=\"twitter:site\" content=\"@iFamNewsEN\" \/>\n<meta name=\"twitter:label1\" content=\"Verfasst von\" \/>\n\t<meta name=\"twitter:data1\" content=\"Barbara Santambrogio\" \/>\n\t<meta name=\"twitter:label2\" content=\"Gesch\u00e4tzte Lesezeit\" \/>\n\t<meta name=\"twitter:data2\" content=\"3\u00a0Minuten\" \/>\n<!-- \/ Yoast SEO Premium plugin. -->","yoast_head_json":{"title":"San Marino: das brutalste Abtreibungsgesetz der Welt - \"iFamNews\".","description":"Gestern Abend wurde das Gesetz 21 verabschiedet, ein Tribut an das \"Recht\" auf Abtreibung, das die Rechte aller verletzt. Einschlie\u00dflich Frauen","robots":{"index":"index","follow":"follow","max-snippet":"max-snippet:-1","max-image-preview":"max-image-preview:large","max-video-preview":"max-video-preview:-1"},"canonical":"https:\/\/ifamnews.com\/de\/san-marino-das-brutalste-abtreibungsgesetz-der-welt","og_locale":"de_DE","og_type":"article","og_title":"San Marino: das brutalste Abtreibungsgesetz der Welt","og_description":"Gestern Abend wurde das Gesetz 21 verabschiedet, ein Tribut an das \"Recht\" auf Abtreibung, das die Rechte aller verletzt. Einschlie\u00dflich Frauen","og_url":"https:\/\/ifamnews.com\/de\/san-marino-das-brutalste-abtreibungsgesetz-der-welt","og_site_name":"IFN","article_publisher":"https:\/\/www.facebook.com\/iFamNews","article_published_time":"2022-10-06T06:00:00+00:00","og_image":[{"width":1280,"height":622,"url":"https:\/\/ifamnews.com\/wp-content\/uploads\/2022\/09\/castle-gbd2dbf308_1280.jpg","type":"image\/jpeg"}],"author":"Barbara Santambrogio","twitter_card":"summary_large_image","twitter_creator":"@iFamNewsEN","twitter_site":"@iFamNewsEN","twitter_misc":{"Verfasst von":"Barbara Santambrogio","Gesch\u00e4tzte Lesezeit":"3\u00a0Minuten"},"schema":{"@context":"https:\/\/schema.org","@graph":[{"@type":"NewsArticle","@id":"https:\/\/ifamnews.com\/de\/san-marino-das-brutalste-abtreibungsgesetz-der-welt#article","isPartOf":{"@id":"https:\/\/ifamnews.com\/de\/san-marino-das-brutalste-abtreibungsgesetz-der-welt"},"author":{"name":"Barbara Santambrogio","@id":"https:\/\/ifamnews.com\/en\/#\/schema\/person\/17118599da2799311b3611609a244572"},"headline":"San Marino: das brutalste Abtreibungsgesetz der Welt","datePublished":"2022-10-06T06:00:00+00:00","mainEntityOfPage":{"@id":"https:\/\/ifamnews.com\/de\/san-marino-das-brutalste-abtreibungsgesetz-der-welt"},"wordCount":542,"commentCount":0,"publisher":{"@id":"https:\/\/ifamnews.com\/en\/#organization"},"image":{"@id":"https:\/\/ifamnews.com\/de\/san-marino-das-brutalste-abtreibungsgesetz-der-welt#primaryimage"},"thumbnailUrl":"https:\/\/ifamnews.com\/wp-content\/uploads\/2022\/09\/castle-gbd2dbf308_1280.jpg","keywords":["Abtreibung","San Marino"],"articleSection":["Leben","Politik","Vordergrund"],"inLanguage":"de","potentialAction":[{"@type":"CommentAction","name":"Comment","target":["https:\/\/ifamnews.com\/de\/san-marino-das-brutalste-abtreibungsgesetz-der-welt#respond"]}]},{"@type":"WebPage","@id":"https:\/\/ifamnews.com\/de\/san-marino-das-brutalste-abtreibungsgesetz-der-welt","url":"https:\/\/ifamnews.com\/de\/san-marino-das-brutalste-abtreibungsgesetz-der-welt","name":"San Marino: das brutalste Abtreibungsgesetz der Welt - \"iFamNews\".","isPartOf":{"@id":"https:\/\/ifamnews.com\/en\/#website"},"primaryImageOfPage":{"@id":"https:\/\/ifamnews.com\/de\/san-marino-das-brutalste-abtreibungsgesetz-der-welt#primaryimage"},"image":{"@id":"https:\/\/ifamnews.com\/de\/san-marino-das-brutalste-abtreibungsgesetz-der-welt#primaryimage"},"thumbnailUrl":"https:\/\/ifamnews.com\/wp-content\/uploads\/2022\/09\/castle-gbd2dbf308_1280.jpg","datePublished":"2022-10-06T06:00:00+00:00","description":"Gestern Abend wurde das Gesetz 21 verabschiedet, ein Tribut an das \"Recht\" auf Abtreibung, das die Rechte aller verletzt. Einschlie\u00dflich Frauen","breadcrumb":{"@id":"https:\/\/ifamnews.com\/de\/san-marino-das-brutalste-abtreibungsgesetz-der-welt#breadcrumb"},"inLanguage":"de","potentialAction":[{"@type":"ReadAction","target":["https:\/\/ifamnews.com\/de\/san-marino-das-brutalste-abtreibungsgesetz-der-welt"]}]},{"@type":"ImageObject","inLanguage":"de","@id":"https:\/\/ifamnews.com\/de\/san-marino-das-brutalste-abtreibungsgesetz-der-welt#primaryimage","url":"https:\/\/ifamnews.com\/wp-content\/uploads\/2022\/09\/castle-gbd2dbf308_1280.jpg","contentUrl":"https:\/\/ifamnews.com\/wp-content\/uploads\/2022\/09\/castle-gbd2dbf308_1280.jpg","width":1280,"height":622,"caption":"Bild von Pixabay"},{"@type":"BreadcrumbList","@id":"https:\/\/ifamnews.com\/de\/san-marino-das-brutalste-abtreibungsgesetz-der-welt#breadcrumb","itemListElement":[{"@type":"ListItem","position":1,"name":"Home","item":"https:\/\/ifamnews.com\/de"},{"@type":"ListItem","position":2,"name":"Life","item":"https:\/\/ifamnews.com\/en\/category\/life"},{"@type":"ListItem","position":3,"name":"San Marino: das brutalste Abtreibungsgesetz der Welt"}]},{"@type":"WebSite","@id":"https:\/\/ifamnews.com\/en\/#website","url":"https:\/\/ifamnews.com\/en\/","name":"IFN","description":"International Family News Network","publisher":{"@id":"https:\/\/ifamnews.com\/en\/#organization"},"potentialAction":[{"@type":"SearchAction","target":{"@type":"EntryPoint","urlTemplate":"https:\/\/ifamnews.com\/en\/?s={search_term_string}"},"query-input":{"@type":"PropertyValueSpecification","valueRequired":true,"valueName":"search_term_string"}}],"inLanguage":"de"},{"@type":"Organization","@id":"https:\/\/ifamnews.com\/en\/#organization","name":"iFamNews","url":"https:\/\/ifamnews.com\/en\/","logo":{"@type":"ImageObject","inLanguage":"de","@id":"https:\/\/ifamnews.com\/en\/#\/schema\/logo\/image\/","url":"https:\/\/ifamnews.com\/wp-content\/uploads\/2020\/01\/Share-logo.png","contentUrl":"https:\/\/ifamnews.com\/wp-content\/uploads\/2020\/01\/Share-logo.png","width":200,"height":200,"caption":"iFamNews"},"image":{"@id":"https:\/\/ifamnews.com\/en\/#\/schema\/logo\/image\/"},"sameAs":["https:\/\/www.facebook.com\/iFamNews","https:\/\/x.com\/iFamNewsEN"]},{"@type":"Person","@id":"https:\/\/ifamnews.com\/en\/#\/schema\/person\/17118599da2799311b3611609a244572","name":"Barbara Santambrogio","image":{"@type":"ImageObject","inLanguage":"de","@id":"https:\/\/secure.gravatar.com\/avatar\/e82fde821e1707b5acb9fe7ab0a5d6e32d42db6117e73021c2fc05cc90dad32f?s=96&d=mm&r=g","url":"https:\/\/secure.gravatar.com\/avatar\/e82fde821e1707b5acb9fe7ab0a5d6e32d42db6117e73021c2fc05cc90dad32f?s=96&d=mm&r=g","contentUrl":"https:\/\/secure.gravatar.com\/avatar\/e82fde821e1707b5acb9fe7ab0a5d6e32d42db6117e73021c2fc05cc90dad32f?s=96&d=mm&r=g","caption":"Barbara Santambrogio"},"description":"After an original and varied working path, in the field of advertising and publishing, but also in the world of wine, she finally came to deal with what she is most passionate about. Today she writes (for the web, but not only), deals with translations and teaches in elementary school. Biological and adoptive mother, she loves reading and running.","url":"https:\/\/ifamnews.com\/de\/author\/bsantambrogio"}]}},"amp_enabled":true,"_links":{"self":[{"href":"https:\/\/ifamnews.com\/de\/wp-json\/wp\/v2\/posts\/165218","targetHints":{"allow":["GET"]}}],"collection":[{"href":"https:\/\/ifamnews.com\/de\/wp-json\/wp\/v2\/posts"}],"about":[{"href":"https:\/\/ifamnews.com\/de\/wp-json\/wp\/v2\/types\/post"}],"author":[{"embeddable":true,"href":"https:\/\/ifamnews.com\/de\/wp-json\/wp\/v2\/users\/14"}],"replies":[{"embeddable":true,"href":"https:\/\/ifamnews.com\/de\/wp-json\/wp\/v2\/comments?post=165218"}],"version-history":[{"count":2,"href":"https:\/\/ifamnews.com\/de\/wp-json\/wp\/v2\/posts\/165218\/revisions"}],"predecessor-version":[{"id":165232,"href":"https:\/\/ifamnews.com\/de\/wp-json\/wp\/v2\/posts\/165218\/revisions\/165232"}],"wp:featuredmedia":[{"embeddable":true,"href":"https:\/\/ifamnews.com\/de\/wp-json\/wp\/v2\/media\/158972"}],"wp:attachment":[{"href":"https:\/\/ifamnews.com\/de\/wp-json\/wp\/v2\/media?parent=165218"}],"wp:term":[{"taxonomy":"category","embeddable":true,"href":"https:\/\/ifamnews.com\/de\/wp-json\/wp\/v2\/categories?post=165218"},{"taxonomy":"post_tag","embeddable":true,"href":"https:\/\/ifamnews.com\/de\/wp-json\/wp\/v2\/tags?post=165218"}],"curies":[{"name":"wp","href":"https:\/\/api.w.org\/{rel}","templated":true}]}}