{"id":164593,"date":"2022-10-07T08:46:11","date_gmt":"2022-10-07T12:46:11","guid":{"rendered":"https:\/\/ifamnews.com\/?p=164593"},"modified":"2022-10-10T10:53:02","modified_gmt":"2022-10-10T14:53:02","slug":"weltkongress-der-familien-bricht-teilnehmerrekord","status":"publish","type":"post","link":"https:\/\/ifamnews.com\/de\/weltkongress-der-familien-bricht-teilnehmerrekord","title":{"rendered":"Weltkongress der Familien bricht Teilnehmerrekord"},"content":{"rendered":"<p class=\"last-updated\">Last updated on Oktober 10th, 2022 at 10:53 a.m.<\/p>\n<p><em>Quadratin Agentur<\/em>, Mexiko &#8211; Fast sechstausend Menschen nahmen am Weltkongress der Familien 2022 teil, was beachtlich ist und den Rekord fr\u00fcherer Kongresse bricht, die viertausend Menschen versammelten, feierte Allan Carlson, der emeritierte Pr\u00e4sident des <em>Howard Center for the Family<\/em>.<\/p>\n\n\n\n<p>Carlson beklagte, dass die Familie in der \u00f6ffentlichen Meinung und in den Medien oft als altmodisch in einer neuen Welt angesehen wird.<\/p>\n\n\n<div class=\"wp-block-image\">\n<figure class=\"aligncenter size-large\"><img decoding=\"async\" width=\"1024\" height=\"576\" src=\"https:\/\/ifamnews.com\/wp-content\/uploads\/2022\/10\/wcf-cardinal-muller-princess-gloria-and-brian-brown-jim-daly-and-wilford-w-andersen-1024x576.jpg\" alt=\"\" class=\"wp-image-165278\" srcset=\"https:\/\/ifamnews.com\/wp-content\/uploads\/2022\/10\/wcf-cardinal-muller-princess-gloria-and-brian-brown-jim-daly-and-wilford-w-andersen-1024x576.jpg 1024w, https:\/\/ifamnews.com\/wp-content\/uploads\/2022\/10\/wcf-cardinal-muller-princess-gloria-and-brian-brown-jim-daly-and-wilford-w-andersen-768x432.jpg 768w, https:\/\/ifamnews.com\/wp-content\/uploads\/2022\/10\/wcf-cardinal-muller-princess-gloria-and-brian-brown-jim-daly-and-wilford-w-andersen-750x422.jpg 750w, https:\/\/ifamnews.com\/wp-content\/uploads\/2022\/10\/wcf-cardinal-muller-princess-gloria-and-brian-brown-jim-daly-and-wilford-w-andersen-1140x641.jpg 1140w, https:\/\/ifamnews.com\/wp-content\/uploads\/2022\/10\/wcf-cardinal-muller-princess-gloria-and-brian-brown-jim-daly-and-wilford-w-andersen.jpg 1280w\" sizes=\"(max-width: 1024px) 100vw, 1024px\" \/><figcaption>Kardinal Gerhard Ludwig M\u00fcller, ehemaliger Pr\u00e4fekt der Glaubenskongregation<\/figcaption><\/figure>\n<\/div>\n\n\n<p>Nach den offiziellen Angaben des Organisationskomitees kamen mehr als 9 000 Teilnehmer, um den Vortr\u00e4gen von Fachleuten und Experten auf dem Gebiet der Institution Familie zuzuh\u00f6ren, sich zu informieren und zu lernen.<\/p>\n\n\n\n<p>Der 14. Weltkongress der Familien ist eine interkulturelle und interreligi\u00f6se Veranstaltung, die vom 30. September bis 2. Oktober auf der Expo Santa Fe in Mexiko-Stadt stattfindet. Es handelt sich um die Olympischen Spiele, die von Zeit zu Zeit zwischen Institutionen und Organisationen stattfinden, die die Institution der Familie durch verschiedene Aktivit\u00e4ten verteidigen und f\u00f6rdern, wie von den Organisatoren beschrieben.<\/p>\n\n\n\n<p>An der ersten Podiumsdiskussion &#8222;Starke Familien, nachhaltige Gesellschaften&#8220; nahmen f\u00fchrende Pers\u00f6nlichkeiten wie Jim Daly, Elder Wilford W. Andersen, Valerie Huber, F\u00fcrstin Gloria von Thurn und Taxis und Kardinal Gerhard Ludwig M\u00fcller, ehemaliger Pr\u00e4fekt der Glaubenskongregation, teil.<\/p>\n\n\n<div class=\"wp-block-image\">\n<figure class=\"aligncenter size-large is-resized\"><img decoding=\"async\" src=\"https:\/\/ifamnews.com\/wp-content\/uploads\/2022\/10\/Princess-Gloria-1024x526.png\" alt=\"\" class=\"wp-image-165702\" width=\"938\" height=\"481\" srcset=\"https:\/\/ifamnews.com\/wp-content\/uploads\/2022\/10\/Princess-Gloria-1024x526.png 1024w, https:\/\/ifamnews.com\/wp-content\/uploads\/2022\/10\/Princess-Gloria-768x395.png 768w, https:\/\/ifamnews.com\/wp-content\/uploads\/2022\/10\/Princess-Gloria-1536x789.png 1536w, https:\/\/ifamnews.com\/wp-content\/uploads\/2022\/10\/Princess-Gloria-2048x1052.png 2048w, https:\/\/ifamnews.com\/wp-content\/uploads\/2022\/10\/Princess-Gloria-750x385.png 750w, https:\/\/ifamnews.com\/wp-content\/uploads\/2022\/10\/Princess-Gloria-1140x586.png 1140w\" sizes=\"(max-width: 938px) 100vw, 938px\" \/><figcaption>F\u00fcrstin Gloria von Thurn und Taxis&nbsp;&#8211; Weltkongress der Familien 2022<\/figcaption><\/figure>\n<\/div>\n\n\n<p>&#8222;Diese Energie ist Teil der Erfahrung, die wir den Menschen vermitteln wollten, vor allem nach mehr als zwei Jahren Gefangenschaft, um ein Ereignis dieses Ausma\u00dfes zu erleben, bei dem wir keine soziale Distanz mehr wahren und uns wirklich umarmen k\u00f6nnen, wir sind wirklich sehr aufgeregt&#8220;, sagte Fernando Milan\u00e9s.<\/p>\n\n\n\n<figure class=\"wp-block-embed is-type-video is-provider-youtube wp-block-embed-youtube wp-embed-aspect-16-9 wp-has-aspect-ratio\"><div class=\"wp-block-embed__wrapper\">\n<div class=\"jeg_video_container jeg_video_content\"><iframe loading=\"lazy\" title=\"Congreso Mundial de las Familias rompe r\u00e9cord de asistencia\" width=\"500\" height=\"281\" src=\"https:\/\/www.youtube.com\/embed\/sRLXuj1UsJ8?feature=oembed\" frameborder=\"0\" allow=\"accelerometer; autoplay; clipboard-write; encrypted-media; gyroscope; picture-in-picture; web-share\" referrerpolicy=\"strict-origin-when-cross-origin\" allowfullscreen><\/iframe><\/div>\n<\/div><\/figure>\n\n\n\n<p>&#8222;Nat\u00fcrlich ist es wichtig, Tiere zu verteidigen &#8211; ich liebe Tiere sehr -, nat\u00fcrlich ist es wichtig, den Planeten und die W\u00e4lder zu verteidigen, aber um die menschliche Familie zu verteidigen, ist es schwierig, eine wichtigere und gr\u00f6\u00dfere Sache zu finden, die gleichzeitig n\u00e4her und einfacher ist&#8220;, f\u00fcgte Juan Manuel Cotelo, spanischer Regisseur und Filmemacher, hinzu.<\/p>\n\n\n\n<p>Au\u00dferdem ist er der Ansicht, dass die Unterbewertung der Familien auf die Diskreditierung von zwei W\u00f6rtern zur\u00fcckzuf\u00fchren ist: Dienst und Opfer. Es scheint, als ob &#8222;dienen&#8220; bedeutet, nein, wir wollen nicht dienen, wir wollen bedient werden. Wenn man das Wort Dienstleistung in die Luft jagt, jagt man jede Familie in die Luft&#8230; Andererseits ist ein anderes Wort, das in Verruf geraten ist, das Wort Opfer: Wenn es dich viel M\u00fche kostet, ist es mir das nicht wert&#8220;.<\/p>\n\n\n\n<p>Der erste Tag des Weltkongresses der Familien 2022 wird mit einem musikalischen Konzert der S\u00e4nger Emmanuel und Mijares abgeschlossen, die sich offen f\u00fcr die F\u00f6rderung der Werte in Familie und Gesellschaft aussprechen.<\/p>\n\n\n<div class=\"wp-block-image\">\n<figure class=\"aligncenter size-large\"><img decoding=\"async\" width=\"1024\" height=\"550\" src=\"https:\/\/ifamnews.com\/wp-content\/uploads\/2022\/10\/Cardinal-Gerhard-Ludwig-Mu\u0308ller-2-1024x550.png\" alt=\"\" class=\"wp-image-165741\" srcset=\"https:\/\/ifamnews.com\/wp-content\/uploads\/2022\/10\/Cardinal-Gerhard-Ludwig-Mu\u0308ller-2-1024x550.png 1024w, https:\/\/ifamnews.com\/wp-content\/uploads\/2022\/10\/Cardinal-Gerhard-Ludwig-Mu\u0308ller-2-768x413.png 768w, https:\/\/ifamnews.com\/wp-content\/uploads\/2022\/10\/Cardinal-Gerhard-Ludwig-Mu\u0308ller-2-1536x825.png 1536w, https:\/\/ifamnews.com\/wp-content\/uploads\/2022\/10\/Cardinal-Gerhard-Ludwig-Mu\u0308ller-2-2048x1100.png 2048w, https:\/\/ifamnews.com\/wp-content\/uploads\/2022\/10\/Cardinal-Gerhard-Ludwig-Mu\u0308ller-2-750x403.png 750w, https:\/\/ifamnews.com\/wp-content\/uploads\/2022\/10\/Cardinal-Gerhard-Ludwig-Mu\u0308ller-2-1140x612.png 1140w\" sizes=\"(max-width: 1024px) 100vw, 1024px\" \/><figcaption>Kardinal Gerhard Ludwig M\u00fcller, ehemaliger Pr\u00e4fekt der Glaubenskongregation<\/figcaption><\/figure>\n<\/div>","protected":false},"excerpt":{"rendered":"<p>9000+ Menschen nahmen am Weltkongress der Familien 2022 teil, was den Rekord fr\u00fcherer Versammlungen bricht.<\/p>\n","protected":false},"author":593,"featured_media":165722,"comment_status":"open","ping_status":"open","sticky":false,"template":"","format":"standard","meta":{"give_campaign_id":0,"om_disable_all_campaigns":false,"_monsterinsights_skip_tracking":false,"_monsterinsights_sitenote_active":false,"_monsterinsights_sitenote_note":"","_monsterinsights_sitenote_category":0,"mc4wp_mailchimp_campaign":[],"jnews-multi-image_gallery":[],"jnews_single_post":{"subtitle":"9000+ Menschen nahmen am Weltkongress der Familien 2022 teil, was den Rekord fr\u00fcherer Versammlungen bricht.","format":"standard","video":"","gallery":"","source_name":"","source_url":"","via_name":"","via_url":"","override_template":"0","override":[{"template":"2","single_blog_custom":"","parallax":"1","fullscreen":"1","layout":"right-sidebar-narrow","sidebar":"default-sidebar","second_sidebar":"default-sidebar","sticky_sidebar":"1","share_position":"float","share_float_style":"share-normal","show_share_counter":"1","show_view_counter":"1","show_featured":"1","show_post_meta":"1","show_post_author":"1","show_post_author_image":"1","show_post_date":"1","post_date_format":"default","post_date_format_custom":"Y\/m\/d","show_post_category":"1","show_post_reading_time":"1","post_reading_time_wpm":"300","show_zoom_button":"0","zoom_button_out_step":"2","zoom_button_in_step":"3","show_post_tag":"1","show_prev_next_post":"0","show_popup_post":"0","number_popup_post":"1","show_author_box":"1","show_post_related":"0","show_inline_post_related":"0"}],"override_image_size":"0","image_override":[{"single_post_thumbnail_size":"crop-715","single_post_gallery_size":"crop-715"}],"trending_post":"0","trending_post_position":"meta","trending_post_label":"Trending","sponsored_post":"0","sponsored_post_label":"Sponsored by","sponsored_post_name":"","sponsored_post_url":"","sponsored_post_logo_enable":"0","sponsored_post_logo":"","sponsored_post_desc":"","disable_ad":"0"},"jnews_primary_category":{"id":"770"},"jnews_social_meta":{"fb_title":"","fb_description":"","fb_image":"","twitter_title":"","twitter_description":"","twitter_image":""},"jnews_override_counter":{"override_view_counter":"0","view_counter_number":"0","override_share_counter":"0","share_counter_number":"0","override_like_counter":"0","like_counter_number":"0","override_dislike_counter":"0","dislike_counter_number":"0"},"footnotes":""},"categories":[816,770,811],"tags":[20483,19307,20481,20482],"class_list":["post-164593","post","type-post","status-publish","format-standard","has-post-thumbnail","hentry","category-breaking-news-de","category-familie","category-foreground-de","tag-teilnehmer","tag-weltfamilienkongress","tag-weltkongress-der-familien","tag-xiv-weltkongress-der-familien"],"yoast_head":"<!-- This site is optimized with the Yoast SEO Premium plugin v25.9 (Yoast SEO v27.3) - https:\/\/yoast.com\/product\/yoast-seo-premium-wordpress\/ -->\n<title>Weltkongress der Familien bricht Teilnehmerrekord - IFN<\/title>\n<meta name=\"description\" content=\"Fast sechstausend Menschen nahmen am Weltkongress der Familien 2022 teil, was beachtlich ist und einen Rekord darstellt.\" \/>\n<meta name=\"robots\" content=\"index, follow, max-snippet:-1, max-image-preview:large, max-video-preview:-1\" \/>\n<link rel=\"canonical\" href=\"https:\/\/ifamnews.com\/de\/weltkongress-der-familien-bricht-teilnehmerrekord\" \/>\n<meta property=\"og:locale\" content=\"de_DE\" \/>\n<meta property=\"og:type\" content=\"article\" \/>\n<meta property=\"og:title\" content=\"Weltkongress der Familien bricht Teilnehmerrekord\" \/>\n<meta property=\"og:description\" content=\"Fast sechstausend Menschen nahmen am Weltkongress der Familien 2022 teil, was beachtlich ist und einen Rekord darstellt.\" \/>\n<meta property=\"og:url\" content=\"https:\/\/ifamnews.com\/de\/weltkongress-der-familien-bricht-teilnehmerrekord\" \/>\n<meta property=\"og:site_name\" content=\"IFN\" \/>\n<meta property=\"article:publisher\" content=\"https:\/\/www.facebook.com\/iFamNews\" \/>\n<meta property=\"article:author\" content=\"https:\/\/www.facebook.com\/iFamNews\/\" \/>\n<meta property=\"article:published_time\" content=\"2022-10-07T12:46:11+00:00\" \/>\n<meta property=\"article:modified_time\" content=\"2022-10-10T14:53:02+00:00\" \/>\n<meta property=\"og:image\" content=\"https:\/\/ifamnews.com\/wp-content\/uploads\/2022\/10\/Cardinal-and-Princess.png\" \/>\n\t<meta property=\"og:image:width\" content=\"1200\" \/>\n\t<meta property=\"og:image:height\" content=\"675\" \/>\n\t<meta property=\"og:image:type\" content=\"image\/png\" \/>\n<meta name=\"author\" content=\"IFN English\" \/>\n<meta name=\"twitter:card\" content=\"summary_large_image\" \/>\n<meta name=\"twitter:creator\" content=\"@https:\/\/twitter.com\/iFamNewsEN\" \/>\n<meta name=\"twitter:site\" content=\"@iFamNewsEN\" \/>\n<meta name=\"twitter:label1\" content=\"Verfasst von\" \/>\n\t<meta name=\"twitter:data1\" content=\"iFamNews Redaktion\" \/>\n\t<meta name=\"twitter:label2\" content=\"Gesch\u00e4tzte Lesezeit\" \/>\n\t<meta name=\"twitter:data2\" content=\"3\u00a0Minuten\" \/>\n<!-- \/ Yoast SEO Premium plugin. -->","yoast_head_json":{"title":"Weltkongress der Familien bricht Teilnehmerrekord - IFN","description":"Fast sechstausend Menschen nahmen am Weltkongress der Familien 2022 teil, was beachtlich ist und einen Rekord darstellt.","robots":{"index":"index","follow":"follow","max-snippet":"max-snippet:-1","max-image-preview":"max-image-preview:large","max-video-preview":"max-video-preview:-1"},"canonical":"https:\/\/ifamnews.com\/de\/weltkongress-der-familien-bricht-teilnehmerrekord","og_locale":"de_DE","og_type":"article","og_title":"Weltkongress der Familien bricht Teilnehmerrekord","og_description":"Fast sechstausend Menschen nahmen am Weltkongress der Familien 2022 teil, was beachtlich ist und einen Rekord darstellt.","og_url":"https:\/\/ifamnews.com\/de\/weltkongress-der-familien-bricht-teilnehmerrekord","og_site_name":"IFN","article_publisher":"https:\/\/www.facebook.com\/iFamNews","article_author":"https:\/\/www.facebook.com\/iFamNews\/","article_published_time":"2022-10-07T12:46:11+00:00","article_modified_time":"2022-10-10T14:53:02+00:00","og_image":[{"width":1200,"height":675,"url":"https:\/\/ifamnews.com\/wp-content\/uploads\/2022\/10\/Cardinal-and-Princess.png","type":"image\/png"}],"author":"IFN English","twitter_card":"summary_large_image","twitter_creator":"@https:\/\/twitter.com\/iFamNewsEN","twitter_site":"@iFamNewsEN","twitter_misc":{"Verfasst von":"iFamNews Redaktion","Gesch\u00e4tzte Lesezeit":"3\u00a0Minuten"},"schema":{"@context":"https:\/\/schema.org","@graph":[{"@type":"NewsArticle","@id":"https:\/\/ifamnews.com\/de\/weltkongress-der-familien-bricht-teilnehmerrekord#article","isPartOf":{"@id":"https:\/\/ifamnews.com\/de\/weltkongress-der-familien-bricht-teilnehmerrekord"},"author":{"name":"IFN English","@id":"https:\/\/ifamnews.com\/en\/#\/schema\/person\/633bdb7ac2496c9b9304ce62d071cdfa"},"headline":"Weltkongress der Familien bricht Teilnehmerrekord","datePublished":"2022-10-07T12:46:11+00:00","dateModified":"2022-10-10T14:53:02+00:00","mainEntityOfPage":{"@id":"https:\/\/ifamnews.com\/de\/weltkongress-der-familien-bricht-teilnehmerrekord"},"wordCount":465,"commentCount":0,"publisher":{"@id":"https:\/\/ifamnews.com\/en\/#organization"},"image":{"@id":"https:\/\/ifamnews.com\/de\/weltkongress-der-familien-bricht-teilnehmerrekord#primaryimage"},"thumbnailUrl":"https:\/\/ifamnews.com\/wp-content\/uploads\/2022\/10\/Cardinal-and-Princess.png","keywords":["Teilnehmer","Weltfamilienkongress","Weltkongress der Familien","XIV. Weltkongress der Familien"],"articleSection":["Breaking News","Familie","Vordergrund"],"inLanguage":"de","potentialAction":[{"@type":"CommentAction","name":"Comment","target":["https:\/\/ifamnews.com\/de\/weltkongress-der-familien-bricht-teilnehmerrekord#respond"]}]},{"@type":"WebPage","@id":"https:\/\/ifamnews.com\/de\/weltkongress-der-familien-bricht-teilnehmerrekord","url":"https:\/\/ifamnews.com\/de\/weltkongress-der-familien-bricht-teilnehmerrekord","name":"Weltkongress der Familien bricht Teilnehmerrekord - IFN","isPartOf":{"@id":"https:\/\/ifamnews.com\/en\/#website"},"primaryImageOfPage":{"@id":"https:\/\/ifamnews.com\/de\/weltkongress-der-familien-bricht-teilnehmerrekord#primaryimage"},"image":{"@id":"https:\/\/ifamnews.com\/de\/weltkongress-der-familien-bricht-teilnehmerrekord#primaryimage"},"thumbnailUrl":"https:\/\/ifamnews.com\/wp-content\/uploads\/2022\/10\/Cardinal-and-Princess.png","datePublished":"2022-10-07T12:46:11+00:00","dateModified":"2022-10-10T14:53:02+00:00","description":"Fast sechstausend Menschen nahmen am Weltkongress der Familien 2022 teil, was beachtlich ist und einen Rekord darstellt.","breadcrumb":{"@id":"https:\/\/ifamnews.com\/de\/weltkongress-der-familien-bricht-teilnehmerrekord#breadcrumb"},"inLanguage":"de","potentialAction":[{"@type":"ReadAction","target":["https:\/\/ifamnews.com\/de\/weltkongress-der-familien-bricht-teilnehmerrekord"]}]},{"@type":"ImageObject","inLanguage":"de","@id":"https:\/\/ifamnews.com\/de\/weltkongress-der-familien-bricht-teilnehmerrekord#primaryimage","url":"https:\/\/ifamnews.com\/wp-content\/uploads\/2022\/10\/Cardinal-and-Princess.png","contentUrl":"https:\/\/ifamnews.com\/wp-content\/uploads\/2022\/10\/Cardinal-and-Princess.png","width":1200,"height":675,"caption":"Kardinal Gerhard Ludwig M\u00fcller &amp; F\u00fcrstin Gloria von Thurn und Taxis - WCF XIV Mexiko"},{"@type":"BreadcrumbList","@id":"https:\/\/ifamnews.com\/de\/weltkongress-der-familien-bricht-teilnehmerrekord#breadcrumb","itemListElement":[{"@type":"ListItem","position":1,"name":"Home","item":"https:\/\/ifamnews.com\/de"},{"@type":"ListItem","position":2,"name":"\u041f\u043e\u0440\u043e\u0434\u0438\u0446\u0430","item":"https:\/\/ifamnews.com\/sr\/kategorija\/poroditsa"},{"@type":"ListItem","position":3,"name":"Weltkongress der Familien bricht Teilnehmerrekord"}]},{"@type":"WebSite","@id":"https:\/\/ifamnews.com\/en\/#website","url":"https:\/\/ifamnews.com\/en\/","name":"IFN","description":"International Family News Network","publisher":{"@id":"https:\/\/ifamnews.com\/en\/#organization"},"potentialAction":[{"@type":"SearchAction","target":{"@type":"EntryPoint","urlTemplate":"https:\/\/ifamnews.com\/en\/?s={search_term_string}"},"query-input":{"@type":"PropertyValueSpecification","valueRequired":true,"valueName":"search_term_string"}}],"inLanguage":"de"},{"@type":"Organization","@id":"https:\/\/ifamnews.com\/en\/#organization","name":"iFamNews","url":"https:\/\/ifamnews.com\/en\/","logo":{"@type":"ImageObject","inLanguage":"de","@id":"https:\/\/ifamnews.com\/en\/#\/schema\/logo\/image\/","url":"https:\/\/ifamnews.com\/wp-content\/uploads\/2020\/01\/Share-logo.png","contentUrl":"https:\/\/ifamnews.com\/wp-content\/uploads\/2020\/01\/Share-logo.png","width":200,"height":200,"caption":"iFamNews"},"image":{"@id":"https:\/\/ifamnews.com\/en\/#\/schema\/logo\/image\/"},"sameAs":["https:\/\/www.facebook.com\/iFamNews","https:\/\/x.com\/iFamNewsEN"]},{"@type":"Person","@id":"https:\/\/ifamnews.com\/en\/#\/schema\/person\/633bdb7ac2496c9b9304ce62d071cdfa","name":"IFN English","image":{"@type":"ImageObject","inLanguage":"de","@id":"https:\/\/secure.gravatar.com\/avatar\/6f16ce95b558ae6f6eb9ae2f68122482a2c61696af2a8fc343c2e10f981a959d?s=96&d=mm&r=g","url":"https:\/\/secure.gravatar.com\/avatar\/6f16ce95b558ae6f6eb9ae2f68122482a2c61696af2a8fc343c2e10f981a959d?s=96&d=mm&r=g","contentUrl":"https:\/\/secure.gravatar.com\/avatar\/6f16ce95b558ae6f6eb9ae2f68122482a2c61696af2a8fc343c2e10f981a959d?s=96&d=mm&r=g","caption":"IFN English"},"description":"Articles published by the English iFamNews editorial team.","sameAs":["https:\/\/ifamnews.com\/en","https:\/\/www.facebook.com\/iFamNews\/","https:\/\/x.com\/https:\/\/twitter.com\/iFamNewsEN","https:\/\/www.youtube.com\/channel\/UCMVyIt4z9BANW3d09kwfUpw"],"url":"https:\/\/ifamnews.com\/de\/author\/ifamnews-staff"}]}},"amp_enabled":true,"_links":{"self":[{"href":"https:\/\/ifamnews.com\/de\/wp-json\/wp\/v2\/posts\/164593","targetHints":{"allow":["GET"]}}],"collection":[{"href":"https:\/\/ifamnews.com\/de\/wp-json\/wp\/v2\/posts"}],"about":[{"href":"https:\/\/ifamnews.com\/de\/wp-json\/wp\/v2\/types\/post"}],"author":[{"embeddable":true,"href":"https:\/\/ifamnews.com\/de\/wp-json\/wp\/v2\/users\/593"}],"replies":[{"embeddable":true,"href":"https:\/\/ifamnews.com\/de\/wp-json\/wp\/v2\/comments?post=164593"}],"version-history":[{"count":5,"href":"https:\/\/ifamnews.com\/de\/wp-json\/wp\/v2\/posts\/164593\/revisions"}],"predecessor-version":[{"id":165786,"href":"https:\/\/ifamnews.com\/de\/wp-json\/wp\/v2\/posts\/164593\/revisions\/165786"}],"wp:featuredmedia":[{"embeddable":true,"href":"https:\/\/ifamnews.com\/de\/wp-json\/wp\/v2\/media\/165722"}],"wp:attachment":[{"href":"https:\/\/ifamnews.com\/de\/wp-json\/wp\/v2\/media?parent=164593"}],"wp:term":[{"taxonomy":"category","embeddable":true,"href":"https:\/\/ifamnews.com\/de\/wp-json\/wp\/v2\/categories?post=164593"},{"taxonomy":"post_tag","embeddable":true,"href":"https:\/\/ifamnews.com\/de\/wp-json\/wp\/v2\/tags?post=164593"}],"curies":[{"name":"wp","href":"https:\/\/api.w.org\/{rel}","templated":true}]}}