{"id":164586,"date":"2022-10-03T04:48:26","date_gmt":"2022-10-03T08:48:26","guid":{"rendered":"https:\/\/ifamnews.com\/?p=164586"},"modified":"2022-10-03T04:48:28","modified_gmt":"2022-10-03T08:48:28","slug":"papst-franziskus-botschaft-f-r-den-xiv-weltkongress-der-familien","status":"publish","type":"post","link":"https:\/\/ifamnews.com\/de\/papst-franziskus-botschaft-f-r-den-xiv-weltkongress-der-familien","title":{"rendered":"Papst Franziskus Botschaft f\u00fcr den XIV. Weltkongress der Familien"},"content":{"rendered":"\n<p><em>In einer am 28. September an die Apostolische Nuntiatur in Mexiko gesendeten Botschaft \u00fcbermittelte der vatikanische Staatssekret\u00e4r, Kardinal Pietro Parolin, die Zuneigung und Unterst\u00fctzung des Papstes anl\u00e4sslich des <a href=\"https:\/\/wcfmexico.org\/index.php\/home-en\/\" target=\"_blank\" rel=\"noreferrer noopener\"> XIV. Weltkongresses der Familien (WCF<\/a>). Der Text wurde w\u00e4hrend der Er\u00f6ffnungsplenarsitzung der WCF verlesen und &#8218;iFamNews&#8216; berichtet im Folgenden in italienischer \u00dcbersetzung aus dem Spanischen.<\/em><\/p>\n\n\n\n<p>Eure Eminenz,<\/p>\n\n\n\n<p>Im Auftrag des Staatssekretariats sende ich Ihnen die folgende Nachricht:<\/p>\n\n\n\n<p>&#8222;An Seine Eminenz Kardinal Carlos Aguiar Retes, Erzbischof [primate] von Mexiko<\/p>\n\n\n\n<p>Der Heilige Vater sendet Eurer Eminenz, den Teilnehmern und den Organisatoren des XIV. Weltkongresses der Familien, der vom 30. September bis zum 2. Oktober in Mexiko-Stadt stattfindet und sich mit dem Thema der Unterst\u00fctzung der Familie in dieser komplexen Welt befasst, seine herzlichen Gr\u00fc\u00dfe.<\/p>\n\n\n\n<p>Gott hat in seiner unendlichen und barmherzigen Liebe gewollt, dass die Familie eine Lebensgemeinschaft mit einer ausgepr\u00e4gten autonomen Koh\u00e4renz darstellt, eine Gemeinschaft von Menschen, die lieben, miteinander reden, sich f\u00fcr andere aufopfern und das Leben verteidigen, insbesondere das der Schw\u00e4chsten und Schw\u00e4chsten.<\/p>\n\n\n\n<p>Mit diesen Worten bittet Papst Franziskus, w\u00e4hrend er euch mit seinem Gebet begleitet, dass diese Tage der Besinnung ein Aufruf sind, die Familien mit F\u00fcrsorge und Zuneigung zu unterst\u00fctzen, besonders diejenigen, die in Schwierigkeiten sind, die gezwungen sind, ihre Heimat zu verlassen, die kein Zuhause oder keine Arbeit haben, oder die aus verschiedenen Gr\u00fcnden unter den Krisen leiden, die unsere Welt bedrohen.<\/p>\n\n\n\n<p class=\"has-text-align-right\">Kardinal Pietro Parolin, Staatssekret\u00e4r&#8220;.<\/p>\n\n\n\n<p>Ich nutze diese Gelegenheit, um Ihnen erneut meine Gl\u00fcckw\u00fcnsche auszusprechen, im Namen des Herrn<\/p>\n\n\n\n<p class=\"has-text-align-right\">Msgr. Roberto Lucchini, Gesch\u00e4ftstr\u00e4ger, <em>a.i<\/em>.<\/p>\n","protected":false},"excerpt":{"rendered":"<p>Die Botschaft des Heiligen Vaters anl\u00e4sslich der Er\u00f6ffnung in Mexiko-Stadt.<\/p>\n","protected":false},"author":46,"featured_media":163943,"comment_status":"open","ping_status":"open","sticky":false,"template":"","format":"standard","meta":{"give_campaign_id":0,"om_disable_all_campaigns":false,"_monsterinsights_skip_tracking":false,"_monsterinsights_sitenote_active":false,"_monsterinsights_sitenote_note":"","_monsterinsights_sitenote_category":0,"mc4wp_mailchimp_campaign":[],"jnews-multi-image_gallery":[],"jnews_single_post":{"subtitle":"Die Botschaft des Heiligen Vaters anl\u00e4sslich der Er\u00f6ffnung in Mexiko-Stadt","format":"standard","video":"","gallery":"","source_name":"","source_url":"","via_name":"","via_url":"","override_template":"0","override":[{"template":"2","single_blog_custom":"","parallax":"1","fullscreen":"1","layout":"right-sidebar-narrow","sidebar":"default-sidebar","second_sidebar":"default-sidebar","sticky_sidebar":"1","share_position":"float","share_float_style":"share-normal","show_share_counter":"1","show_view_counter":"1","show_featured":"1","show_post_meta":"1","show_post_author":"1","show_post_author_image":"1","show_post_date":"1","post_date_format":"default","post_date_format_custom":"Y\/m\/d","show_post_category":"1","show_post_reading_time":"1","post_reading_time_wpm":"300","show_zoom_button":"0","zoom_button_out_step":"2","zoom_button_in_step":"3","show_post_tag":"1","show_prev_next_post":"0","show_popup_post":"0","number_popup_post":"1","show_author_box":"1","show_post_related":"0","show_inline_post_related":"0"}],"override_image_size":"0","image_override":[{"single_post_thumbnail_size":"crop-715","single_post_gallery_size":"crop-715"}],"trending_post":"0","trending_post_position":"meta","trending_post_label":"Trending","sponsored_post":"0","sponsored_post_label":"Sponsored by","sponsored_post_name":"","sponsored_post_url":"","sponsored_post_logo_enable":"0","sponsored_post_logo":"","sponsored_post_desc":"","disable_ad":"0"},"jnews_primary_category":{"id":"770"},"jnews_social_meta":{"fb_title":"","fb_description":"","fb_image":"","twitter_title":"","twitter_description":"","twitter_image":""},"jnews_override_counter":{"override_view_counter":"0","view_counter_number":"0","override_share_counter":"0","share_counter_number":"0","override_like_counter":"0","like_counter_number":"0","override_dislike_counter":"0","dislike_counter_number":"0"},"footnotes":""},"categories":[816,770,811],"tags":[17055,17062,20480,20481,20482],"class_list":["post-164586","post","type-post","status-publish","format-standard","has-post-thumbnail","hentry","category-breaking-news-de","category-familie","category-foreground-de","tag-messico-it","tag-mexiko-de","tag-wcf-de-2","tag-weltkongress-der-familien","tag-xiv-weltkongress-der-familien"],"yoast_head":"<!-- This site is optimized with the Yoast SEO Premium plugin v25.9 (Yoast SEO v27.3) - https:\/\/yoast.com\/product\/yoast-seo-premium-wordpress\/ -->\n<title>Papst Franziskus Botschaft f\u00fcr den XIV. Weltkongress der Familien - &quot;iFamNews&quot;.<\/title>\n<meta name=\"description\" content=\"Die Botschaft des Heiligen Vaters anl\u00e4sslich der Er\u00f6ffnung der Arbeiten in Mexiko-Stadt, verlesen w\u00e4hrend der Plenarsitzung\" \/>\n<meta name=\"robots\" content=\"index, follow, max-snippet:-1, max-image-preview:large, max-video-preview:-1\" \/>\n<link rel=\"canonical\" href=\"https:\/\/ifamnews.com\/de\/papst-franziskus-botschaft-f-r-den-xiv-weltkongress-der-familien\" \/>\n<meta property=\"og:locale\" content=\"de_DE\" \/>\n<meta property=\"og:type\" content=\"article\" \/>\n<meta property=\"og:title\" content=\"Papst Franziskus Botschaft f\u00fcr den XIV. Weltkongress der Familien\" \/>\n<meta property=\"og:description\" content=\"Die Botschaft des Heiligen Vaters anl\u00e4sslich der Er\u00f6ffnung der Arbeiten in Mexiko-Stadt, verlesen w\u00e4hrend der Plenarsitzung\" \/>\n<meta property=\"og:url\" content=\"https:\/\/ifamnews.com\/de\/papst-franziskus-botschaft-f-r-den-xiv-weltkongress-der-familien\" \/>\n<meta property=\"og:site_name\" content=\"IFN\" \/>\n<meta property=\"article:publisher\" content=\"https:\/\/www.facebook.com\/iFamNews\" \/>\n<meta property=\"article:author\" content=\"https:\/\/www.facebook.com\/iFamNews\/\" \/>\n<meta property=\"article:published_time\" content=\"2022-10-03T08:48:26+00:00\" \/>\n<meta property=\"article:modified_time\" content=\"2022-10-03T08:48:28+00:00\" \/>\n<meta property=\"og:image\" content=\"https:\/\/ifamnews.com\/wp-content\/uploads\/2022\/10\/messaggio-a-nunziatura.png\" \/>\n\t<meta property=\"og:image:width\" content=\"593\" \/>\n\t<meta property=\"og:image:height\" content=\"726\" \/>\n\t<meta property=\"og:image:type\" content=\"image\/png\" \/>\n<meta name=\"author\" content=\"iFamNews Italia\" \/>\n<meta name=\"twitter:card\" content=\"summary_large_image\" \/>\n<meta name=\"twitter:creator\" content=\"@https:\/\/twitter.com\/iFamNewsIT\" \/>\n<meta name=\"twitter:site\" content=\"@iFamNewsEN\" \/>\n<meta name=\"twitter:label1\" content=\"Verfasst von\" \/>\n\t<meta name=\"twitter:data1\" content=\"IFN Italien\" \/>\n\t<meta name=\"twitter:label2\" content=\"Gesch\u00e4tzte Lesezeit\" \/>\n\t<meta name=\"twitter:data2\" content=\"2\u00a0Minuten\" \/>\n<!-- \/ Yoast SEO Premium plugin. -->","yoast_head_json":{"title":"Papst Franziskus Botschaft f\u00fcr den XIV. Weltkongress der Familien - \"iFamNews\".","description":"Die Botschaft des Heiligen Vaters anl\u00e4sslich der Er\u00f6ffnung der Arbeiten in Mexiko-Stadt, verlesen w\u00e4hrend der Plenarsitzung","robots":{"index":"index","follow":"follow","max-snippet":"max-snippet:-1","max-image-preview":"max-image-preview:large","max-video-preview":"max-video-preview:-1"},"canonical":"https:\/\/ifamnews.com\/de\/papst-franziskus-botschaft-f-r-den-xiv-weltkongress-der-familien","og_locale":"de_DE","og_type":"article","og_title":"Papst Franziskus Botschaft f\u00fcr den XIV. Weltkongress der Familien","og_description":"Die Botschaft des Heiligen Vaters anl\u00e4sslich der Er\u00f6ffnung der Arbeiten in Mexiko-Stadt, verlesen w\u00e4hrend der Plenarsitzung","og_url":"https:\/\/ifamnews.com\/de\/papst-franziskus-botschaft-f-r-den-xiv-weltkongress-der-familien","og_site_name":"IFN","article_publisher":"https:\/\/www.facebook.com\/iFamNews","article_author":"https:\/\/www.facebook.com\/iFamNews\/","article_published_time":"2022-10-03T08:48:26+00:00","article_modified_time":"2022-10-03T08:48:28+00:00","og_image":[{"width":593,"height":726,"url":"https:\/\/ifamnews.com\/wp-content\/uploads\/2022\/10\/messaggio-a-nunziatura.png","type":"image\/png"}],"author":"iFamNews Italia","twitter_card":"summary_large_image","twitter_creator":"@https:\/\/twitter.com\/iFamNewsIT","twitter_site":"@iFamNewsEN","twitter_misc":{"Verfasst von":"IFN Italien","Gesch\u00e4tzte Lesezeit":"2\u00a0Minuten"},"schema":{"@context":"https:\/\/schema.org","@graph":[{"@type":"NewsArticle","@id":"https:\/\/ifamnews.com\/de\/papst-franziskus-botschaft-f-r-den-xiv-weltkongress-der-familien#article","isPartOf":{"@id":"https:\/\/ifamnews.com\/de\/papst-franziskus-botschaft-f-r-den-xiv-weltkongress-der-familien"},"author":{"name":"iFamNews Italia","@id":"https:\/\/ifamnews.com\/en\/#\/schema\/person\/fafda7d79212f3690f4af10238556aac"},"headline":"Papst Franziskus Botschaft f\u00fcr den XIV. Weltkongress der Familien","datePublished":"2022-10-03T08:48:26+00:00","dateModified":"2022-10-03T08:48:28+00:00","mainEntityOfPage":{"@id":"https:\/\/ifamnews.com\/de\/papst-franziskus-botschaft-f-r-den-xiv-weltkongress-der-familien"},"wordCount":276,"commentCount":0,"publisher":{"@id":"https:\/\/ifamnews.com\/en\/#organization"},"image":{"@id":"https:\/\/ifamnews.com\/de\/papst-franziskus-botschaft-f-r-den-xiv-weltkongress-der-familien#primaryimage"},"thumbnailUrl":"https:\/\/ifamnews.com\/wp-content\/uploads\/2022\/10\/messaggio-a-nunziatura.png","keywords":["Messico","mexiko","WCF","Weltkongress der Familien","XIV. Weltkongress der Familien"],"articleSection":["Breaking News","Familie","Vordergrund"],"inLanguage":"de","potentialAction":[{"@type":"CommentAction","name":"Comment","target":["https:\/\/ifamnews.com\/de\/papst-franziskus-botschaft-f-r-den-xiv-weltkongress-der-familien#respond"]}]},{"@type":"WebPage","@id":"https:\/\/ifamnews.com\/de\/papst-franziskus-botschaft-f-r-den-xiv-weltkongress-der-familien","url":"https:\/\/ifamnews.com\/de\/papst-franziskus-botschaft-f-r-den-xiv-weltkongress-der-familien","name":"Papst Franziskus Botschaft f\u00fcr den XIV. Weltkongress der Familien - \"iFamNews\".","isPartOf":{"@id":"https:\/\/ifamnews.com\/en\/#website"},"primaryImageOfPage":{"@id":"https:\/\/ifamnews.com\/de\/papst-franziskus-botschaft-f-r-den-xiv-weltkongress-der-familien#primaryimage"},"image":{"@id":"https:\/\/ifamnews.com\/de\/papst-franziskus-botschaft-f-r-den-xiv-weltkongress-der-familien#primaryimage"},"thumbnailUrl":"https:\/\/ifamnews.com\/wp-content\/uploads\/2022\/10\/messaggio-a-nunziatura.png","datePublished":"2022-10-03T08:48:26+00:00","dateModified":"2022-10-03T08:48:28+00:00","description":"Die Botschaft des Heiligen Vaters anl\u00e4sslich der Er\u00f6ffnung der Arbeiten in Mexiko-Stadt, verlesen w\u00e4hrend der Plenarsitzung","breadcrumb":{"@id":"https:\/\/ifamnews.com\/de\/papst-franziskus-botschaft-f-r-den-xiv-weltkongress-der-familien#breadcrumb"},"inLanguage":"de","potentialAction":[{"@type":"ReadAction","target":["https:\/\/ifamnews.com\/de\/papst-franziskus-botschaft-f-r-den-xiv-weltkongress-der-familien"]}]},{"@type":"ImageObject","inLanguage":"de","@id":"https:\/\/ifamnews.com\/de\/papst-franziskus-botschaft-f-r-den-xiv-weltkongress-der-familien#primaryimage","url":"https:\/\/ifamnews.com\/wp-content\/uploads\/2022\/10\/messaggio-a-nunziatura.png","contentUrl":"https:\/\/ifamnews.com\/wp-content\/uploads\/2022\/10\/messaggio-a-nunziatura.png","width":593,"height":726},{"@type":"BreadcrumbList","@id":"https:\/\/ifamnews.com\/de\/papst-franziskus-botschaft-f-r-den-xiv-weltkongress-der-familien#breadcrumb","itemListElement":[{"@type":"ListItem","position":1,"name":"Home","item":"https:\/\/ifamnews.com\/de"},{"@type":"ListItem","position":2,"name":"Famiglia","item":"https:\/\/ifamnews.com\/it\/categoria\/famiglia"},{"@type":"ListItem","position":3,"name":"Papst Franziskus Botschaft f\u00fcr den XIV. Weltkongress der Familien"}]},{"@type":"WebSite","@id":"https:\/\/ifamnews.com\/en\/#website","url":"https:\/\/ifamnews.com\/en\/","name":"IFN","description":"International Family News Network","publisher":{"@id":"https:\/\/ifamnews.com\/en\/#organization"},"potentialAction":[{"@type":"SearchAction","target":{"@type":"EntryPoint","urlTemplate":"https:\/\/ifamnews.com\/en\/?s={search_term_string}"},"query-input":{"@type":"PropertyValueSpecification","valueRequired":true,"valueName":"search_term_string"}}],"inLanguage":"de"},{"@type":"Organization","@id":"https:\/\/ifamnews.com\/en\/#organization","name":"iFamNews","url":"https:\/\/ifamnews.com\/en\/","logo":{"@type":"ImageObject","inLanguage":"de","@id":"https:\/\/ifamnews.com\/en\/#\/schema\/logo\/image\/","url":"https:\/\/ifamnews.com\/wp-content\/uploads\/2020\/01\/Share-logo.png","contentUrl":"https:\/\/ifamnews.com\/wp-content\/uploads\/2020\/01\/Share-logo.png","width":200,"height":200,"caption":"iFamNews"},"image":{"@id":"https:\/\/ifamnews.com\/en\/#\/schema\/logo\/image\/"},"sameAs":["https:\/\/www.facebook.com\/iFamNews","https:\/\/x.com\/iFamNewsEN"]},{"@type":"Person","@id":"https:\/\/ifamnews.com\/en\/#\/schema\/person\/fafda7d79212f3690f4af10238556aac","name":"iFamNews Italia","image":{"@type":"ImageObject","inLanguage":"de","@id":"https:\/\/secure.gravatar.com\/avatar\/2e50539bc89809bc22a0b2bb9dc3d7f67ffd1e564e5461707f0153146f8c99b5?s=96&d=mm&r=g","url":"https:\/\/secure.gravatar.com\/avatar\/2e50539bc89809bc22a0b2bb9dc3d7f67ffd1e564e5461707f0153146f8c99b5?s=96&d=mm&r=g","contentUrl":"https:\/\/secure.gravatar.com\/avatar\/2e50539bc89809bc22a0b2bb9dc3d7f67ffd1e564e5461707f0153146f8c99b5?s=96&d=mm&r=g","caption":"iFamNews Italia"},"description":"Articles published by the Italian iFamNews editorial team.","sameAs":["https:\/\/ifamnews.com\/it","https:\/\/www.facebook.com\/iFamNews\/","https:\/\/x.com\/https:\/\/twitter.com\/iFamNewsIT","https:\/\/www.youtube.com\/channel\/UCMVyIt4z9BANW3d09kwfUpw"],"url":"https:\/\/ifamnews.com\/de\/author\/redazioneit"}]}},"amp_enabled":true,"_links":{"self":[{"href":"https:\/\/ifamnews.com\/de\/wp-json\/wp\/v2\/posts\/164586","targetHints":{"allow":["GET"]}}],"collection":[{"href":"https:\/\/ifamnews.com\/de\/wp-json\/wp\/v2\/posts"}],"about":[{"href":"https:\/\/ifamnews.com\/de\/wp-json\/wp\/v2\/types\/post"}],"author":[{"embeddable":true,"href":"https:\/\/ifamnews.com\/de\/wp-json\/wp\/v2\/users\/46"}],"replies":[{"embeddable":true,"href":"https:\/\/ifamnews.com\/de\/wp-json\/wp\/v2\/comments?post=164586"}],"version-history":[{"count":2,"href":"https:\/\/ifamnews.com\/de\/wp-json\/wp\/v2\/posts\/164586\/revisions"}],"predecessor-version":[{"id":164600,"href":"https:\/\/ifamnews.com\/de\/wp-json\/wp\/v2\/posts\/164586\/revisions\/164600"}],"wp:featuredmedia":[{"embeddable":true,"href":"https:\/\/ifamnews.com\/de\/wp-json\/wp\/v2\/media\/163943"}],"wp:attachment":[{"href":"https:\/\/ifamnews.com\/de\/wp-json\/wp\/v2\/media?parent=164586"}],"wp:term":[{"taxonomy":"category","embeddable":true,"href":"https:\/\/ifamnews.com\/de\/wp-json\/wp\/v2\/categories?post=164586"},{"taxonomy":"post_tag","embeddable":true,"href":"https:\/\/ifamnews.com\/de\/wp-json\/wp\/v2\/tags?post=164586"}],"curies":[{"name":"wp","href":"https:\/\/api.w.org\/{rel}","templated":true}]}}