{"id":160585,"date":"2022-09-17T01:00:00","date_gmt":"2022-09-17T05:00:00","guid":{"rendered":"https:\/\/ifamnews.com\/?p=160585"},"modified":"2022-09-13T16:46:06","modified_gmt":"2022-09-13T20:46:06","slug":"abtreibungszahlen-im-zweiten-quartal-2022-gestiegen","status":"publish","type":"post","link":"https:\/\/ifamnews.com\/de\/abtreibungszahlen-im-zweiten-quartal-2022-gestiegen","title":{"rendered":"Abtreibungszahlen im zweiten Quartal 2022 gestiegen"},"content":{"rendered":"\n<p>Im zweiten Quartal 2022 wurden in Deutschland rund 25.600 Kinder abgetrieben, <a href=\"https:\/\/www.destatis.de\/DE\/Presse\/Pressemitteilungen\/2022\/09\/PD22_384_233.html\">meldet<\/a> das Statistische Bundesamt. Demnach nahm die Zahl der Abtreibungen damit gegen\u00fcber dem zweiten Quartal des Vorjahres um 11,5 % zu.<\/p>\n\n\n\n<p>Das Alter der abtreibenden Frauen schl\u00fcsselt sich nach den Daten der Statistiker wie folgt auf: 69,8&nbsp;% der Frauen waren zwischen 18 und 34 Jahre alt, 18,8&nbsp;% zwischen 35 und 39 Jahre. 8,7&nbsp;% der Frauen waren 40 Jahre und \u00e4lter, 2,6&nbsp;% waren j\u00fcnger als 18 Jahre. Rund 42&nbsp;% der Frauen hatten vor dem Schwangerschaftsabbruch noch kein Kind zur Welt gebracht.<\/p>\n\n\n\n<p>96&nbsp;% der gemeldeten Abtreibungen wurden nach der Beratungsregelung vorgenommen. Eine Indikation aus medizinischen Gr\u00fcnden oder aufgrund von Sexualdelikten war in den \u00fcbrigen 4&nbsp;% der F\u00e4lle die Begr\u00fcndung f\u00fcr die Abtreibung. Die meisten Abtreibungen (50&nbsp;%) wurden mit der Absaugmethode durchgef\u00fchrt, bei 35&nbsp;% wurde medikament\u00f6s abgetrieben.<\/p>\n\n\n\n<p>In den Jahren 2021 und 2020 waren die Abtreibungszahlen gegen\u00fcber den Vorjahren r\u00fcckl\u00e4ufig gewesen, mit -5,4 % (2021 gegen\u00fcber 2020) und \u2013 0,9 % (2020 gegen\u00fcber 2019). Das Statistische Bundesamt konnte keine Erkl\u00e4rung f\u00fcr den fr\u00fcheren R\u00fcckgang und den jetzt starken Anstieg der Abtreibungszahlen machen.<\/p>\n\n\n\n<p>Dass die Statistiker nicht in der Lage seien, die R\u00fcckg\u00e4nge und aktuelle Zunahme zu erkl\u00e4ren, sei \u201ev\u00f6llig unbefriedigend und keineswegs hinnehmbar\u201c, <a href=\"https:\/\/www.alfa-ev.de\/alfa-fordert-untersuchung-steigender-abtreibungszahlen-kaminski-wir-brauchen-dringend-bessere-und-aussagekraeftigere-daten\/\">kommentierte<\/a> Cornelia Kaminski, die Bundesvorsitzende der ALfA, die Pressemitteilung des Bundesamts.<\/p>\n\n\n\n<p>\u201eWir brauchen dringend bessere und aussagekr\u00e4ftigere Daten. Nicht nur weil, sichergestellt werden muss, dass die Statistik das Abtreibungsgeschehen in Deutschland auch ann\u00e4hrend zutreffend abbildet, sondern auch, weil das Bundesverfassungsgericht dem Gesetzgeber eine Nachbesserungspflicht f\u00fcr den Fall auferlegt hat, dass die gesetzlichen Bestimmungen das Rechtsgut Leben nicht ausreichend sch\u00fctzen (Unterma\u00dfverbot).\u201c<\/p>\n\n\n\n<p>Kaminsiki weiter:<\/p>\n\n\n\n<p>\u201eWenn der Schutz des Lebens ungeborener Kinder, zu dem die Verfassung den Gesetzgeber nachdr\u00fccklich verpflichtet, kein blo\u00dfes Lippenbekenntnis bleiben soll, dann ist es einfach auch nicht akzeptabel, dass Politik und Gesellschaft auf einem so existentiellen Gebiet wie dem des Lebensschutzes inzwischen nahezu blind durch die Gegend navigieren. Daher muss die Datenerhebung den neuen Gegebenheiten angepasst und signifikant verbessert werden.\u201c<\/p>\n\n\n\n<p><strong><em>Die Lebens- und Familienrechtsbewegung interessiert Sie? Bleiben Sie immer auf dem neuesten Stand \u2013 abonnieren Sie unseren Newsletter! <\/em><\/strong><a href=\"https:\/\/ifamnews.com\/de\/abonnieren\/\"><strong><em>Registrieren Sie sich hier.<\/em><\/strong><\/a><strong><em> T\u00e4gliche Nachrichten aus den deutschsprachigen L\u00e4ndern und der ganzen Welt!<\/em><\/strong><\/p>\n","protected":false},"excerpt":{"rendered":"<p>Die Zahl der Abtreibungen nahm gegen\u00fcber dem Quartal des Vorjahres um 11,5 % zu. Die Statistiker gaben aber keine Erkl\u00e4rung f\u00fcr die starke Zunahme an.<\/p>\n","protected":false},"author":589,"featured_media":107053,"comment_status":"open","ping_status":"open","sticky":false,"template":"","format":"standard","meta":{"give_campaign_id":0,"om_disable_all_campaigns":false,"_monsterinsights_skip_tracking":false,"_monsterinsights_sitenote_active":false,"_monsterinsights_sitenote_note":"","_monsterinsights_sitenote_category":0,"mc4wp_mailchimp_campaign":[],"jnews-multi-image_gallery":[],"jnews_single_post":{"subtitle":"Die Zahl der Abtreibungen nahm gegen\u00fcber dem Quartal des Vorjahres um 11,5 % zu. Die Statistiker gaben aber keine Erkl\u00e4rung f\u00fcr die starke Zunahme an.","format":"standard","video":"","gallery":"","source_name":"","source_url":"","via_name":"","via_url":"","override_template":"0","override":[{"template":"2","single_blog_custom":"","parallax":"1","fullscreen":"1","layout":"right-sidebar-narrow","sidebar":"default-sidebar","second_sidebar":"default-sidebar","sticky_sidebar":"1","share_position":"float","share_float_style":"share-normal","show_share_counter":"1","show_view_counter":"1","show_featured":"1","show_post_meta":"1","show_post_author":"1","show_post_author_image":"1","show_post_date":"1","post_date_format":"default","post_date_format_custom":"Y\/m\/d","show_post_category":"1","show_post_reading_time":"1","post_reading_time_wpm":"300","show_zoom_button":"0","zoom_button_out_step":"2","zoom_button_in_step":"3","show_post_tag":"1","show_prev_next_post":"0","show_popup_post":"0","number_popup_post":"1","show_author_box":"1","show_post_related":"0","show_inline_post_related":"0"}],"override_image_size":"0","image_override":[{"single_post_thumbnail_size":"crop-715","single_post_gallery_size":"crop-715"}],"trending_post":"0","trending_post_position":"meta","trending_post_label":"Trending","sponsored_post":"0","sponsored_post_label":"Sponsored by","sponsored_post_name":"","sponsored_post_url":"","sponsored_post_logo_enable":"0","sponsored_post_logo":"","sponsored_post_desc":"","disable_ad":"0"},"jnews_primary_category":{"id":"820"},"jnews_social_meta":{"fb_title":"","fb_description":"","fb_image":"","twitter_title":"","twitter_description":"","twitter_image":""},"jnews_override_counter":{"override_view_counter":"0","view_counter_number":"0","override_share_counter":"0","share_counter_number":"0","override_like_counter":"0","like_counter_number":"0","override_dislike_counter":"0","dislike_counter_number":"0"},"footnotes":""},"categories":[816,820,811],"tags":[1906,13663,1670,9417],"class_list":["post-160585","post","type-post","status-publish","format-standard","has-post-thumbnail","hentry","category-breaking-news-de","category-leben","category-foreground-de","tag-abtreibung","tag-cornelia-kaminski-3","tag-lebensschutz-2","tag-statistisches-bundesamt"],"yoast_head":"<!-- This site is optimized with the Yoast SEO Premium plugin v25.9 (Yoast SEO v27.3) - https:\/\/yoast.com\/product\/yoast-seo-premium-wordpress\/ -->\n<title>Abtreibungszahlen im zweiten Quartal 2022 gestiegen - IFN<\/title>\n<meta name=\"robots\" content=\"index, follow, max-snippet:-1, max-image-preview:large, max-video-preview:-1\" \/>\n<link rel=\"canonical\" href=\"https:\/\/ifamnews.com\/de\/abtreibungszahlen-im-zweiten-quartal-2022-gestiegen\" \/>\n<meta property=\"og:locale\" content=\"de_DE\" \/>\n<meta property=\"og:type\" content=\"article\" \/>\n<meta property=\"og:title\" content=\"Abtreibungszahlen im zweiten Quartal 2022 gestiegen\" \/>\n<meta property=\"og:description\" content=\"Die Zahl der Abtreibungen nahm gegen\u00fcber dem Quartal des Vorjahres um 11,5 % zu. Die Statistiker gaben aber keine Erkl\u00e4rung f\u00fcr die starke Zunahme an.\" \/>\n<meta property=\"og:url\" content=\"https:\/\/ifamnews.com\/de\/abtreibungszahlen-im-zweiten-quartal-2022-gestiegen\" \/>\n<meta property=\"og:site_name\" content=\"IFN\" \/>\n<meta property=\"article:publisher\" content=\"https:\/\/www.facebook.com\/iFamNews\" \/>\n<meta property=\"article:published_time\" content=\"2022-09-17T05:00:00+00:00\" \/>\n<meta property=\"og:image\" content=\"https:\/\/ifamnews.com\/wp-content\/uploads\/2021\/11\/mother-g485632518_19201.jpg\" \/>\n\t<meta property=\"og:image:width\" content=\"1200\" \/>\n\t<meta property=\"og:image:height\" content=\"675\" \/>\n\t<meta property=\"og:image:type\" content=\"image\/jpeg\" \/>\n<meta name=\"author\" content=\"Johann R. Porter\" \/>\n<meta name=\"twitter:card\" content=\"summary_large_image\" \/>\n<meta name=\"twitter:creator\" content=\"@iFamNewsEN\" \/>\n<meta name=\"twitter:site\" content=\"@iFamNewsEN\" \/>\n<meta name=\"twitter:label1\" content=\"Verfasst von\" \/>\n\t<meta name=\"twitter:data1\" content=\"Johann R. Porter\" \/>\n\t<meta name=\"twitter:label2\" content=\"Gesch\u00e4tzte Lesezeit\" \/>\n\t<meta name=\"twitter:data2\" content=\"3\u00a0Minuten\" \/>\n<!-- \/ Yoast SEO Premium plugin. -->","yoast_head_json":{"title":"Abtreibungszahlen im zweiten Quartal 2022 gestiegen - IFN","robots":{"index":"index","follow":"follow","max-snippet":"max-snippet:-1","max-image-preview":"max-image-preview:large","max-video-preview":"max-video-preview:-1"},"canonical":"https:\/\/ifamnews.com\/de\/abtreibungszahlen-im-zweiten-quartal-2022-gestiegen","og_locale":"de_DE","og_type":"article","og_title":"Abtreibungszahlen im zweiten Quartal 2022 gestiegen","og_description":"Die Zahl der Abtreibungen nahm gegen\u00fcber dem Quartal des Vorjahres um 11,5 % zu. Die Statistiker gaben aber keine Erkl\u00e4rung f\u00fcr die starke Zunahme an.","og_url":"https:\/\/ifamnews.com\/de\/abtreibungszahlen-im-zweiten-quartal-2022-gestiegen","og_site_name":"IFN","article_publisher":"https:\/\/www.facebook.com\/iFamNews","article_published_time":"2022-09-17T05:00:00+00:00","og_image":[{"width":1200,"height":675,"url":"https:\/\/ifamnews.com\/wp-content\/uploads\/2021\/11\/mother-g485632518_19201.jpg","type":"image\/jpeg"}],"author":"Johann R. Porter","twitter_card":"summary_large_image","twitter_creator":"@iFamNewsEN","twitter_site":"@iFamNewsEN","twitter_misc":{"Verfasst von":"Johann R. Porter","Gesch\u00e4tzte Lesezeit":"3\u00a0Minuten"},"schema":{"@context":"https:\/\/schema.org","@graph":[{"@type":"NewsArticle","@id":"https:\/\/ifamnews.com\/de\/abtreibungszahlen-im-zweiten-quartal-2022-gestiegen#article","isPartOf":{"@id":"https:\/\/ifamnews.com\/de\/abtreibungszahlen-im-zweiten-quartal-2022-gestiegen"},"author":{"name":"Johann R. Porter","@id":"https:\/\/ifamnews.com\/en\/#\/schema\/person\/97c5fc10500c93e36c296295ba21a537"},"headline":"Abtreibungszahlen im zweiten Quartal 2022 gestiegen","datePublished":"2022-09-17T05:00:00+00:00","mainEntityOfPage":{"@id":"https:\/\/ifamnews.com\/de\/abtreibungszahlen-im-zweiten-quartal-2022-gestiegen"},"wordCount":369,"commentCount":0,"publisher":{"@id":"https:\/\/ifamnews.com\/en\/#organization"},"image":{"@id":"https:\/\/ifamnews.com\/de\/abtreibungszahlen-im-zweiten-quartal-2022-gestiegen#primaryimage"},"thumbnailUrl":"https:\/\/ifamnews.com\/wp-content\/uploads\/2021\/11\/mother-g485632518_19201.jpg","keywords":["Abtreibung","Cornelia Kaminski","Lebensschutz","Statistisches Bundesamt"],"articleSection":["Breaking News","Leben","Vordergrund"],"inLanguage":"de","potentialAction":[{"@type":"CommentAction","name":"Comment","target":["https:\/\/ifamnews.com\/de\/abtreibungszahlen-im-zweiten-quartal-2022-gestiegen#respond"]}]},{"@type":"WebPage","@id":"https:\/\/ifamnews.com\/de\/abtreibungszahlen-im-zweiten-quartal-2022-gestiegen","url":"https:\/\/ifamnews.com\/de\/abtreibungszahlen-im-zweiten-quartal-2022-gestiegen","name":"Abtreibungszahlen im zweiten Quartal 2022 gestiegen - IFN","isPartOf":{"@id":"https:\/\/ifamnews.com\/en\/#website"},"primaryImageOfPage":{"@id":"https:\/\/ifamnews.com\/de\/abtreibungszahlen-im-zweiten-quartal-2022-gestiegen#primaryimage"},"image":{"@id":"https:\/\/ifamnews.com\/de\/abtreibungszahlen-im-zweiten-quartal-2022-gestiegen#primaryimage"},"thumbnailUrl":"https:\/\/ifamnews.com\/wp-content\/uploads\/2021\/11\/mother-g485632518_19201.jpg","datePublished":"2022-09-17T05:00:00+00:00","breadcrumb":{"@id":"https:\/\/ifamnews.com\/de\/abtreibungszahlen-im-zweiten-quartal-2022-gestiegen#breadcrumb"},"inLanguage":"de","potentialAction":[{"@type":"ReadAction","target":["https:\/\/ifamnews.com\/de\/abtreibungszahlen-im-zweiten-quartal-2022-gestiegen"]}]},{"@type":"ImageObject","inLanguage":"de","@id":"https:\/\/ifamnews.com\/de\/abtreibungszahlen-im-zweiten-quartal-2022-gestiegen#primaryimage","url":"https:\/\/ifamnews.com\/wp-content\/uploads\/2021\/11\/mother-g485632518_19201.jpg","contentUrl":"https:\/\/ifamnews.com\/wp-content\/uploads\/2021\/11\/mother-g485632518_19201.jpg","width":1200,"height":675},{"@type":"BreadcrumbList","@id":"https:\/\/ifamnews.com\/de\/abtreibungszahlen-im-zweiten-quartal-2022-gestiegen#breadcrumb","itemListElement":[{"@type":"ListItem","position":1,"name":"Home","item":"https:\/\/ifamnews.com\/de"},{"@type":"ListItem","position":2,"name":"Leben","item":"https:\/\/ifamnews.com\/de\/kategorie\/leben"},{"@type":"ListItem","position":3,"name":"Abtreibungszahlen im zweiten Quartal 2022 gestiegen"}]},{"@type":"WebSite","@id":"https:\/\/ifamnews.com\/en\/#website","url":"https:\/\/ifamnews.com\/en\/","name":"IFN","description":"International Family News Network","publisher":{"@id":"https:\/\/ifamnews.com\/en\/#organization"},"potentialAction":[{"@type":"SearchAction","target":{"@type":"EntryPoint","urlTemplate":"https:\/\/ifamnews.com\/en\/?s={search_term_string}"},"query-input":{"@type":"PropertyValueSpecification","valueRequired":true,"valueName":"search_term_string"}}],"inLanguage":"de"},{"@type":"Organization","@id":"https:\/\/ifamnews.com\/en\/#organization","name":"iFamNews","url":"https:\/\/ifamnews.com\/en\/","logo":{"@type":"ImageObject","inLanguage":"de","@id":"https:\/\/ifamnews.com\/en\/#\/schema\/logo\/image\/","url":"https:\/\/ifamnews.com\/wp-content\/uploads\/2020\/01\/Share-logo.png","contentUrl":"https:\/\/ifamnews.com\/wp-content\/uploads\/2020\/01\/Share-logo.png","width":200,"height":200,"caption":"iFamNews"},"image":{"@id":"https:\/\/ifamnews.com\/en\/#\/schema\/logo\/image\/"},"sameAs":["https:\/\/www.facebook.com\/iFamNews","https:\/\/x.com\/iFamNewsEN"]},{"@type":"Person","@id":"https:\/\/ifamnews.com\/en\/#\/schema\/person\/97c5fc10500c93e36c296295ba21a537","name":"Johann R. Porter","image":{"@type":"ImageObject","inLanguage":"de","@id":"https:\/\/secure.gravatar.com\/avatar\/b295da437fcd0635c3fe53d90b9545df9d7b3b7681f3a87122ec5cef8870a293?s=96&d=mm&r=g","url":"https:\/\/secure.gravatar.com\/avatar\/b295da437fcd0635c3fe53d90b9545df9d7b3b7681f3a87122ec5cef8870a293?s=96&d=mm&r=g","contentUrl":"https:\/\/secure.gravatar.com\/avatar\/b295da437fcd0635c3fe53d90b9545df9d7b3b7681f3a87122ec5cef8870a293?s=96&d=mm&r=g","caption":"Johann R. Porter"},"description":"A German-speaking social scientist and worker in the pro-life movement. [This author writes under a pseudonym.]","url":"https:\/\/ifamnews.com\/de\/author\/jporter"}]}},"amp_enabled":true,"_links":{"self":[{"href":"https:\/\/ifamnews.com\/de\/wp-json\/wp\/v2\/posts\/160585","targetHints":{"allow":["GET"]}}],"collection":[{"href":"https:\/\/ifamnews.com\/de\/wp-json\/wp\/v2\/posts"}],"about":[{"href":"https:\/\/ifamnews.com\/de\/wp-json\/wp\/v2\/types\/post"}],"author":[{"embeddable":true,"href":"https:\/\/ifamnews.com\/de\/wp-json\/wp\/v2\/users\/589"}],"replies":[{"embeddable":true,"href":"https:\/\/ifamnews.com\/de\/wp-json\/wp\/v2\/comments?post=160585"}],"version-history":[{"count":1,"href":"https:\/\/ifamnews.com\/de\/wp-json\/wp\/v2\/posts\/160585\/revisions"}],"predecessor-version":[{"id":160586,"href":"https:\/\/ifamnews.com\/de\/wp-json\/wp\/v2\/posts\/160585\/revisions\/160586"}],"wp:featuredmedia":[{"embeddable":true,"href":"https:\/\/ifamnews.com\/de\/wp-json\/wp\/v2\/media\/107053"}],"wp:attachment":[{"href":"https:\/\/ifamnews.com\/de\/wp-json\/wp\/v2\/media?parent=160585"}],"wp:term":[{"taxonomy":"category","embeddable":true,"href":"https:\/\/ifamnews.com\/de\/wp-json\/wp\/v2\/categories?post=160585"},{"taxonomy":"post_tag","embeddable":true,"href":"https:\/\/ifamnews.com\/de\/wp-json\/wp\/v2\/tags?post=160585"}],"curies":[{"name":"wp","href":"https:\/\/api.w.org\/{rel}","templated":true}]}}