{"id":158491,"date":"2022-08-30T07:00:00","date_gmt":"2022-08-30T11:00:00","guid":{"rendered":"https:\/\/ifamnews.com\/?p=158491"},"modified":"2022-08-29T07:52:18","modified_gmt":"2022-08-29T11:52:18","slug":"schwules-paar-verhaftet-weil-es-kinder-f-r-pornografie-missbraucht-hat","status":"publish","type":"post","link":"https:\/\/ifamnews.com\/de\/schwules-paar-verhaftet-weil-es-kinder-f-r-pornografie-missbraucht-hat","title":{"rendered":"Schwules Paar verhaftet, weil es Kinder f\u00fcr Pornografie missbraucht hat"},"content":{"rendered":"\n<p>Zwei schwule M\u00e4nner wurden am 28. Juli in Georgia wegen schweren Kindesmissbrauchs und sexueller Ausbeutung von Kindern verhaftet.<\/p>\n\n\n\n<p>Nach einem Hinweis des Georgia Bureau of Investigations, dass einer der M\u00e4nner angeblich Material \u00fcber Kindesmissbrauch heruntergeladen hatte, f\u00fchrten die Beh\u00f6rden eine Razzia in der Wohnung der M\u00e4nner durch. Sie konnten Beweise daf\u00fcr erlangen, dass mindestens einer der M\u00e4nner obsz\u00f6ne Inhalte mit einem der Kinder gefilmt hat. &#8222;Bei der Vollstreckung des Durchsuchungsbefehls wurden Beweise daf\u00fcr gefunden, dass die beiden erwachsenen M\u00e4nner &#8211; die Adoptivv\u00e4ter des Geschwisterpaares, das in dem Haus wohnte &#8211; sexuelle \u00dcbergriffe begingen und dies auf Video dokumentierten&#8220;, so die WSCO.<\/p>\n\n\n\n<p>Sp\u00e4ter an diesem Tag wurde eine Razzia in einem Haus durchgef\u00fchrt, in dem die beiden M\u00e4nner und ihre Kinder vermutet wurden. Beide Jungen wurden gerettet und befinden sich derzeit in Sicherheit, und die beiden M\u00e4nner wurden am n\u00e4chsten Morgen ins Gef\u00e4ngnis gebracht.<\/p>\n\n\n\n<p><\/p>\n","protected":false},"excerpt":{"rendered":"<p>Zwei schwule M\u00e4nner wurden am 28. Juli in Georgia wegen schweren Kindesmissbrauchs und sexueller Ausbeutung von Kindern verhaftet.<\/p>\n","protected":false},"author":594,"featured_media":156216,"comment_status":"open","ping_status":"open","sticky":false,"template":"","format":"standard","meta":{"give_campaign_id":0,"om_disable_all_campaigns":false,"_monsterinsights_skip_tracking":false,"_monsterinsights_sitenote_active":false,"_monsterinsights_sitenote_note":"","_monsterinsights_sitenote_category":0,"mc4wp_mailchimp_campaign":[],"jnews-multi-image_gallery":[],"jnews_single_post":{"subtitle":"Zwei schwule M\u00e4nner wurden am 28. Juli in Georgia wegen schweren Kindesmissbrauchs und sexueller Ausbeutung von Kindern verhaftet.","format":"standard","video":"","gallery":"","source_name":"","source_url":"","via_name":"","via_url":"","override_template":"0","override":[{"template":"2","single_blog_custom":"","parallax":"1","fullscreen":"1","layout":"right-sidebar-narrow","sidebar":"default-sidebar","second_sidebar":"default-sidebar","sticky_sidebar":"1","share_position":"float","share_float_style":"share-normal","show_share_counter":"1","show_view_counter":"1","show_featured":"1","show_post_meta":"1","show_post_author":"1","show_post_author_image":"1","show_post_date":"1","post_date_format":"default","post_date_format_custom":"Y\/m\/d","show_post_category":"1","show_post_reading_time":"1","post_reading_time_wpm":"300","show_zoom_button":"0","zoom_button_out_step":"2","zoom_button_in_step":"3","show_post_tag":"1","show_prev_next_post":"0","show_popup_post":"0","number_popup_post":"1","show_author_box":"1","show_post_related":"0","show_inline_post_related":"0"}],"override_image_size":"0","image_override":[{"single_post_thumbnail_size":"crop-715","single_post_gallery_size":"crop-715"}],"trending_post":"0","trending_post_position":"meta","trending_post_label":"Trending","sponsored_post":"0","sponsored_post_label":"Sponsored by","sponsored_post_name":"","sponsored_post_url":"","sponsored_post_logo_enable":"0","sponsored_post_logo":"","sponsored_post_desc":"","disable_ad":"0"},"jnews_primary_category":{"id":"770"},"jnews_social_meta":{"fb_title":"","fb_description":"","fb_image":"","twitter_title":"","twitter_description":"","twitter_image":""},"jnews_override_counter":{"override_view_counter":"0","view_counter_number":"0","override_share_counter":"0","share_counter_number":"0","override_like_counter":"0","like_counter_number":"0","override_dislike_counter":"0","dislike_counter_number":"0"},"footnotes":""},"categories":[816,770,811],"tags":[20065,14150,6941,20066,8976],"class_list":["post-158491","post","type-post","status-publish","format-standard","has-post-thumbnail","hentry","category-breaking-news-de","category-familie","category-foreground-de","tag-homosexuelle-adoption","tag-kindesmissbrauch-de","tag-lgbt-ideologie","tag-schwule-maenner","tag-sexueller-missbrauch"],"yoast_head":"<!-- This site is optimized with the Yoast SEO Premium plugin v25.9 (Yoast SEO v27.3) - https:\/\/yoast.com\/product\/yoast-seo-premium-wordpress\/ -->\n<title>Schwules Paar verhaftet, weil es Kinder f\u00fcr Pornografie missbraucht hat - IFN<\/title>\n<meta name=\"description\" content=\"Zwei schwule M\u00e4nner wurden am 28. Juli in Georgia wegen schweren Kindesmissbrauchs und sexueller Ausbeutung von Kindern verhaftet.\" \/>\n<meta name=\"robots\" content=\"index, follow, max-snippet:-1, max-image-preview:large, max-video-preview:-1\" \/>\n<link rel=\"canonical\" href=\"https:\/\/ifamnews.com\/de\/schwules-paar-verhaftet-weil-es-kinder-f-r-pornografie-missbraucht-hat\" \/>\n<meta property=\"og:locale\" content=\"de_DE\" \/>\n<meta property=\"og:type\" content=\"article\" \/>\n<meta property=\"og:title\" content=\"Schwules Paar verhaftet, weil es Kinder f\u00fcr Pornografie missbraucht hat\" \/>\n<meta property=\"og:description\" content=\"Zwei schwule M\u00e4nner wurden am 28. Juli in Georgia wegen schweren Kindesmissbrauchs und sexueller Ausbeutung von Kindern verhaftet.\" \/>\n<meta property=\"og:url\" content=\"https:\/\/ifamnews.com\/de\/schwules-paar-verhaftet-weil-es-kinder-f-r-pornografie-missbraucht-hat\" \/>\n<meta property=\"og:site_name\" content=\"IFN\" \/>\n<meta property=\"article:publisher\" content=\"https:\/\/www.facebook.com\/iFamNews\" \/>\n<meta property=\"article:published_time\" content=\"2022-08-30T11:00:00+00:00\" \/>\n<meta property=\"og:image\" content=\"https:\/\/ifamnews.com\/wp-content\/uploads\/2022\/08\/Untitled-design-30.png\" \/>\n\t<meta property=\"og:image:width\" content=\"1200\" \/>\n\t<meta property=\"og:image:height\" content=\"675\" \/>\n\t<meta property=\"og:image:type\" content=\"image\/png\" \/>\n<meta name=\"author\" content=\"Brian Brown, Jr.\" \/>\n<meta name=\"twitter:card\" content=\"summary_large_image\" \/>\n<meta name=\"twitter:creator\" content=\"@iFamNewsEN\" \/>\n<meta name=\"twitter:site\" content=\"@iFamNewsEN\" \/>\n<meta name=\"twitter:label1\" content=\"Verfasst von\" \/>\n\t<meta name=\"twitter:data1\" content=\"Brian Brown, Jr.\" \/>\n\t<meta name=\"twitter:label2\" content=\"Gesch\u00e4tzte Lesezeit\" \/>\n\t<meta name=\"twitter:data2\" content=\"1\u00a0Minute\" \/>\n<!-- \/ Yoast SEO Premium plugin. -->","yoast_head_json":{"title":"Schwules Paar verhaftet, weil es Kinder f\u00fcr Pornografie missbraucht hat - IFN","description":"Zwei schwule M\u00e4nner wurden am 28. Juli in Georgia wegen schweren Kindesmissbrauchs und sexueller Ausbeutung von Kindern verhaftet.","robots":{"index":"index","follow":"follow","max-snippet":"max-snippet:-1","max-image-preview":"max-image-preview:large","max-video-preview":"max-video-preview:-1"},"canonical":"https:\/\/ifamnews.com\/de\/schwules-paar-verhaftet-weil-es-kinder-f-r-pornografie-missbraucht-hat","og_locale":"de_DE","og_type":"article","og_title":"Schwules Paar verhaftet, weil es Kinder f\u00fcr Pornografie missbraucht hat","og_description":"Zwei schwule M\u00e4nner wurden am 28. Juli in Georgia wegen schweren Kindesmissbrauchs und sexueller Ausbeutung von Kindern verhaftet.","og_url":"https:\/\/ifamnews.com\/de\/schwules-paar-verhaftet-weil-es-kinder-f-r-pornografie-missbraucht-hat","og_site_name":"IFN","article_publisher":"https:\/\/www.facebook.com\/iFamNews","article_published_time":"2022-08-30T11:00:00+00:00","og_image":[{"width":1200,"height":675,"url":"https:\/\/ifamnews.com\/wp-content\/uploads\/2022\/08\/Untitled-design-30.png","type":"image\/png"}],"author":"Brian Brown, Jr.","twitter_card":"summary_large_image","twitter_creator":"@iFamNewsEN","twitter_site":"@iFamNewsEN","twitter_misc":{"Verfasst von":"Brian Brown, Jr.","Gesch\u00e4tzte Lesezeit":"1\u00a0Minute"},"schema":{"@context":"https:\/\/schema.org","@graph":[{"@type":"NewsArticle","@id":"https:\/\/ifamnews.com\/de\/schwules-paar-verhaftet-weil-es-kinder-f-r-pornografie-missbraucht-hat#article","isPartOf":{"@id":"https:\/\/ifamnews.com\/de\/schwules-paar-verhaftet-weil-es-kinder-f-r-pornografie-missbraucht-hat"},"author":{"name":"Brian Brown, Jr.","@id":"https:\/\/ifamnews.com\/en\/#\/schema\/person\/eb211c3275f4deb5cbcfc4795ce45fc6"},"headline":"Schwules Paar verhaftet, weil es Kinder f\u00fcr Pornografie missbraucht hat","datePublished":"2022-08-30T11:00:00+00:00","mainEntityOfPage":{"@id":"https:\/\/ifamnews.com\/de\/schwules-paar-verhaftet-weil-es-kinder-f-r-pornografie-missbraucht-hat"},"wordCount":170,"commentCount":0,"publisher":{"@id":"https:\/\/ifamnews.com\/en\/#organization"},"image":{"@id":"https:\/\/ifamnews.com\/de\/schwules-paar-verhaftet-weil-es-kinder-f-r-pornografie-missbraucht-hat#primaryimage"},"thumbnailUrl":"https:\/\/ifamnews.com\/wp-content\/uploads\/2022\/08\/Untitled-design-30.png","keywords":["homosexuelle Adoption","Kindesmissbrauch","LGBT-Ideologie","schwule M\u00e4nner","Sexueller Missbrauch"],"articleSection":["Breaking News","Familie","Vordergrund"],"inLanguage":"de","potentialAction":[{"@type":"CommentAction","name":"Comment","target":["https:\/\/ifamnews.com\/de\/schwules-paar-verhaftet-weil-es-kinder-f-r-pornografie-missbraucht-hat#respond"]}]},{"@type":"WebPage","@id":"https:\/\/ifamnews.com\/de\/schwules-paar-verhaftet-weil-es-kinder-f-r-pornografie-missbraucht-hat","url":"https:\/\/ifamnews.com\/de\/schwules-paar-verhaftet-weil-es-kinder-f-r-pornografie-missbraucht-hat","name":"Schwules Paar verhaftet, weil es Kinder f\u00fcr Pornografie missbraucht hat - IFN","isPartOf":{"@id":"https:\/\/ifamnews.com\/en\/#website"},"primaryImageOfPage":{"@id":"https:\/\/ifamnews.com\/de\/schwules-paar-verhaftet-weil-es-kinder-f-r-pornografie-missbraucht-hat#primaryimage"},"image":{"@id":"https:\/\/ifamnews.com\/de\/schwules-paar-verhaftet-weil-es-kinder-f-r-pornografie-missbraucht-hat#primaryimage"},"thumbnailUrl":"https:\/\/ifamnews.com\/wp-content\/uploads\/2022\/08\/Untitled-design-30.png","datePublished":"2022-08-30T11:00:00+00:00","description":"Zwei schwule M\u00e4nner wurden am 28. Juli in Georgia wegen schweren Kindesmissbrauchs und sexueller Ausbeutung von Kindern verhaftet.","breadcrumb":{"@id":"https:\/\/ifamnews.com\/de\/schwules-paar-verhaftet-weil-es-kinder-f-r-pornografie-missbraucht-hat#breadcrumb"},"inLanguage":"de","potentialAction":[{"@type":"ReadAction","target":["https:\/\/ifamnews.com\/de\/schwules-paar-verhaftet-weil-es-kinder-f-r-pornografie-missbraucht-hat"]}]},{"@type":"ImageObject","inLanguage":"de","@id":"https:\/\/ifamnews.com\/de\/schwules-paar-verhaftet-weil-es-kinder-f-r-pornografie-missbraucht-hat#primaryimage","url":"https:\/\/ifamnews.com\/wp-content\/uploads\/2022\/08\/Untitled-design-30.png","contentUrl":"https:\/\/ifamnews.com\/wp-content\/uploads\/2022\/08\/Untitled-design-30.png","width":1200,"height":675},{"@type":"BreadcrumbList","@id":"https:\/\/ifamnews.com\/de\/schwules-paar-verhaftet-weil-es-kinder-f-r-pornografie-missbraucht-hat#breadcrumb","itemListElement":[{"@type":"ListItem","position":1,"name":"Home","item":"https:\/\/ifamnews.com\/de"},{"@type":"ListItem","position":2,"name":"\u041a\u0443\u043b\u0442\u0443\u0440\u0430","item":"https:\/\/ifamnews.com\/sr\/kategorija\/kultura-sr"},{"@type":"ListItem","position":3,"name":"Schwules Paar verhaftet, weil es Kinder f\u00fcr Pornografie missbraucht hat"}]},{"@type":"WebSite","@id":"https:\/\/ifamnews.com\/en\/#website","url":"https:\/\/ifamnews.com\/en\/","name":"IFN","description":"International Family News Network","publisher":{"@id":"https:\/\/ifamnews.com\/en\/#organization"},"potentialAction":[{"@type":"SearchAction","target":{"@type":"EntryPoint","urlTemplate":"https:\/\/ifamnews.com\/en\/?s={search_term_string}"},"query-input":{"@type":"PropertyValueSpecification","valueRequired":true,"valueName":"search_term_string"}}],"inLanguage":"de"},{"@type":"Organization","@id":"https:\/\/ifamnews.com\/en\/#organization","name":"iFamNews","url":"https:\/\/ifamnews.com\/en\/","logo":{"@type":"ImageObject","inLanguage":"de","@id":"https:\/\/ifamnews.com\/en\/#\/schema\/logo\/image\/","url":"https:\/\/ifamnews.com\/wp-content\/uploads\/2020\/01\/Share-logo.png","contentUrl":"https:\/\/ifamnews.com\/wp-content\/uploads\/2020\/01\/Share-logo.png","width":200,"height":200,"caption":"iFamNews"},"image":{"@id":"https:\/\/ifamnews.com\/en\/#\/schema\/logo\/image\/"},"sameAs":["https:\/\/www.facebook.com\/iFamNews","https:\/\/x.com\/iFamNewsEN"]},{"@type":"Person","@id":"https:\/\/ifamnews.com\/en\/#\/schema\/person\/eb211c3275f4deb5cbcfc4795ce45fc6","name":"Brian Brown, Jr.","image":{"@type":"ImageObject","inLanguage":"de","@id":"https:\/\/secure.gravatar.com\/avatar\/37743590c369d87e70348dd9f74f7c9eb0c8ac8e1b327f3f41660c645159f33e?s=96&d=mm&r=g","url":"https:\/\/secure.gravatar.com\/avatar\/37743590c369d87e70348dd9f74f7c9eb0c8ac8e1b327f3f41660c645159f33e?s=96&d=mm&r=g","contentUrl":"https:\/\/secure.gravatar.com\/avatar\/37743590c369d87e70348dd9f74f7c9eb0c8ac8e1b327f3f41660c645159f33e?s=96&d=mm&r=g","caption":"Brian Brown, Jr."},"description":"Brian Brown, Jr. is a recent graduate of Thomas Aquinas College, studying at the Columbus School of Law at CUA","url":"https:\/\/ifamnews.com\/de\/author\/bbrownjr"}]}},"amp_enabled":true,"_links":{"self":[{"href":"https:\/\/ifamnews.com\/de\/wp-json\/wp\/v2\/posts\/158491","targetHints":{"allow":["GET"]}}],"collection":[{"href":"https:\/\/ifamnews.com\/de\/wp-json\/wp\/v2\/posts"}],"about":[{"href":"https:\/\/ifamnews.com\/de\/wp-json\/wp\/v2\/types\/post"}],"author":[{"embeddable":true,"href":"https:\/\/ifamnews.com\/de\/wp-json\/wp\/v2\/users\/594"}],"replies":[{"embeddable":true,"href":"https:\/\/ifamnews.com\/de\/wp-json\/wp\/v2\/comments?post=158491"}],"version-history":[{"count":2,"href":"https:\/\/ifamnews.com\/de\/wp-json\/wp\/v2\/posts\/158491\/revisions"}],"predecessor-version":[{"id":158500,"href":"https:\/\/ifamnews.com\/de\/wp-json\/wp\/v2\/posts\/158491\/revisions\/158500"}],"wp:featuredmedia":[{"embeddable":true,"href":"https:\/\/ifamnews.com\/de\/wp-json\/wp\/v2\/media\/156216"}],"wp:attachment":[{"href":"https:\/\/ifamnews.com\/de\/wp-json\/wp\/v2\/media?parent=158491"}],"wp:term":[{"taxonomy":"category","embeddable":true,"href":"https:\/\/ifamnews.com\/de\/wp-json\/wp\/v2\/categories?post=158491"},{"taxonomy":"post_tag","embeddable":true,"href":"https:\/\/ifamnews.com\/de\/wp-json\/wp\/v2\/tags?post=158491"}],"curies":[{"name":"wp","href":"https:\/\/api.w.org\/{rel}","templated":true}]}}