{"id":154756,"date":"2022-08-02T01:00:00","date_gmt":"2022-08-02T05:00:00","guid":{"rendered":"https:\/\/ifamnews.com\/?p=154756"},"modified":"2022-07-25T10:54:49","modified_gmt":"2022-07-25T14:54:49","slug":"weltkongress-der-familien-in-mexiko-die-weichen-f-r-die-zukunft-stellen","status":"publish","type":"post","link":"https:\/\/ifamnews.com\/de\/weltkongress-der-familien-in-mexiko-die-weichen-f-r-die-zukunft-stellen","title":{"rendered":"Weltkongress der Familien in Mexiko: Die Weichen f\u00fcr die Zukunft stellen!"},"content":{"rendered":"\n<p>In einer Welt, in der die Feindseligkeit gegen\u00fcber der Familie zunimmt, ist der Weltkongress der Familien &#8211; das Vorzeigeprojekt der Internationalen Organisation f\u00fcr die Familie &#8211; nach wie vor ein Bollwerk. &#8222;Verteidiger der Familie aus der ganzen Welt&#8220;, erkl\u00e4rte IOF-Ehrenmitglied und Pr\u00e4sident Dallin H. Oaks, &#8222;m\u00fcssen auf dem Weltkongress der Familien zusammenkommen, um die Familie als erste soziale Institution und als Zentrum der Zivilisation an allen Orten wiederherzustellen.&#8220;<\/p>\n\n\n\n<p>Dass die Familie \u00fcberhaupt verteidigt werden muss, ist eine bemerkenswerte Tatsache, die die weisen Verfasser der Allgemeinen Erkl\u00e4rung der Menschenrechte von 1948 schockiert h\u00e4tte, die ausdr\u00fccklich anerkannten, dass &#8222;die Familie die nat\u00fcrliche und grundlegende Gruppeneinheit der Gesellschaft ist und Anspruch auf Schutz durch die Gesellschaft und den Staat hat&#8220;. Mehr als hundert L\u00e4nder folgten diesem Beispiel und nahmen \u00e4hnliche Bestimmungen in ihre nationalen Verfassungen auf.<\/p>\n\n\n\n<p>W\u00e4hrend diese Dokumente weiterhin von der unver\u00e4nderlichen Wahrheit \u00fcber die Familie zeugen, befindet sich die Gesellschaft heute in einem erbitterten Kampf um die Verteidigung dieser Wahrheit. &#8222;Ehe und Familie sind in der Krise&#8220;, erkl\u00e4rte Papst Franziskus. &#8222;Diese Revolution der Sitten und Gebr\u00e4uche hat oft die Fahne der Freiheit gehisst, aber in Wirklichkeit hat sie zahllosen Menschen geistige und materielle Verw\u00fcstung gebracht.&#8220;<\/p>\n\n\n\n<p>Mit den Worten von Pr\u00e4sident Russell M. Nelson: &#8222;Die Familie wird von allen Seiten angegriffen. Viele fragen sich, ob die Institution nicht mehr gebraucht wird. Unsere Antwort ist eindeutig. Wenn es irgendeine Hoffnung f\u00fcr die Zukunft der Nationen gibt, dann liegt diese Hoffnung in der Familie.&#8220; Er sprach auf unserem Weltkongress der Familien, der mit Abstand gr\u00f6\u00dften und einflussreichsten familienfreundlichen Versammlung der Welt.<\/p>\n\n\n\n<p>Der Weltkongress der Familien fand erstmals 1997 in Prag statt und wurde seitdem in Genf, Mexiko-Stadt, Warschau, Amsterdam, Madrid, Sydney, Salt Lake City, Tiflis, Budapest, Chisinau und Verona abgehalten. Nach einer kurzen, durch die Pandemie bedingten Unterbrechung wird sie nun im Herbst nach Mexiko-Stadt zur\u00fcckkehren und eine einmalige Gelegenheit zum Lernen, Austauschen, Vernetzen und Planen bieten.  <\/p>\n\n\n\n<p>Angesehene Kollegen aus der ganzen Welt bezeichnen den Weltkongress der Familien als &#8222;das herausragende globale Treffen von Wissenschaftlern, politischen Entscheidungstr\u00e4gern und Aktivisten, denen die nat\u00fcrliche Familie am Herzen liegt&#8220; (Austin Ruse, Pr\u00e4sident des katholischen Instituts f\u00fcr Familie und Menschenrechte), und als &#8222;eine Wiederbelebung des globalen Kampfes f\u00fcr die Verteidigung der nat\u00fcrlichen Familie&#8220; (Errol Naidoo, Gesch\u00e4ftsf\u00fchrer des s\u00fcdafrikanischen Family Policy Institute). &#8222;Die Gelegenheit, die der Weltkongress der Familien bietet, um sich mit den f\u00fchrenden Vertretern der weltweiten Familienbewegung zu vernetzen, ist sehr ermutigend&#8220; (Christine de Marcellus Vollmer, Pr\u00e4sidentin der Lateinamerikanischen Allianz f\u00fcr die Familie).<\/p>\n\n\n\n<p>An unseren Weltkongress in Tiflis, Georgien, richtete US-Pr\u00e4sident George W. Bush diese Botschaft: &#8222;Ich begr\u00fc\u00dfe Ihre Bem\u00fchungen, die Bedeutung von Familien beim Aufbau von Nationen zu erkennen. Ihre Arbeit verbessert viele Leben und macht die Welt besser. Kein Wunder, dass einige L\u00e4nder den Weltkongress sogar gesponsert haben, wie die Republik Moldau und Ungarn, dessen Katalin Nov\u00e1k nun als  <a href=\"https:\/\/ifamnews.com\/de\/ungarns-neue-pr-sidentin-und-ihre-vision-f-r-die-zukunft\" target=\"_blank\" rel=\"noreferrer noopener\">Pr\u00e4sident &#8211; erkl\u00e4rte,<\/a>warum: &#8222;Die Familie ist die Wiege und Erhalterin des Lebens, und es ist unsere Pflicht, sie zu sch\u00fctzen und zu st\u00e4rken&#8230;. F\u00fcr die ungarische Regierung ist die Familie der Grundstein f\u00fcr unsere Werteauswahl und die Richtschnur f\u00fcr unsere politischen Entscheidungen.&#8220;  <\/p>\n\n\n\n<p>Noch nie hat die Welt den Weltkongress der Familien so dringend gebraucht wie jetzt. Wir laden Sie herzlich ein, sich uns vom 30. September bis 2. Oktober in Mexiko-Stadt anzuschlie\u00dfen, um das zu verteidigen, was der Historiker Will Durant als &#8222;die ultimative Grundlage jeder bekannten Zivilisation&#8220; bezeichnete &#8211; die Familie. F\u00fcr weitere Informationen und die Anmeldung besuchen Sie bitte <a href=\"https:\/\/wcfmexico.org\/\" target=\"_blank\" rel=\"noreferrer noopener\">https:\/\/wcfmexico.org\/.<\/a><\/p>\n","protected":false},"excerpt":{"rendered":"<p>Noch nie hat die Welt den Weltkongress der Familien so dringend gebraucht wie jetzt, um das zu verteidigen, was der Historiker Will Durant als &#8222;die letzte Grundlage jeder bekannten Zivilisation&#8220; bezeichnete &#8211; die Familie.  <\/p>\n","protected":false},"author":30,"featured_media":153027,"comment_status":"open","ping_status":"open","sticky":false,"template":"","format":"standard","meta":{"give_campaign_id":0,"om_disable_all_campaigns":false,"_monsterinsights_skip_tracking":false,"_monsterinsights_sitenote_active":false,"_monsterinsights_sitenote_note":"","_monsterinsights_sitenote_category":0,"mc4wp_mailchimp_campaign":[],"jnews-multi-image_gallery":[],"jnews_single_post":{"subtitle":"Noch nie hat die Welt den Weltkongress der Familien so dringend gebraucht wie jetzt, um das zu verteidigen, was der Historiker Will Durant als \"die letzte Grundlage jeder bekannten Zivilisation\" bezeichnete - die Familie.  ","format":"standard","video":"","gallery":"","source_name":"","source_url":"","via_name":"","via_url":"","override":[{"template":"1","single_blog_custom":"","parallax":"1","fullscreen":"1","layout":"right-sidebar","sidebar":"default-sidebar","second_sidebar":"default-sidebar","sticky_sidebar":"1","share_position":"top","share_float_style":"share-monocrhome","show_share_counter":"1","show_view_counter":"1","show_featured":"1","show_post_meta":"1","show_post_author":"1","show_post_author_image":"1","show_post_date":"1","post_date_format":"default","post_date_format_custom":"Y\/m\/d","show_post_category":"1","post_reading_time_wpm":"300","zoom_button_out_step":"2","zoom_button_in_step":"3","show_post_tag":"1","show_prev_next_post":"1","show_popup_post":"1","number_popup_post":"1"}],"image_override":[{"single_post_thumbnail_size":"crop-500","single_post_gallery_size":"crop-500"}],"trending_post_position":"meta","trending_post_label":"Trending","sponsored_post_label":"Sponsored by","sponsored_post_name":"","sponsored_post_url":"","sponsored_post_logo":"","sponsored_post_desc":""},"jnews_primary_category":{"id":"767"},"jnews_social_meta":{"fb_title":"","fb_description":"","fb_image":"","twitter_title":"","twitter_description":"","twitter_image":""},"jnews_override_counter":{"view_counter_number":"0","share_counter_number":"0","like_counter_number":"0","dislike_counter_number":"0"},"footnotes":""},"categories":[816,767,811],"tags":[11178,6722,13205,18006,17062,18464,19746,9216],"class_list":["post-154756","post","type-post","status-publish","format-standard","has-post-thumbnail","hentry","category-breaking-news-de","category-meinung","category-foreground-de","tag-familienpolitik-de","tag-family-values-de","tag-iof-de","tag-katalin-novak-de-3","tag-mexiko-de","tag-naturliche-familie","tag-wcf-de","tag-world-congress-of-families-de"],"yoast_head":"<!-- This site is optimized with the Yoast SEO Premium plugin v25.9 (Yoast SEO v27.3) - https:\/\/yoast.com\/product\/yoast-seo-premium-wordpress\/ -->\n<title>Weltkongress der Familien in Mexiko: Die Weichen f\u00fcr die Zukunft stellen! - IFN<\/title>\n<meta name=\"description\" content=\"Noch nie hat die Welt den Weltkongress der Familien so dringend gebraucht wie jetzt, um das zu verteidigen, was der Historiker Will Durant als &quot;die letzte Grundlage jeder bekannten Zivilisation&quot; bezeichnete - die Familie.\" \/>\n<meta name=\"robots\" content=\"index, follow, max-snippet:-1, max-image-preview:large, max-video-preview:-1\" \/>\n<link rel=\"canonical\" href=\"https:\/\/ifamnews.com\/de\/weltkongress-der-familien-in-mexiko-die-weichen-f-r-die-zukunft-stellen\" \/>\n<meta property=\"og:locale\" content=\"de_DE\" \/>\n<meta property=\"og:type\" content=\"article\" \/>\n<meta property=\"og:title\" content=\"Weltkongress der Familien in Mexiko: Die Weichen f\u00fcr die Zukunft stellen!\" \/>\n<meta property=\"og:description\" content=\"Noch nie hat die Welt den Weltkongress der Familien so dringend gebraucht wie jetzt, um das zu verteidigen, was der Historiker Will Durant als &quot;die letzte Grundlage jeder bekannten Zivilisation&quot; bezeichnete - die Familie.\" \/>\n<meta property=\"og:url\" content=\"https:\/\/ifamnews.com\/de\/weltkongress-der-familien-in-mexiko-die-weichen-f-r-die-zukunft-stellen\" \/>\n<meta property=\"og:site_name\" content=\"IFN\" \/>\n<meta property=\"article:publisher\" content=\"https:\/\/www.facebook.com\/iFamNews\" \/>\n<meta property=\"article:published_time\" content=\"2022-08-02T05:00:00+00:00\" \/>\n<meta property=\"og:image\" content=\"https:\/\/ifamnews.com\/wp-content\/uploads\/2022\/07\/wcf-article-header.png\" \/>\n\t<meta property=\"og:image:width\" content=\"1200\" \/>\n\t<meta property=\"og:image:height\" content=\"675\" \/>\n\t<meta property=\"og:image:type\" content=\"image\/png\" \/>\n<meta name=\"author\" content=\"E. Douglas Clark\" \/>\n<meta name=\"twitter:card\" content=\"summary_large_image\" \/>\n<meta name=\"twitter:creator\" content=\"@iFamNewsEN\" \/>\n<meta name=\"twitter:site\" content=\"@iFamNewsEN\" \/>\n<meta name=\"twitter:label1\" content=\"Verfasst von\" \/>\n\t<meta name=\"twitter:data1\" content=\"E. Douglas Clark\" \/>\n\t<meta name=\"twitter:label2\" content=\"Gesch\u00e4tzte Lesezeit\" \/>\n\t<meta name=\"twitter:data2\" content=\"3\u00a0Minuten\" \/>\n<!-- \/ Yoast SEO Premium plugin. -->","yoast_head_json":{"title":"Weltkongress der Familien in Mexiko: Die Weichen f\u00fcr die Zukunft stellen! - IFN","description":"Noch nie hat die Welt den Weltkongress der Familien so dringend gebraucht wie jetzt, um das zu verteidigen, was der Historiker Will Durant als \"die letzte Grundlage jeder bekannten Zivilisation\" bezeichnete - die Familie.","robots":{"index":"index","follow":"follow","max-snippet":"max-snippet:-1","max-image-preview":"max-image-preview:large","max-video-preview":"max-video-preview:-1"},"canonical":"https:\/\/ifamnews.com\/de\/weltkongress-der-familien-in-mexiko-die-weichen-f-r-die-zukunft-stellen","og_locale":"de_DE","og_type":"article","og_title":"Weltkongress der Familien in Mexiko: Die Weichen f\u00fcr die Zukunft stellen!","og_description":"Noch nie hat die Welt den Weltkongress der Familien so dringend gebraucht wie jetzt, um das zu verteidigen, was der Historiker Will Durant als \"die letzte Grundlage jeder bekannten Zivilisation\" bezeichnete - die Familie.","og_url":"https:\/\/ifamnews.com\/de\/weltkongress-der-familien-in-mexiko-die-weichen-f-r-die-zukunft-stellen","og_site_name":"IFN","article_publisher":"https:\/\/www.facebook.com\/iFamNews","article_published_time":"2022-08-02T05:00:00+00:00","og_image":[{"width":1200,"height":675,"url":"https:\/\/ifamnews.com\/wp-content\/uploads\/2022\/07\/wcf-article-header.png","type":"image\/png"}],"author":"E. Douglas Clark","twitter_card":"summary_large_image","twitter_creator":"@iFamNewsEN","twitter_site":"@iFamNewsEN","twitter_misc":{"Verfasst von":"E. Douglas Clark","Gesch\u00e4tzte Lesezeit":"3\u00a0Minuten"},"schema":{"@context":"https:\/\/schema.org","@graph":[{"@type":"NewsArticle","@id":"https:\/\/ifamnews.com\/de\/weltkongress-der-familien-in-mexiko-die-weichen-f-r-die-zukunft-stellen#article","isPartOf":{"@id":"https:\/\/ifamnews.com\/de\/weltkongress-der-familien-in-mexiko-die-weichen-f-r-die-zukunft-stellen"},"author":{"name":"E. Douglas Clark","@id":"https:\/\/ifamnews.com\/en\/#\/schema\/person\/004a3a3e14cfb4420066c3d177785019"},"headline":"Weltkongress der Familien in Mexiko: Die Weichen f\u00fcr die Zukunft stellen!","datePublished":"2022-08-02T05:00:00+00:00","mainEntityOfPage":{"@id":"https:\/\/ifamnews.com\/de\/weltkongress-der-familien-in-mexiko-die-weichen-f-r-die-zukunft-stellen"},"wordCount":622,"commentCount":0,"publisher":{"@id":"https:\/\/ifamnews.com\/en\/#organization"},"image":{"@id":"https:\/\/ifamnews.com\/de\/weltkongress-der-familien-in-mexiko-die-weichen-f-r-die-zukunft-stellen#primaryimage"},"thumbnailUrl":"https:\/\/ifamnews.com\/wp-content\/uploads\/2022\/07\/wcf-article-header.png","keywords":["Familienpolitik","family values","IOF","Katalin Novak","mexiko","nat\u00fcrliche Familie","WCF","World Congress of Families"],"articleSection":["Breaking News","Meinung","Vordergrund"],"inLanguage":"de","potentialAction":[{"@type":"CommentAction","name":"Comment","target":["https:\/\/ifamnews.com\/de\/weltkongress-der-familien-in-mexiko-die-weichen-f-r-die-zukunft-stellen#respond"]}]},{"@type":"WebPage","@id":"https:\/\/ifamnews.com\/de\/weltkongress-der-familien-in-mexiko-die-weichen-f-r-die-zukunft-stellen","url":"https:\/\/ifamnews.com\/de\/weltkongress-der-familien-in-mexiko-die-weichen-f-r-die-zukunft-stellen","name":"Weltkongress der Familien in Mexiko: Die Weichen f\u00fcr die Zukunft stellen! - IFN","isPartOf":{"@id":"https:\/\/ifamnews.com\/en\/#website"},"primaryImageOfPage":{"@id":"https:\/\/ifamnews.com\/de\/weltkongress-der-familien-in-mexiko-die-weichen-f-r-die-zukunft-stellen#primaryimage"},"image":{"@id":"https:\/\/ifamnews.com\/de\/weltkongress-der-familien-in-mexiko-die-weichen-f-r-die-zukunft-stellen#primaryimage"},"thumbnailUrl":"https:\/\/ifamnews.com\/wp-content\/uploads\/2022\/07\/wcf-article-header.png","datePublished":"2022-08-02T05:00:00+00:00","description":"Noch nie hat die Welt den Weltkongress der Familien so dringend gebraucht wie jetzt, um das zu verteidigen, was der Historiker Will Durant als \"die letzte Grundlage jeder bekannten Zivilisation\" bezeichnete - die Familie.","breadcrumb":{"@id":"https:\/\/ifamnews.com\/de\/weltkongress-der-familien-in-mexiko-die-weichen-f-r-die-zukunft-stellen#breadcrumb"},"inLanguage":"de","potentialAction":[{"@type":"ReadAction","target":["https:\/\/ifamnews.com\/de\/weltkongress-der-familien-in-mexiko-die-weichen-f-r-die-zukunft-stellen"]}]},{"@type":"ImageObject","inLanguage":"de","@id":"https:\/\/ifamnews.com\/de\/weltkongress-der-familien-in-mexiko-die-weichen-f-r-die-zukunft-stellen#primaryimage","url":"https:\/\/ifamnews.com\/wp-content\/uploads\/2022\/07\/wcf-article-header.png","contentUrl":"https:\/\/ifamnews.com\/wp-content\/uploads\/2022\/07\/wcf-article-header.png","width":1200,"height":675},{"@type":"BreadcrumbList","@id":"https:\/\/ifamnews.com\/de\/weltkongress-der-familien-in-mexiko-die-weichen-f-r-die-zukunft-stellen#breadcrumb","itemListElement":[{"@type":"ListItem","position":1,"name":"Home","item":"https:\/\/ifamnews.com\/de"},{"@type":"ListItem","position":2,"name":"Familia","item":"https:\/\/ifamnews.com\/es\/categoria\/familia"},{"@type":"ListItem","position":3,"name":"Weltkongress der Familien in Mexiko: Die Weichen f\u00fcr die Zukunft stellen!"}]},{"@type":"WebSite","@id":"https:\/\/ifamnews.com\/en\/#website","url":"https:\/\/ifamnews.com\/en\/","name":"IFN","description":"International Family News Network","publisher":{"@id":"https:\/\/ifamnews.com\/en\/#organization"},"potentialAction":[{"@type":"SearchAction","target":{"@type":"EntryPoint","urlTemplate":"https:\/\/ifamnews.com\/en\/?s={search_term_string}"},"query-input":{"@type":"PropertyValueSpecification","valueRequired":true,"valueName":"search_term_string"}}],"inLanguage":"de"},{"@type":"Organization","@id":"https:\/\/ifamnews.com\/en\/#organization","name":"iFamNews","url":"https:\/\/ifamnews.com\/en\/","logo":{"@type":"ImageObject","inLanguage":"de","@id":"https:\/\/ifamnews.com\/en\/#\/schema\/logo\/image\/","url":"https:\/\/ifamnews.com\/wp-content\/uploads\/2020\/01\/Share-logo.png","contentUrl":"https:\/\/ifamnews.com\/wp-content\/uploads\/2020\/01\/Share-logo.png","width":200,"height":200,"caption":"iFamNews"},"image":{"@id":"https:\/\/ifamnews.com\/en\/#\/schema\/logo\/image\/"},"sameAs":["https:\/\/www.facebook.com\/iFamNews","https:\/\/x.com\/iFamNewsEN"]},{"@type":"Person","@id":"https:\/\/ifamnews.com\/en\/#\/schema\/person\/004a3a3e14cfb4420066c3d177785019","name":"E. Douglas Clark","image":{"@type":"ImageObject","inLanguage":"de","@id":"https:\/\/secure.gravatar.com\/avatar\/4f01991614cc9086457280e0279d7da9c1c6dd2774eca1bf16e9e24005c6feb0?s=96&d=mm&r=g","url":"https:\/\/secure.gravatar.com\/avatar\/4f01991614cc9086457280e0279d7da9c1c6dd2774eca1bf16e9e24005c6feb0?s=96&d=mm&r=g","contentUrl":"https:\/\/secure.gravatar.com\/avatar\/4f01991614cc9086457280e0279d7da9c1c6dd2774eca1bf16e9e24005c6feb0?s=96&d=mm&r=g","caption":"E. Douglas Clark"},"description":"E. Douglas Clark is an attorney and Director of UN and International Policy at the International Organization for the Family. For two decades Doug has been on the forefront of defending the family at the United Nations as a lobbyist and strategist, leading teams and consulting with policymakers in New York and around the world. His writings include the World Family Declaration and articles in The Natural Family: An International Journal of Research and Policy and Ave Maria International Law Journal. After earning MBA and JD degrees from Brigham Young University, he practiced banking law and served as director of content of the original Law.com.","url":"https:\/\/ifamnews.com\/de\/author\/dclarkifamnews-com"}]}},"amp_enabled":true,"_links":{"self":[{"href":"https:\/\/ifamnews.com\/de\/wp-json\/wp\/v2\/posts\/154756","targetHints":{"allow":["GET"]}}],"collection":[{"href":"https:\/\/ifamnews.com\/de\/wp-json\/wp\/v2\/posts"}],"about":[{"href":"https:\/\/ifamnews.com\/de\/wp-json\/wp\/v2\/types\/post"}],"author":[{"embeddable":true,"href":"https:\/\/ifamnews.com\/de\/wp-json\/wp\/v2\/users\/30"}],"replies":[{"embeddable":true,"href":"https:\/\/ifamnews.com\/de\/wp-json\/wp\/v2\/comments?post=154756"}],"version-history":[{"count":2,"href":"https:\/\/ifamnews.com\/de\/wp-json\/wp\/v2\/posts\/154756\/revisions"}],"predecessor-version":[{"id":154762,"href":"https:\/\/ifamnews.com\/de\/wp-json\/wp\/v2\/posts\/154756\/revisions\/154762"}],"wp:featuredmedia":[{"embeddable":true,"href":"https:\/\/ifamnews.com\/de\/wp-json\/wp\/v2\/media\/153027"}],"wp:attachment":[{"href":"https:\/\/ifamnews.com\/de\/wp-json\/wp\/v2\/media?parent=154756"}],"wp:term":[{"taxonomy":"category","embeddable":true,"href":"https:\/\/ifamnews.com\/de\/wp-json\/wp\/v2\/categories?post=154756"},{"taxonomy":"post_tag","embeddable":true,"href":"https:\/\/ifamnews.com\/de\/wp-json\/wp\/v2\/tags?post=154756"}],"curies":[{"name":"wp","href":"https:\/\/api.w.org\/{rel}","templated":true}]}}