{"id":154728,"date":"2022-08-12T01:00:00","date_gmt":"2022-08-12T05:00:00","guid":{"rendered":"https:\/\/ifamnews.com\/?p=154728"},"modified":"2022-07-25T11:22:40","modified_gmt":"2022-07-25T15:22:40","slug":"macrons-politik-unterst-tzt-das-verfassungsm-ige-recht-auf-abtreibung","status":"publish","type":"post","link":"https:\/\/ifamnews.com\/de\/macrons-politik-unterst-tzt-das-verfassungsm-ige-recht-auf-abtreibung","title":{"rendered":"Macrons Politik unterst\u00fctzt das \u201everfassungsm\u00e4\u00dfige Recht\u201c auf Abtreibung"},"content":{"rendered":"\n<p>Am Freitag, dem 24. Juni, um 19.24 Uhr wurde die Entscheidung des Obersten Gerichtshofs der Vereinigten Staaten \u00fcber die Aufhebung des  <em>\n  <a href=\"https:\/\/ifamnews.com\/it\/thank-you-scotus\" target=\"_blank\" rel=\"noreferrer noopener\">Roe v. Wade<\/a>\n<\/em> die Abtreibung in dem nordamerikanischen Land seit 1973 zu einem staatlichen &#8222;Recht&#8220; gemacht hat, twitterte der franz\u00f6sische Pr\u00e4sident Emmanuel Macron seine Emp\u00f6rung und Sorge.<\/p>\n\n\n\n<figure class=\"wp-block-embed aligncenter is-type-rich is-provider-twitter wp-block-embed-twitter\"><div class=\"wp-block-embed__wrapper\">\n<blockquote class=\"twitter-tweet\" data-width=\"500\" data-dnt=\"true\"><p lang=\"fr\" dir=\"ltr\">L&#39;avortement est un droit fondamental pour toutes les femmes. Il faut le prot\u00e9ger. J\u2019exprime ma solidarit\u00e9 avec les femmes dont les libert\u00e9s sont aujourd\u2019hui remises en cause par la Cour supr\u00eame des \u00c9tats-Unis d\u2019Am\u00e9rique.<\/p>&mdash; Emmanuel Macron (@EmmanuelMacron) <a href=\"https:\/\/twitter.com\/EmmanuelMacron\/status\/1540385276350046208?ref_src=twsrc%5Etfw\">June 24, 2022<\/a><\/blockquote><script async src=\"https:\/\/platform.twitter.com\/widgets.js\" charset=\"utf-8\"><\/script>\n<\/div><figcaption><a href=\"https:\/\/twitter.com\/EmmanuelMacron\/status\/1540385276350046208\">Aus dem Twitter-Profil von Pr\u00e4sident Emmanuel Macron<\/a><\/figcaption><\/figure>\n\n\n\n<p><a href=\"https:\/\/www.lemonde.fr\/politique\/article\/2022\/06\/25\/la-nupes-et-renaissance-annoncent-le-depot-d-une-proposition-de-loi-pour-inscrire-le-droit-a-l-avortement-dans-la-constitution_6132009_823448.html\" target=\"_blank\" rel=\"noreferrer noopener\">Er brachte seine Solidarit\u00e4t mit den Frauen in den Vereinigten Staaten von Amerika zum Ausdruck<\/a>, die seiner Meinung nach eines &#8222;Grundrechts&#8220; beraubt sind, n\u00e4mlich das Kind zu unterdr\u00fccken, das sie austragen.<\/p>\n\n\n\n<p>Am n\u00e4chsten Tag k\u00fcndigte Aurore Berg\u00e9, Vorsitzende der <a href=\"https:\/\/www2.assemblee-nationale.fr\/16\/les-groupes-politiques\/renaissance\/(block)\/123156\" target=\"_blank\" rel=\"noreferrer noopener\">Fraktion<\/a> <a href=\"https:\/\/www2.assemblee-nationale.fr\/16\/les-groupes-politiques\/renaissance\/(block)\/123156\" target=\"_blank\" rel=\"noreferrer noopener\">Renaissance<\/a> (RE) in der Nationalversammlung, an, einen Gesetzentwurf einzubringen, der das Recht auf Abtreibung sogar in der <em>Verfassung<\/em> der Franz\u00f6sischen Republik verankern w\u00fcrde.<\/p>\n\n\n\n<p>Die Politiker reagierten enthusiastisch, und die Ministerpr\u00e4sidentin <a href=\"https:\/\/twitter.com\/Elisabeth_Borne\/status\/1540642635894996992?ref_src=twsrc%5Etfw%7Ctwcamp%5Etweetembed%7Ctwterm%5E1540642635894996992%7Ctwgr%5E%7Ctwcon%5Es1_&amp;ref_url=https:\/\/www.lefigaro.fr\/politique\/avortement-lrem-va-deposer-une-proposition-de-loi-pour-inscrire-le-respect-de-l-ivg-dans-la-constitution-20220625\" target=\"_blank\" rel=\"noreferrer noopener\">Elisabeth Borne (TDP) erkl\u00e4rte in einem <em>Tweet<\/em><\/a>, dass &#8222;die Regierung diesen Gesetzentwurf nachdr\u00fccklich unterst\u00fctzen wird&#8220;.<\/p>\n\n\n\n<p>Mathilde Panot, Vorsitzende der linksextremen Partei La France Insoumise (FI) im Palais Bourbon, k\u00fcndigte ihrerseits an, dass sie ebenfalls an einem entsprechenden Gesetzentwurf arbeiten werde.  <a href=\"https:\/\/espresso.repubblica.it\/mondo\/2022\/06\/19\/news\/elezioni_in_francia_sinistra_di_jeanluc_melenchon-354669382\/\" target=\"_blank\" rel=\"noreferrer noopener\">Koalition, die k\u00fcrzlich vom Gr\u00fcnder und <em>Vorsitzenden<\/em> seiner Partei Jean-Luc M\u00e9lenchon gebildet wurde<\/a>die Nouvelle Union populaire \u00e9cologique et sociale (NUPES)<strong>)<\/strong>, die am 1. Mai von der Linken und den Gr\u00fcnen gegr\u00fcndet wurde.<\/p>\n\n\n\n<p>Ebenfalls auf der rechten Seite <a href=\"https:\/\/twitter.com\/J_Bardella\/status\/1540738721053437954\" target=\"_blank\" rel=\"noreferrer noopener\">ver\u00f6ffentlichte<\/a> der Vorsitzende des Rassemblement National (RN), <a href=\"https:\/\/twitter.com\/J_Bardella\/status\/1540738721053437954\" target=\"_blank\" rel=\"noreferrer noopener\">Jordan Bardella, einen <em>Beitrag<\/em><\/a> auf Twitter, in dem er erkl\u00e4rte, dass &#8222;keine ernstzunehmende politische Bewegung in Frankreich das Veil-Gesetz in Frage stellt&#8220;, wobei er sich auf die ehemalige Gesundheitsministerin Simone Veil bezog, die 1975 die Abtreibung in Frankreich legalisierte.  <\/p>\n\n\n\n<p>Was die \u00f6ffentliche Meinung betrifft,  <a href=\"https:\/\/www.lejdd.fr\/Societe\/sondage-ivg-une-majorite-des-francais-favorables-a-lallongement-du-delai-4036095\" target=\"_blank\" rel=\"noreferrer noopener\">Eine im April 2021 im Auftrag der Frauenstiftung durchgef\u00fchrte Studie<\/a> zeigt, dass die Mehrheit der Franzosen, etwa 93 Prozent, vom Recht der Frauen auf Zugang zur Abtreibung \u00fcberzeugt ist, w\u00e4hrend 81 Prozent sogar der Meinung sind, dass dieser Zugang weiter verbessert werden sollte.  <a href=\"https:\/\/www.euractiv.com\/section\/politics\/short_news\/france-finds-cross-party-support-for-constitutional-right-to-abortion\/\" target=\"_blank\" rel=\"noreferrer noopener\">diesen Bericht, der von den allgemeinen <em>Medien<\/em> in den Alpen und dar\u00fcber hinaus verbreitet wird<\/a>.<\/p>\n\n\n\n<p>Bleibt noch hinzuzuf\u00fcgen, dass Frankreich \u00fcber ein abschreckendes <a href=\"https:\/\/ifamnews.com\/de\/leihmutterschafts-legalisierung-in-frankreich-anfang-einer-europaweiten-kampagne-\" target=\"_blank\" rel=\"noreferrer noopener\">Bioethikgesetz<\/a> verf\u00fcgt, <a href=\"https:\/\/ifamnews.com\/it?s=Francia+legge+bioetica\" target=\"_blank\" rel=\"noreferrer noopener\">\u00fcber das &#8222;iFamNews&#8220; mehrfach berichtet<\/a> hat und in dem die Wahlabtreibung einen weiten Spielraum und eine praktisch unbegrenzte Anwendung findet. Kein Wunder also, dass die hysterische Reaktion gegen das US-Urteil so gro\u00df ist.<\/p>\n","protected":false},"excerpt":{"rendered":"<p>Als Reaktion auf das Urteil des Obersten Gerichtshofs der USA unterst\u00fctzen die Abgeordneten der Nationalversammlung den Pr\u00e4sidenten und bereiten einen Gesetzentwurf vor.<\/p>\n","protected":false},"author":46,"featured_media":151399,"comment_status":"open","ping_status":"open","sticky":false,"template":"","format":"standard","meta":{"give_campaign_id":0,"om_disable_all_campaigns":false,"_monsterinsights_skip_tracking":false,"_monsterinsights_sitenote_active":false,"_monsterinsights_sitenote_note":"","_monsterinsights_sitenote_category":0,"mc4wp_mailchimp_campaign":[],"jnews-multi-image_gallery":[],"jnews_single_post":{"subtitle":"Als Reaktion auf das Urteil des Obersten Gerichtshofs der USA unterst\u00fctzen die Abgeordneten der Nationalversammlung den Pr\u00e4sidenten und bereiten einen Gesetzentwurf vor.","format":"standard","video":"","gallery":"","source_name":"","source_url":"","via_name":"","via_url":"","override":[{"template":"1","single_blog_custom":"","parallax":"1","fullscreen":"1","layout":"right-sidebar","sidebar":"default-sidebar","second_sidebar":"default-sidebar","sticky_sidebar":"1","share_position":"top","share_float_style":"share-monocrhome","show_share_counter":"1","show_view_counter":"1","show_featured":"1","show_post_meta":"1","show_post_author":"1","show_post_author_image":"1","show_post_date":"1","post_date_format":"default","post_date_format_custom":"Y\/m\/d","show_post_category":"1","post_reading_time_wpm":"300","zoom_button_out_step":"2","zoom_button_in_step":"3","show_post_tag":"1","show_prev_next_post":"1","show_popup_post":"1","number_popup_post":"1"}],"image_override":[{"single_post_thumbnail_size":"crop-500","single_post_gallery_size":"crop-500"}],"trending_post_position":"meta","trending_post_label":"Trending","sponsored_post_label":"Sponsored by","sponsored_post_name":"","sponsored_post_url":"","sponsored_post_logo":"","sponsored_post_desc":""},"jnews_primary_category":{"id":"768"},"jnews_social_meta":{"fb_title":"","fb_description":"","fb_image":"","twitter_title":"","twitter_description":"","twitter_image":""},"jnews_override_counter":{"view_counter_number":"0","share_counter_number":"0","like_counter_number":"0","dislike_counter_number":"0"},"footnotes":""},"categories":[816,768,811],"tags":[9388,6950,16765,17061],"class_list":["post-154728","post","type-post","status-publish","format-standard","has-post-thumbnail","hentry","category-breaking-news-de","category-politik","category-foreground-de","tag-aborto-de","tag-francia-de","tag-recht-auf-leben-de","tag-roe-v-wade-de"],"yoast_head":"<!-- This site is optimized with the Yoast SEO Premium plugin v25.9 (Yoast SEO v27.3) - https:\/\/yoast.com\/product\/yoast-seo-premium-wordpress\/ -->\n<title>Macrons Politik unterst\u00fctzt das \u201everfassungsm\u00e4\u00dfige Recht\u201c auf Abtreibung - &quot;iFamNews&quot;<\/title>\n<meta name=\"description\" content=\"Als Reaktion auf das Urteil des Obersten Gerichtshofs der USA unterst\u00fctzen die Abgeordneten der Nationalversammlung den Pr\u00e4sidenten und bereiten einen Gesetzentwurf vor.\" \/>\n<meta name=\"robots\" content=\"index, follow, max-snippet:-1, max-image-preview:large, max-video-preview:-1\" \/>\n<link rel=\"canonical\" href=\"https:\/\/ifamnews.com\/de\/macrons-politik-unterst-tzt-das-verfassungsm-ige-recht-auf-abtreibung\" \/>\n<meta property=\"og:locale\" content=\"de_DE\" \/>\n<meta property=\"og:type\" content=\"article\" \/>\n<meta property=\"og:title\" content=\"Macrons Politik unterst\u00fctzt das \u201everfassungsm\u00e4\u00dfige Recht\u201c auf Abtreibung\" \/>\n<meta property=\"og:description\" content=\"Als Reaktion auf das Urteil des Obersten Gerichtshofs der USA unterst\u00fctzen die Abgeordneten der Nationalversammlung den Pr\u00e4sidenten und bereiten einen Gesetzentwurf vor.\" \/>\n<meta property=\"og:url\" content=\"https:\/\/ifamnews.com\/de\/macrons-politik-unterst-tzt-das-verfassungsm-ige-recht-auf-abtreibung\" \/>\n<meta property=\"og:site_name\" content=\"IFN\" \/>\n<meta property=\"article:publisher\" content=\"https:\/\/www.facebook.com\/iFamNews\" \/>\n<meta property=\"article:author\" content=\"https:\/\/www.facebook.com\/iFamNews\/\" \/>\n<meta property=\"article:published_time\" content=\"2022-08-12T05:00:00+00:00\" \/>\n<meta property=\"og:image\" content=\"https:\/\/ifamnews.com\/wp-content\/uploads\/2022\/07\/86d9b859201bc3e9617f21e69d3fee.jpg\" \/>\n\t<meta property=\"og:image:width\" content=\"1200\" \/>\n\t<meta property=\"og:image:height\" content=\"675\" \/>\n\t<meta property=\"og:image:type\" content=\"image\/jpeg\" \/>\n<meta name=\"author\" content=\"iFamNews Italia\" \/>\n<meta name=\"twitter:card\" content=\"summary_large_image\" \/>\n<meta name=\"twitter:creator\" content=\"@https:\/\/twitter.com\/iFamNewsIT\" \/>\n<meta name=\"twitter:site\" content=\"@iFamNewsEN\" \/>\n<meta name=\"twitter:label1\" content=\"Verfasst von\" \/>\n\t<meta name=\"twitter:data1\" content=\"IFN Italien\" \/>\n\t<meta name=\"twitter:label2\" content=\"Gesch\u00e4tzte Lesezeit\" \/>\n\t<meta name=\"twitter:data2\" content=\"2\u00a0Minuten\" \/>\n<!-- \/ Yoast SEO Premium plugin. -->","yoast_head_json":{"title":"Macrons Politik unterst\u00fctzt das \u201everfassungsm\u00e4\u00dfige Recht\u201c auf Abtreibung - \"iFamNews\"","description":"Als Reaktion auf das Urteil des Obersten Gerichtshofs der USA unterst\u00fctzen die Abgeordneten der Nationalversammlung den Pr\u00e4sidenten und bereiten einen Gesetzentwurf vor.","robots":{"index":"index","follow":"follow","max-snippet":"max-snippet:-1","max-image-preview":"max-image-preview:large","max-video-preview":"max-video-preview:-1"},"canonical":"https:\/\/ifamnews.com\/de\/macrons-politik-unterst-tzt-das-verfassungsm-ige-recht-auf-abtreibung","og_locale":"de_DE","og_type":"article","og_title":"Macrons Politik unterst\u00fctzt das \u201everfassungsm\u00e4\u00dfige Recht\u201c auf Abtreibung","og_description":"Als Reaktion auf das Urteil des Obersten Gerichtshofs der USA unterst\u00fctzen die Abgeordneten der Nationalversammlung den Pr\u00e4sidenten und bereiten einen Gesetzentwurf vor.","og_url":"https:\/\/ifamnews.com\/de\/macrons-politik-unterst-tzt-das-verfassungsm-ige-recht-auf-abtreibung","og_site_name":"IFN","article_publisher":"https:\/\/www.facebook.com\/iFamNews","article_author":"https:\/\/www.facebook.com\/iFamNews\/","article_published_time":"2022-08-12T05:00:00+00:00","og_image":[{"width":1200,"height":675,"url":"https:\/\/ifamnews.com\/wp-content\/uploads\/2022\/07\/86d9b859201bc3e9617f21e69d3fee.jpg","type":"image\/jpeg"}],"author":"iFamNews Italia","twitter_card":"summary_large_image","twitter_creator":"@https:\/\/twitter.com\/iFamNewsIT","twitter_site":"@iFamNewsEN","twitter_misc":{"Verfasst von":"IFN Italien","Gesch\u00e4tzte Lesezeit":"2\u00a0Minuten"},"schema":{"@context":"https:\/\/schema.org","@graph":[{"@type":"NewsArticle","@id":"https:\/\/ifamnews.com\/de\/macrons-politik-unterst-tzt-das-verfassungsm-ige-recht-auf-abtreibung#article","isPartOf":{"@id":"https:\/\/ifamnews.com\/de\/macrons-politik-unterst-tzt-das-verfassungsm-ige-recht-auf-abtreibung"},"author":{"name":"iFamNews Italia","@id":"https:\/\/ifamnews.com\/en\/#\/schema\/person\/fafda7d79212f3690f4af10238556aac"},"headline":"Macrons Politik unterst\u00fctzt das \u201everfassungsm\u00e4\u00dfige Recht\u201c auf Abtreibung","datePublished":"2022-08-12T05:00:00+00:00","mainEntityOfPage":{"@id":"https:\/\/ifamnews.com\/de\/macrons-politik-unterst-tzt-das-verfassungsm-ige-recht-auf-abtreibung"},"wordCount":389,"commentCount":0,"publisher":{"@id":"https:\/\/ifamnews.com\/en\/#organization"},"image":{"@id":"https:\/\/ifamnews.com\/de\/macrons-politik-unterst-tzt-das-verfassungsm-ige-recht-auf-abtreibung#primaryimage"},"thumbnailUrl":"https:\/\/ifamnews.com\/wp-content\/uploads\/2022\/07\/86d9b859201bc3e9617f21e69d3fee.jpg","keywords":["Aborto","Francia","Recht auf Leben","Roe v. Wade"],"articleSection":["Breaking News","Politik","Vordergrund"],"inLanguage":"de","potentialAction":[{"@type":"CommentAction","name":"Comment","target":["https:\/\/ifamnews.com\/de\/macrons-politik-unterst-tzt-das-verfassungsm-ige-recht-auf-abtreibung#respond"]}]},{"@type":"WebPage","@id":"https:\/\/ifamnews.com\/de\/macrons-politik-unterst-tzt-das-verfassungsm-ige-recht-auf-abtreibung","url":"https:\/\/ifamnews.com\/de\/macrons-politik-unterst-tzt-das-verfassungsm-ige-recht-auf-abtreibung","name":"Macrons Politik unterst\u00fctzt das \u201everfassungsm\u00e4\u00dfige Recht\u201c auf Abtreibung - \"iFamNews\"","isPartOf":{"@id":"https:\/\/ifamnews.com\/en\/#website"},"primaryImageOfPage":{"@id":"https:\/\/ifamnews.com\/de\/macrons-politik-unterst-tzt-das-verfassungsm-ige-recht-auf-abtreibung#primaryimage"},"image":{"@id":"https:\/\/ifamnews.com\/de\/macrons-politik-unterst-tzt-das-verfassungsm-ige-recht-auf-abtreibung#primaryimage"},"thumbnailUrl":"https:\/\/ifamnews.com\/wp-content\/uploads\/2022\/07\/86d9b859201bc3e9617f21e69d3fee.jpg","datePublished":"2022-08-12T05:00:00+00:00","description":"Als Reaktion auf das Urteil des Obersten Gerichtshofs der USA unterst\u00fctzen die Abgeordneten der Nationalversammlung den Pr\u00e4sidenten und bereiten einen Gesetzentwurf vor.","breadcrumb":{"@id":"https:\/\/ifamnews.com\/de\/macrons-politik-unterst-tzt-das-verfassungsm-ige-recht-auf-abtreibung#breadcrumb"},"inLanguage":"de","potentialAction":[{"@type":"ReadAction","target":["https:\/\/ifamnews.com\/de\/macrons-politik-unterst-tzt-das-verfassungsm-ige-recht-auf-abtreibung"]}]},{"@type":"ImageObject","inLanguage":"de","@id":"https:\/\/ifamnews.com\/de\/macrons-politik-unterst-tzt-das-verfassungsm-ige-recht-auf-abtreibung#primaryimage","url":"https:\/\/ifamnews.com\/wp-content\/uploads\/2022\/07\/86d9b859201bc3e9617f21e69d3fee.jpg","contentUrl":"https:\/\/ifamnews.com\/wp-content\/uploads\/2022\/07\/86d9b859201bc3e9617f21e69d3fee.jpg","width":1200,"height":675},{"@type":"BreadcrumbList","@id":"https:\/\/ifamnews.com\/de\/macrons-politik-unterst-tzt-das-verfassungsm-ige-recht-auf-abtreibung#breadcrumb","itemListElement":[{"@type":"ListItem","position":1,"name":"Home","item":"https:\/\/ifamnews.com\/de"},{"@type":"ListItem","position":2,"name":"Politics","item":"https:\/\/ifamnews.com\/en\/category\/politics"},{"@type":"ListItem","position":3,"name":"Macrons Politik unterst\u00fctzt das \u201everfassungsm\u00e4\u00dfige Recht\u201c auf Abtreibung"}]},{"@type":"WebSite","@id":"https:\/\/ifamnews.com\/en\/#website","url":"https:\/\/ifamnews.com\/en\/","name":"IFN","description":"International Family News Network","publisher":{"@id":"https:\/\/ifamnews.com\/en\/#organization"},"potentialAction":[{"@type":"SearchAction","target":{"@type":"EntryPoint","urlTemplate":"https:\/\/ifamnews.com\/en\/?s={search_term_string}"},"query-input":{"@type":"PropertyValueSpecification","valueRequired":true,"valueName":"search_term_string"}}],"inLanguage":"de"},{"@type":"Organization","@id":"https:\/\/ifamnews.com\/en\/#organization","name":"iFamNews","url":"https:\/\/ifamnews.com\/en\/","logo":{"@type":"ImageObject","inLanguage":"de","@id":"https:\/\/ifamnews.com\/en\/#\/schema\/logo\/image\/","url":"https:\/\/ifamnews.com\/wp-content\/uploads\/2020\/01\/Share-logo.png","contentUrl":"https:\/\/ifamnews.com\/wp-content\/uploads\/2020\/01\/Share-logo.png","width":200,"height":200,"caption":"iFamNews"},"image":{"@id":"https:\/\/ifamnews.com\/en\/#\/schema\/logo\/image\/"},"sameAs":["https:\/\/www.facebook.com\/iFamNews","https:\/\/x.com\/iFamNewsEN"]},{"@type":"Person","@id":"https:\/\/ifamnews.com\/en\/#\/schema\/person\/fafda7d79212f3690f4af10238556aac","name":"iFamNews Italia","image":{"@type":"ImageObject","inLanguage":"de","@id":"https:\/\/secure.gravatar.com\/avatar\/2e50539bc89809bc22a0b2bb9dc3d7f67ffd1e564e5461707f0153146f8c99b5?s=96&d=mm&r=g","url":"https:\/\/secure.gravatar.com\/avatar\/2e50539bc89809bc22a0b2bb9dc3d7f67ffd1e564e5461707f0153146f8c99b5?s=96&d=mm&r=g","contentUrl":"https:\/\/secure.gravatar.com\/avatar\/2e50539bc89809bc22a0b2bb9dc3d7f67ffd1e564e5461707f0153146f8c99b5?s=96&d=mm&r=g","caption":"iFamNews Italia"},"description":"Articles published by the Italian iFamNews editorial team.","sameAs":["https:\/\/ifamnews.com\/it","https:\/\/www.facebook.com\/iFamNews\/","https:\/\/x.com\/https:\/\/twitter.com\/iFamNewsIT","https:\/\/www.youtube.com\/channel\/UCMVyIt4z9BANW3d09kwfUpw"],"url":"https:\/\/ifamnews.com\/de\/author\/redazioneit"}]}},"amp_enabled":true,"_links":{"self":[{"href":"https:\/\/ifamnews.com\/de\/wp-json\/wp\/v2\/posts\/154728","targetHints":{"allow":["GET"]}}],"collection":[{"href":"https:\/\/ifamnews.com\/de\/wp-json\/wp\/v2\/posts"}],"about":[{"href":"https:\/\/ifamnews.com\/de\/wp-json\/wp\/v2\/types\/post"}],"author":[{"embeddable":true,"href":"https:\/\/ifamnews.com\/de\/wp-json\/wp\/v2\/users\/46"}],"replies":[{"embeddable":true,"href":"https:\/\/ifamnews.com\/de\/wp-json\/wp\/v2\/comments?post=154728"}],"version-history":[{"count":2,"href":"https:\/\/ifamnews.com\/de\/wp-json\/wp\/v2\/posts\/154728\/revisions"}],"predecessor-version":[{"id":154789,"href":"https:\/\/ifamnews.com\/de\/wp-json\/wp\/v2\/posts\/154728\/revisions\/154789"}],"wp:featuredmedia":[{"embeddable":true,"href":"https:\/\/ifamnews.com\/de\/wp-json\/wp\/v2\/media\/151399"}],"wp:attachment":[{"href":"https:\/\/ifamnews.com\/de\/wp-json\/wp\/v2\/media?parent=154728"}],"wp:term":[{"taxonomy":"category","embeddable":true,"href":"https:\/\/ifamnews.com\/de\/wp-json\/wp\/v2\/categories?post=154728"},{"taxonomy":"post_tag","embeddable":true,"href":"https:\/\/ifamnews.com\/de\/wp-json\/wp\/v2\/tags?post=154728"}],"curies":[{"name":"wp","href":"https:\/\/api.w.org\/{rel}","templated":true}]}}