{"id":15281,"date":"2020-04-30T07:16:16","date_gmt":"2020-04-30T12:16:16","guid":{"rendered":"https:\/\/ifamnews.com\/?p=15281"},"modified":"2020-04-30T07:41:37","modified_gmt":"2020-04-30T12:41:37","slug":"jugendliche-und-junge-familien-wir-wollen-die-messe-zurueck","status":"publish","type":"post","link":"https:\/\/ifamnews.com\/de\/jugendliche-und-junge-familien-wir-wollen-die-messe-zurueck","title":{"rendered":"Jugendliche und junge Familien: Wir wollen die Messe zur\u00fcck!"},"content":{"rendered":"\n<p>Wie ein Lauffeuer breitet sich die <a href=\"https:\/\/youtube.com\/watch?v=KiX-obUkSTc\">Video-Botschaft<\/a> aus: In\nweniger als 10 Tagen mehr als 13.000 Klicks. Und es nimmt kein Ende. <\/p>\n\n\n\n<p>\u201eIch glaube, dass es eine wichtige Rolle der Kirche ist, die Sakramente zu spenden und sich um die Seelsorge Ihrer Gl\u00e4ubigen zu k\u00fcmmern,\u201c erkl\u00e4rt Josef Habsburg, einer der Teilnehmer des Videos im Interview mit iFamNews. <\/p>\n\n\n\n<p>\u201ePapst Franziskus sagt, die Kirche muss konkret werden und\nkann nicht virtuell bleiben,\u201c hei\u00dft es im Video.<\/p>\n\n\n\n<figure class=\"wp-block-embed-youtube wp-block-embed is-type-video is-provider-youtube wp-embed-aspect-16-9 wp-has-aspect-ratio\"><div class=\"wp-block-embed__wrapper\">\n<div class=\"jeg_video_container jeg_video_content\"><iframe loading=\"lazy\" title=\"Bitte gebt uns unsere Heilige Messe zur\u00fcck! #videosofhope\" width=\"500\" height=\"281\" src=\"https:\/\/www.youtube.com\/embed\/KiX-obUkSTc?feature=oembed\" frameborder=\"0\" allow=\"accelerometer; autoplay; clipboard-write; encrypted-media; gyroscope; picture-in-picture; web-share\" referrerpolicy=\"strict-origin-when-cross-origin\" allowfullscreen><\/iframe><\/div>\n<\/div><\/figure>\n\n\n\n<p>Die Reaktion der Kirche zum Schutz der Menschen, gro\u00dfe Versammlungen\nzu verbieten \u2013 darunter z\u00e4hlt die Messe wohl \u2013 erkennt Josef an, trotzdem sieht\ner Raum f\u00fcr Verbesserung: \u201eIch denke, dass man es auch h\u00e4tte anders regeln\nk\u00f6nnen. Es ist wichtig, dass gl\u00e4ubige die Sakramente empfangen k\u00f6nnen,\nbesonders die Eucharistie. Deshalb war Ich der Meinung, dass die Kirchenoberh\u00e4upter\nalles daf\u00fcr tun sollten, m\u00f6glichst schnell wieder Messen mit Gl\u00e4ubigen anwesend\nzu feiern.\u201c<\/p>\n\n\n\n<p>Sicherheit und Gesundheit sind wichtig. Dennoch\nd\u00fcrfen auch die geistlichen N\u00f6te nicht vergessen werden. Das ist Tenor des\nVideos, und zahlreiche Stimmen schlie\u00dfen sich dieser Bitte an.<\/p>\n\n\n\n<p>\u201eDie Heilige Messe feiern ist nicht so wichtig,\nwie das gesundheitliche und wirtschaftliche Erhalten der Gesellschaft,\u201c scheint\ndas Messverbot zu suggerieren, erkl\u00e4rt Paul Habsburg, ein weiterer Initiator\ndes Videos. \u201eAls ob die Messe dem wiederspricht&#8230; letztendlich bleibt es wohl\neine Frage des Glaubens.\u201c<\/p>\n\n\n\n<p>\u201eF\u00fcr mich ist es recht einfach: Jesus Christus, der\nHerrscher \u00fcber das All, der K\u00f6nig des Himmels, mein Herr und mein Gott, wird in\nder Messe gegenw\u00e4rtig,\u201c so Josef, \u201emein Glaube ist was mein Verlangen nach der\nMesse also stark macht, und auch wenn eine Online-Messe in sich schon gut ist,\nist sie in Anwesenheit noch besser. Ich denke so geht es einigen!,\u201c so Josef.<\/p>\n\n\n\n<p>Emanuel Mendez de Vigo, ein anderer Teilnehmer der\nInitiative und des Appells erkl\u00e4rte: \u201eDas Verlangen nach der Messe ist so stark,\nweil jeder eine Art \u201aLeere\u2018 in sich hat, die gef\u00fcllt werden muss. Es gibt\nsozusagen ein \u201aVerlangen\u2018 nach mehr. Pers\u00f6nlich finde ich, man kriegt das nur\nwenn man zur Messe geht, wirklich dabei ist, und die Kommunion empfangen darf.\nEs f\u00fcllt einen mit Freude und Liebe und daher, vor allem bei Jugendlichen ist\ndieses Verlangen sehr stark.\u201c<\/p>\n\n\n\n<p>Das Video hat schnell die Runden gemacht und stie\u00df bei\nvielen auf Zuspruch. Mittlerweile gibt es sogar ein <a href=\"https:\/\/youtube.com\/watch?v=Pay15U_3R_0&amp;t=11s\">zweites Video<\/a>,\ndas von deutschen Jugendlichen an die deutschen Bisch\u00f6fe gerichtet ist \u2013 Stil,\nInhalt und Ziel bleibt gleich. <\/p>\n\n\n\n<p>Warum machen es sich gerade junge Leute zu Aufgabe, den\nBisch\u00f6fen ihre N\u00f6te vorzulegen?<\/p>\n\n\n\n<p>\u201eJugendliche und junge Familien haben vielleicht weniger Angst vor dem Leben. Motiviert durch Bewegungen wie \u201aFriday\u2018s for future\u2018, und der F\u00e4higkeit mit Medien umzugehen, haben Jugendliche die Hoffnung, in globalen Ereignisse eine Stimme zu haben,\u201c antwortet Paul Habsburg, ein anderer Teilnehmer des Videos. \u201eAu\u00dferdem, glaube ich, dass Jugendliche die Wichtigkeit der Heiligen Messe verstehen, daran glauben und sich daher einsetzen wollen.\u201c<\/p>\n\n\n\n<p>F\u00fcr Fernando Mendez de Vigo ist dabei die k\u00f6rperliche\nTeilnahme an der Messe unersetzlich: \u201eDer physische Kirchenbau hilft, eine\nrichtige Atmosph\u00e4re zu schaffen, in der man sich auf das Gebet konzentrieren\nkann. F\u00fcr junge Familien, besonders mit Kindern, ist die Messe ein besonderer\nOrt der ersten Begegnung mit Gott, der ihnen auch dabei verhilft, sich selbst\nzu verstehen.<\/p>\n\n\n\n<p>Im Video erkl\u00e4ren die Teilnehmer, dass sie zur\nL\u00f6sung der Lage selbst beitragen und anpacken wollen. Sie breiten dazu konkrete\nVorschl\u00e4ge aus:<\/p>\n\n\n\n<p>\u201eWenn\nes am Material liegt, bringen wir die Schutzmasken, das Desinfektionsmittel und\ndie Schutzhandschuhe selber mit.\u201c Und: \u201eWir k\u00f6nnen T\u00fcrsteher sein und darauf\nachten, dass nie weniger als 2 Meter Abstand bei den Messbesuchern ist. Wir\norganisieren Listen, auf denen man sich f\u00fcr den Besuch der Heiligen Messe\neintragen kann. Wir desinfizieren die Kirchenb\u00e4nke nach jedem Gottesdienst\u2026\u201c\nsind nur einige der kreativen Vorschl\u00e4ge, die im Video genannt werden.<\/p>\n\n\n\n<p>Feedback gab es zum Video viel \u2013 nur die Bisch\u00f6fe blieben bisher leider stumm: <\/p>\n\n\n\n<p>\u201eDas Feedback war meistens sehr positiv. Einige Freunde, sogar aus Spanien und Frankreich, haben mir geschrieben, dass Sie das Video gesehen hatten und die Initiative echt gut fanden, besonders weil die Nachricht des Videos eben konstruktiv und positiv war. [\u2026] Die Bisch\u00f6fe haben sich, soweit Ich wei\u00df, bisher nicht zu dem Video ge\u00e4u\u00dfert. Ich finde das schade aber im Endeffekt nicht so wichtig.\u201c<\/p>\n\n\n\n<p>Fernando f\u00fcgt hinzu: \u201cIn Schweden wurde die Messe nicht\nverboten und es funktioniert. Indem wir die notwendigen Sicherheitsvorkehrungen\ntreffen, k\u00f6nnen wir auch in anderen L\u00e4ndern Erfolg haben. Hoffentlich wird das Video ein Erfolg\u2026\u201d<\/p>\n\n\n\n<p>Paul Habsburg sieht das Ganze gelassen, f\u00fcr ihn\nwar wichtig, das Gespr\u00e4ch anzusto\u00dfen: \u201eIch bin nicht davon \u00fcberzeugt, dass\ndieses Video die \u00f6sterreichischen Bisch\u00f6fe dazu bringen wird, Messen zu f\u00f6rdern\noder feiern zu lassen. Aber da schon so viel dr\u00fcber gesprochen wird, w\u00fcrde ich\nsagen, dass das Video jetzt schon ein Erfolg ist. Gl\u00e4ubige m\u00fcssen sich durch\ndieses Video mit ihrem Glauben auseinandersetzen und aktiv Stellung dazu nehmen.\u201c<\/p>\n\n\n\n<p>Josef sieht in der derzeitigen Lage wenigstens\neine Chance: \u201eDiese Zeit ist eine gute M\u00f6glichkeit, um auf anderen Wegen im\nGlauben zu wachsen und sich auf Gebet und Familie zu konzentrieren.\u201c<\/p>\n","protected":false},"excerpt":{"rendered":"<p>Schnellstm\u00f6glich die Kirchen \u00f6ffnen und die Messe wieder zug\u00e4nglich machen \u2013 das ist die Botschaft eines Videos, das nach wenigen Tagen viral geht\u2026iFamNews interviewt einige Teilnehmer.<\/p>\n","protected":false},"author":94,"featured_media":15289,"comment_status":"open","ping_status":"open","sticky":false,"template":"","format":"standard","meta":{"give_campaign_id":0,"om_disable_all_campaigns":false,"_monsterinsights_skip_tracking":false,"_monsterinsights_sitenote_active":false,"_monsterinsights_sitenote_note":"","_monsterinsights_sitenote_category":0,"mc4wp_mailchimp_campaign":[],"jnews-multi-image_gallery":[],"jnews_single_post":{"subtitle":"Schnellstm\u00f6glich die Kirchen \u00f6ffnen und die Messe wieder zug\u00e4nglich machen \u2013 das ist die Botschaft eines Videos, das nach wenigen Tagen viral geht\u2026iFamNews interviewt einige der Teilnehmer.","format":"standard","video":"","gallery":"","source_name":"","source_url":"","via_name":"","via_url":"","override":[{"single_blog_custom":"","sidebar":"","second_sidebar":"","share_position":"","share_float_style":"","post_date_format":"","post_date_format_custom":"","post_reading_time_wpm":"","zoom_button_out_step":"1","zoom_button_in_step":"1","number_popup_post":"1"}],"image_override":[{"single_post_thumbnail_size":"","single_post_gallery_size":""}],"trending_post_position":"","trending_post_label":""},"jnews_primary_category":{"id":"770"},"jnews_social_meta":{"fb_title":"Jugendliche und junge Familien: Wir wollen die Messe zur\u00fcck!","fb_description":"Schnellstm\u00f6glich die Kirchen \u00f6ffnen und die Messe wieder zug\u00e4nglich machen \u2013 das ist die Botschaft eines Videos, das nach weniger Tagen viral geht\u2026iFamNews interviewt die Initiatoren.","fb_image":"","twitter_title":"","twitter_description":"","twitter_image":""},"jnews_override_counter":{"view_counter_number":"0","share_counter_number":"0","like_counter_number":"0","dislike_counter_number":"0"},"footnotes":""},"categories":[816,770,811],"tags":[3156,3155,3160,3161,583,3158,3057,3159],"class_list":["post-15281","post","type-post","status-publish","format-standard","has-post-thumbnail","hentry","category-breaking-news-de","category-familie","category-foreground-de","tag-appell","tag-bischoefe","tag-emanuel-mendez-de-vigo","tag-fernando-mendez-de-vigo","tag-interview","tag-josef-habsburg","tag-messe","tag-paul-habsburg"],"yoast_head":"<!-- This site is optimized with the Yoast SEO Premium plugin v25.9 (Yoast SEO v27.3) - https:\/\/yoast.com\/product\/yoast-seo-premium-wordpress\/ -->\n<title>Jugendliche und junge Familien: Wir wollen die Messe zur\u00fcck! - IFN<\/title>\n<meta name=\"robots\" content=\"index, follow, max-snippet:-1, max-image-preview:large, max-video-preview:-1\" \/>\n<link rel=\"canonical\" href=\"https:\/\/ifamnews.com\/de\/jugendliche-und-junge-familien-wir-wollen-die-messe-zurueck\" \/>\n<meta property=\"og:locale\" content=\"de_DE\" \/>\n<meta property=\"og:type\" content=\"article\" \/>\n<meta property=\"og:title\" content=\"Jugendliche und junge Familien: Wir wollen die Messe zur\u00fcck!\" \/>\n<meta property=\"og:description\" content=\"Schnellstm\u00f6glich die Kirchen \u00f6ffnen und die Messe wieder zug\u00e4nglich machen \u2013 das ist die Botschaft eines Videos, das nach wenigen Tagen viral geht\u2026iFamNews interviewt einige Teilnehmer.\" \/>\n<meta property=\"og:url\" content=\"https:\/\/ifamnews.com\/de\/jugendliche-und-junge-familien-wir-wollen-die-messe-zurueck\" \/>\n<meta property=\"og:site_name\" content=\"IFN\" \/>\n<meta property=\"article:publisher\" content=\"https:\/\/www.facebook.com\/iFamNews\" \/>\n<meta property=\"article:published_time\" content=\"2020-04-30T12:16:16+00:00\" \/>\n<meta property=\"article:modified_time\" content=\"2020-04-30T12:41:37+00:00\" \/>\n<meta property=\"og:image\" content=\"https:\/\/ifamnews.com\/wp-content\/uploads\/2020\/04\/Video.jpg\" \/>\n\t<meta property=\"og:image:width\" content=\"1366\" \/>\n\t<meta property=\"og:image:height\" content=\"661\" \/>\n\t<meta property=\"og:image:type\" content=\"image\/jpeg\" \/>\n<meta name=\"author\" content=\"Jan Bentz\" \/>\n<meta name=\"twitter:card\" content=\"summary_large_image\" \/>\n<meta name=\"twitter:creator\" content=\"@iFamNewsEN\" \/>\n<meta name=\"twitter:site\" content=\"@iFamNewsEN\" \/>\n<meta name=\"twitter:label1\" content=\"Verfasst von\" \/>\n\t<meta name=\"twitter:data1\" content=\"Jan Bentz\" \/>\n\t<meta name=\"twitter:label2\" content=\"Gesch\u00e4tzte Lesezeit\" \/>\n\t<meta name=\"twitter:data2\" content=\"4\u00a0Minuten\" \/>\n<!-- \/ Yoast SEO Premium plugin. -->","yoast_head_json":{"title":"Jugendliche und junge Familien: Wir wollen die Messe zur\u00fcck! - IFN","robots":{"index":"index","follow":"follow","max-snippet":"max-snippet:-1","max-image-preview":"max-image-preview:large","max-video-preview":"max-video-preview:-1"},"canonical":"https:\/\/ifamnews.com\/de\/jugendliche-und-junge-familien-wir-wollen-die-messe-zurueck","og_locale":"de_DE","og_type":"article","og_title":"Jugendliche und junge Familien: Wir wollen die Messe zur\u00fcck!","og_description":"Schnellstm\u00f6glich die Kirchen \u00f6ffnen und die Messe wieder zug\u00e4nglich machen \u2013 das ist die Botschaft eines Videos, das nach wenigen Tagen viral geht\u2026iFamNews interviewt einige Teilnehmer.","og_url":"https:\/\/ifamnews.com\/de\/jugendliche-und-junge-familien-wir-wollen-die-messe-zurueck","og_site_name":"IFN","article_publisher":"https:\/\/www.facebook.com\/iFamNews","article_published_time":"2020-04-30T12:16:16+00:00","article_modified_time":"2020-04-30T12:41:37+00:00","og_image":[{"width":1366,"height":661,"url":"https:\/\/ifamnews.com\/wp-content\/uploads\/2020\/04\/Video.jpg","type":"image\/jpeg"}],"author":"Jan Bentz","twitter_card":"summary_large_image","twitter_creator":"@iFamNewsEN","twitter_site":"@iFamNewsEN","twitter_misc":{"Verfasst von":"Jan Bentz","Gesch\u00e4tzte Lesezeit":"4\u00a0Minuten"},"schema":{"@context":"https:\/\/schema.org","@graph":[{"@type":"NewsArticle","@id":"https:\/\/ifamnews.com\/de\/jugendliche-und-junge-familien-wir-wollen-die-messe-zurueck#article","isPartOf":{"@id":"https:\/\/ifamnews.com\/de\/jugendliche-und-junge-familien-wir-wollen-die-messe-zurueck"},"author":{"name":"Jan Bentz","@id":"https:\/\/ifamnews.com\/en\/#\/schema\/person\/ab41b70fafcdfd12a7774eb96573cc72"},"headline":"Jugendliche und junge Familien: Wir wollen die Messe zur\u00fcck!","datePublished":"2020-04-30T12:16:16+00:00","dateModified":"2020-04-30T12:41:37+00:00","mainEntityOfPage":{"@id":"https:\/\/ifamnews.com\/de\/jugendliche-und-junge-familien-wir-wollen-die-messe-zurueck"},"wordCount":896,"commentCount":0,"publisher":{"@id":"https:\/\/ifamnews.com\/en\/#organization"},"image":{"@id":"https:\/\/ifamnews.com\/de\/jugendliche-und-junge-familien-wir-wollen-die-messe-zurueck#primaryimage"},"thumbnailUrl":"https:\/\/ifamnews.com\/wp-content\/uploads\/2020\/04\/Video.jpg","keywords":["Appell","Bisch\u00f6fe","Emanuel Mendez de Vigo","Fernando Mendez de Vigo","Interview","Josef Habsburg","Messe","Paul Habsburg"],"articleSection":["Breaking News","Familie","Vordergrund"],"inLanguage":"de","potentialAction":[{"@type":"CommentAction","name":"Comment","target":["https:\/\/ifamnews.com\/de\/jugendliche-und-junge-familien-wir-wollen-die-messe-zurueck#respond"]}]},{"@type":"WebPage","@id":"https:\/\/ifamnews.com\/de\/jugendliche-und-junge-familien-wir-wollen-die-messe-zurueck","url":"https:\/\/ifamnews.com\/de\/jugendliche-und-junge-familien-wir-wollen-die-messe-zurueck","name":"Jugendliche und junge Familien: Wir wollen die Messe zur\u00fcck! - IFN","isPartOf":{"@id":"https:\/\/ifamnews.com\/en\/#website"},"primaryImageOfPage":{"@id":"https:\/\/ifamnews.com\/de\/jugendliche-und-junge-familien-wir-wollen-die-messe-zurueck#primaryimage"},"image":{"@id":"https:\/\/ifamnews.com\/de\/jugendliche-und-junge-familien-wir-wollen-die-messe-zurueck#primaryimage"},"thumbnailUrl":"https:\/\/ifamnews.com\/wp-content\/uploads\/2020\/04\/Video.jpg","datePublished":"2020-04-30T12:16:16+00:00","dateModified":"2020-04-30T12:41:37+00:00","breadcrumb":{"@id":"https:\/\/ifamnews.com\/de\/jugendliche-und-junge-familien-wir-wollen-die-messe-zurueck#breadcrumb"},"inLanguage":"de","potentialAction":[{"@type":"ReadAction","target":["https:\/\/ifamnews.com\/de\/jugendliche-und-junge-familien-wir-wollen-die-messe-zurueck"]}]},{"@type":"ImageObject","inLanguage":"de","@id":"https:\/\/ifamnews.com\/de\/jugendliche-und-junge-familien-wir-wollen-die-messe-zurueck#primaryimage","url":"https:\/\/ifamnews.com\/wp-content\/uploads\/2020\/04\/Video.jpg","contentUrl":"https:\/\/ifamnews.com\/wp-content\/uploads\/2020\/04\/Video.jpg","width":1366,"height":661,"caption":"Screenshot\/Youtube"},{"@type":"BreadcrumbList","@id":"https:\/\/ifamnews.com\/de\/jugendliche-und-junge-familien-wir-wollen-die-messe-zurueck#breadcrumb","itemListElement":[{"@type":"ListItem","position":1,"name":"Home","item":"https:\/\/ifamnews.com\/de"},{"@type":"ListItem","position":2,"name":"Nouvelles r\u00e9centes","item":"https:\/\/ifamnews.com\/fr\/categorie\/breaking-news-fr"},{"@type":"ListItem","position":3,"name":"Jugendliche und junge Familien: Wir wollen die Messe zur\u00fcck!"}]},{"@type":"WebSite","@id":"https:\/\/ifamnews.com\/en\/#website","url":"https:\/\/ifamnews.com\/en\/","name":"IFN","description":"International Family News Network","publisher":{"@id":"https:\/\/ifamnews.com\/en\/#organization"},"potentialAction":[{"@type":"SearchAction","target":{"@type":"EntryPoint","urlTemplate":"https:\/\/ifamnews.com\/en\/?s={search_term_string}"},"query-input":{"@type":"PropertyValueSpecification","valueRequired":true,"valueName":"search_term_string"}}],"inLanguage":"de"},{"@type":"Organization","@id":"https:\/\/ifamnews.com\/en\/#organization","name":"iFamNews","url":"https:\/\/ifamnews.com\/en\/","logo":{"@type":"ImageObject","inLanguage":"de","@id":"https:\/\/ifamnews.com\/en\/#\/schema\/logo\/image\/","url":"https:\/\/ifamnews.com\/wp-content\/uploads\/2020\/01\/Share-logo.png","contentUrl":"https:\/\/ifamnews.com\/wp-content\/uploads\/2020\/01\/Share-logo.png","width":200,"height":200,"caption":"iFamNews"},"image":{"@id":"https:\/\/ifamnews.com\/en\/#\/schema\/logo\/image\/"},"sameAs":["https:\/\/www.facebook.com\/iFamNews","https:\/\/x.com\/iFamNewsEN"]},{"@type":"Person","@id":"https:\/\/ifamnews.com\/en\/#\/schema\/person\/ab41b70fafcdfd12a7774eb96573cc72","name":"Jan Bentz","image":{"@type":"ImageObject","inLanguage":"de","@id":"https:\/\/secure.gravatar.com\/avatar\/bb3fc3e4fb197942a1cfea0d80ee06db641796022af0fb8bf02c8651eac05980?s=96&d=mm&r=g","url":"https:\/\/secure.gravatar.com\/avatar\/bb3fc3e4fb197942a1cfea0d80ee06db641796022af0fb8bf02c8651eac05980?s=96&d=mm&r=g","contentUrl":"https:\/\/secure.gravatar.com\/avatar\/bb3fc3e4fb197942a1cfea0d80ee06db641796022af0fb8bf02c8651eac05980?s=96&d=mm&r=g","caption":"Jan Bentz"},"description":"Dr. phil. Jan C. Bentz was born and raised in Germany, and graduated from High School in St. Louis (MI) as a foreign exchange student. Professor Bentz holds a doctorate in Philosophy (Dr. phil.) from the Pontifical Athenaeum Regina Apostolorum in Rome, a Master\u2019s in Sacred Art, Architecture, and Liturgy and a Master\u2019s in Church and Religious Studies. During his career as a journalist he has contributed to EWTN in English and German,\u00a0Inside the Vatican,\u00a0The Catholic Herald,\u00a0Catholic News Agency,\u00a0J\u00fcdische Rundschau,\u00a0and\u00a0Nasze Slowo. He worked as a producer for EWTN focusing on the Vatican, the Pope, and Rome in general. His fields of expertise in Philosophy include the history of philosophy and the history of philosophy of art. Prof. Bentz teaches Philosophy for\u00a0The Catholic University of America,\u00a0Christendom College, and\u00a0IES Study Abroad\u00a0in Rome.","url":"https:\/\/ifamnews.com\/de\/author\/jbentzifamnews-com"}]}},"amp_enabled":true,"_links":{"self":[{"href":"https:\/\/ifamnews.com\/de\/wp-json\/wp\/v2\/posts\/15281","targetHints":{"allow":["GET"]}}],"collection":[{"href":"https:\/\/ifamnews.com\/de\/wp-json\/wp\/v2\/posts"}],"about":[{"href":"https:\/\/ifamnews.com\/de\/wp-json\/wp\/v2\/types\/post"}],"author":[{"embeddable":true,"href":"https:\/\/ifamnews.com\/de\/wp-json\/wp\/v2\/users\/94"}],"replies":[{"embeddable":true,"href":"https:\/\/ifamnews.com\/de\/wp-json\/wp\/v2\/comments?post=15281"}],"version-history":[{"count":3,"href":"https:\/\/ifamnews.com\/de\/wp-json\/wp\/v2\/posts\/15281\/revisions"}],"predecessor-version":[{"id":15301,"href":"https:\/\/ifamnews.com\/de\/wp-json\/wp\/v2\/posts\/15281\/revisions\/15301"}],"wp:featuredmedia":[{"embeddable":true,"href":"https:\/\/ifamnews.com\/de\/wp-json\/wp\/v2\/media\/15289"}],"wp:attachment":[{"href":"https:\/\/ifamnews.com\/de\/wp-json\/wp\/v2\/media?parent=15281"}],"wp:term":[{"taxonomy":"category","embeddable":true,"href":"https:\/\/ifamnews.com\/de\/wp-json\/wp\/v2\/categories?post=15281"},{"taxonomy":"post_tag","embeddable":true,"href":"https:\/\/ifamnews.com\/de\/wp-json\/wp\/v2\/tags?post=15281"}],"curies":[{"name":"wp","href":"https:\/\/api.w.org\/{rel}","templated":true}]}}