{"id":151594,"date":"2022-07-11T01:00:00","date_gmt":"2022-07-11T05:00:00","guid":{"rendered":"https:\/\/ifamnews.com\/?p=151594"},"modified":"2022-07-06T02:59:36","modified_gmt":"2022-07-06T06:59:36","slug":"46-diplomaten-kritisieren-polens-widerstand-gegen-die-radikale-lgbt-lobby","status":"publish","type":"post","link":"https:\/\/ifamnews.com\/de\/46-diplomaten-kritisieren-polens-widerstand-gegen-die-radikale-lgbt-lobby","title":{"rendered":"46 Diplomaten kritisieren Polens Widerstand gegen die radikale LGBT-Lobby"},"content":{"rendered":"\n<p>Wie schon seit 2012 haben L\u00e4nder und andere Organisationen, die die radikale LGBT-Agenda unterst\u00fctzen, erneut einen offenen Brief an Polen geschickt, in dem sie das Land f\u00fcr seine Unterst\u00fctzung der traditionellen Moral und f\u00fcr die Definition der Ehe als Verbindung von einer Frau und einem Mann kritisieren. Der diesj\u00e4hrige <a href=\"https:\/\/pl.usembassy.gov\/wp-content\/uploads\/sites\/23\/letter_eng-1.pdf\">Brief<\/a>, der am 13. Juni ver\u00f6ffentlicht wurde, wurde vom amerikanischen Botschafter in Polen, Mark Brzezinski, koordiniert und von sechsundvierzig Botschaftern unterzeichnet. Ironischerweise hat auch die Ukraine, die von Polen Milit\u00e4rhilfe in Milliardenh\u00f6he erh\u00e4lt und Millionen von Kriegsfl\u00fcchtlingen nach Polen schickt, das Schreiben unterzeichnet &#8211; m\u00f6glicherweise als Gegenleistung f\u00fcr die Unterst\u00fctzung der ukrainischen Kriegsanstrengungen durch die Regierung Biden. Neben der Ukraine waren die Tschechische Republik, Estland, Litauen und Slowenien die einzigen L\u00e4nder der mittel- und osteurop\u00e4ischen Region, deren Botschafter das Schreiben unterzeichneten.<\/p>\n\n\n\n<p>Das Schreiben beginnt mit einer Feststellung:<\/p>\n\n\n\n<p>&#8222;Anl\u00e4sslich des Pride-Monats bringen wir unsere Unterst\u00fctzung f\u00fcr die Bem\u00fchungen zum Ausdruck, die \u00d6ffentlichkeit f\u00fcr die Probleme der lesbischen, schwulen, bisexuellen, transgender, queeren und intersexuellen Gemeinschaft (LGBTQI+) und anderer Gemeinschaften in Polen zu sensibilisieren, die vor \u00e4hnlichen Herausforderungen stehen.<\/p>\n\n\n\n<p>In dem Schreiben wird dann die Unterst\u00fctzung f\u00fcr alle Pride-M\u00e4rsche in Polen zum Ausdruck gebracht:<\/p>\n\n\n\n<p>&#8222;Zu diesem Zweck w\u00fcrdigen wir die Bem\u00fchungen der Organisatoren der Gleichstellungsparade und der Aufm\u00e4rsche in Bia\u0142ystok, Bielsko-Bia\u0142a, Bydgoszcz, Cz\u0119stochowa, Gda\u0144sk, Gdynia, Gniezno, Gorz\u00f3w Wielkopolski, Kalisz, Katowice, Kielce, Konin, Koszalin, Krak\u00f3w, Lublin, \u0141\u00f3d\u017a, Milicz, Nowy S\u0105cz, Olsztyn, Opole, Pi\u0142a, Gryfino, Pozna\u0144, Rzesz\u00f3w, Sanok, S\u0142ubice, Szczecin, Toru\u0144, Warsaw, Wroc\u0142aw, Zielona G\u00f3ra.&#8220;<\/p>\n\n\n\n<p>In der Vergangenheit haben Beamte der amerikanischen Botschaft tats\u00e4chlich an Pride-Paraden in Polen <a href=\"https:\/\/apnews.com\/article\/warsaw-europe-lifestyle-parades-health-e6bd0d9980816c47fa9499a5c6da99b2\">teilgenommen<\/a>, obwohl dieses streng katholische Land dies strikt ablehnt.<\/p>\n\n\n\n<p>Weiter hei\u00dft es in dem Schreiben, dass die LGBT-Agenda in der gesamten polnischen Gesellschaft verankert werden muss, einschlie\u00dflich &#8222;in bestimmten Bereichen wie Bildung, Gesundheit, Soziales, Staatsb\u00fcrgerschaft, \u00f6ffentlicher Dienst und \u00f6ffentliche Dokumente&#8220;.<\/p>\n\n\n\n<p>Es scheint, dass die Unterzeichner des Briefes unter anderem wollen, dass Polen seine Verfassung \u00e4ndert, die die Ehe nur zwischen einer Frau und einem Mann sch\u00fctzt, dass es Sch\u00fcler mit der radikalen LGBT-Agenda indoktriniert (oder ausbildet?), wie es in vielen Schulen in den Vereinigten Staaten geschieht, dass es biologischen M\u00e4nnern erlaubt ist, im Sport gegen Frauen anzutreten und weibliche Toiletten, Umkleider\u00e4ume und Duschen zu benutzen, und dass seine \u00c4rzte die &#8222;Geschlechtsangleichung&#8220; von Minderj\u00e4hrigen unterst\u00fctzen, was in den meisten F\u00e4llen genau das Falsche ist, wie  <a href=\"https:\/\/www.scotusblog.com\/wp-content\/uploads\/2017\/01\/16-273-amicus-petitioner-mchugh.pdf\">Bis zu 95 % der Kinder<\/a>, die sich als das andere Geschlecht identifizieren, identifizieren sich bis zum sp\u00e4ten Jugendalter wieder mit ihrem biologischen Geschlecht, und eine solche Best\u00e4tigung kann zu <a href=\"https:\/\/texasattorneygeneral.gov\/sites\/default\/files\/global\/KP-0401.pdf\">Sterilisationen und anderen erheblichen Sch\u00e4den<\/a> f\u00fchren. All diese Dinge lehnt das polnische Volk ab, da sie gegen das Naturrecht (das objektive moralische Gesetz, das auf der menschlichen Natur beruht und allen Menschen intuitiv bekannt ist) und die Lehren fast aller Religionen der Welt versto\u00dfen.<\/p>\n\n\n\n<p>Das Schreiben schlie\u00dft mit den Worten:<\/p>\n\n\n\n<p>&#8222;Wir w\u00fcrdigen die harte Arbeit von LGBTQI+ und anderen Gemeinschaften in Polen und auf der ganzen Welt sowie die Arbeit all derer, die sich f\u00fcr die Menschenrechte von LGBTQI+ und anderen Personen, die zu Gemeinschaften geh\u00f6ren, die mit \u00e4hnlichen Herausforderungen konfrontiert sind, und f\u00fcr die Beendigung der Diskriminierung insbesondere aufgrund der sexuellen Orientierung oder der Geschlechtsidentit\u00e4t einsetzen.&#8220;<\/p>\n\n\n\n<p>Vor der Ver\u00f6ffentlichung des diesj\u00e4hrigen Unterst\u00fctzungsschreibens der ausl\u00e4ndischen Botschafter hat das Ordo Iuris Institut f\u00fcr Rechtskultur (<ins><a href=\"https:\/\/en.ordoiuris.pl\/\">https:\/\/en.ordoiuris.pl\/<\/a><\/ins>), eine polnische juristische Denkfabrik, wandte sich an alle ausl\u00e4ndischen Botschaften in Warschau mit dem Appell, sich nicht in die inneren Angelegenheiten Polens einzumischen und die Neutralit\u00e4t zu wahren, die von ausl\u00e4ndischen Botschaftern gem\u00e4\u00df Art. 41 (1) des Wiener \u00dcbereinkommens \u00fcber diplomatische Beziehungen, in dem es hei\u00dft: &#8222;<em>Unbeschadet ihrer Vorrechte und Immunit\u00e4ten sind alle Personen, die solche Vorrechte und Immunit\u00e4ten genie\u00dfen, verpflichtet, die Gesetze und Vorschriften des Empfangsstaates einzuhalten. Sie haben auch die Pflicht, sich nicht in die inneren Angelegenheiten dieses Staates einzumischen.<\/em>.&#8220; Auf der Grundlage der von Ordo Iuris auf ihrer Website ver\u00f6ffentlichten (und in dieser Mitteilung <a href=\"https:\/\/en.ordoiuris.pl\/family-and-marriage\/support-lgbt-organizations-ambassadors-violates-vienna-convention\">https:\/\/en.ordoiuris.pl\/family-and-marriage\/support-lgbt-organizations-ambassadors-violates-vienna-convention<\/a> zusammengefassten <a href=\"https:\/\/en.ordoiuris.pl\/family-and-marriage\/support-lgbt-organizations-ambassadors-violates-vienna-convention\">)<\/a> rechtlichen Analyse stellt das Schreiben der 46 Botschafter einen Versto\u00df gegen das \u00dcbereinkommen dar. Ordo Iuris hat noch keine Antwort von einem der Unterzeichner des Schreibens erhalten.<\/p>\n\n\n\n<p>So, da haben Sie es. Sechsundvierzig Botschafter haben Polen erneut daf\u00fcr kritisiert, dass es sich getraut hat, die traditionelle Moral und die Ehe als Verbindung von einem Mann und einer Frau zu verteidigen. Zum Gl\u00fcck hat sich Polen von dieser Einmischung in seine Innenpolitik nicht beeindrucken lassen und steht weiterhin mutig f\u00fcr die Wahrheit ein. Die Mitglieder der LGBT-Gemeinschaft m\u00fcssen zwar als Kinder, die nach dem Bild und Gleichnis Gottes geschaffen wurden, gesch\u00e4tzt werden, aber ihre radikale Agenda sollte bek\u00e4mpft werden. Hoffen wir, dass andere L\u00e4nder auf der ganzen Welt, insbesondere in Afrika, sich von Polen inspirieren lassen und sich ebenfalls gegen die Auferlegung der radikalen LGBT-Agenda wehren.<\/p>\n","protected":false},"excerpt":{"rendered":"<p>Zum Gl\u00fcck hat sich Polen von dieser Einmischung in seine Innenpolitik nicht beeindrucken lassen und steht weiterhin mutig f\u00fcr die Wahrheit ein.  <\/p>\n","protected":false},"author":651,"featured_media":150553,"comment_status":"open","ping_status":"open","sticky":false,"template":"","format":"standard","meta":{"give_campaign_id":0,"om_disable_all_campaigns":false,"_monsterinsights_skip_tracking":false,"_monsterinsights_sitenote_active":false,"_monsterinsights_sitenote_note":"","_monsterinsights_sitenote_category":0,"mc4wp_mailchimp_campaign":[],"jnews-multi-image_gallery":[],"jnews_single_post":{"subtitle":"Zum Gl\u00fcck hat sich Polen von dieser Einmischung in seine Innenpolitik nicht beeindrucken lassen und steht weiterhin mutig f\u00fcr die Wahrheit ein.  ","format":"standard","video":"","gallery":"","source_name":"","source_url":"","via_name":"","via_url":"","override":[{"template":"1","single_blog_custom":"","parallax":"1","fullscreen":"1","layout":"right-sidebar","sidebar":"default-sidebar","second_sidebar":"default-sidebar","sticky_sidebar":"1","share_position":"top","share_float_style":"share-monocrhome","show_share_counter":"1","show_view_counter":"1","show_featured":"1","show_post_meta":"1","show_post_author":"1","show_post_author_image":"1","show_post_date":"1","post_date_format":"default","post_date_format_custom":"Y\/m\/d","show_post_category":"1","post_reading_time_wpm":"300","zoom_button_out_step":"2","zoom_button_in_step":"3","show_post_tag":"1","show_prev_next_post":"1","show_popup_post":"1","number_popup_post":"1"}],"image_override":[{"single_post_thumbnail_size":"crop-500","single_post_gallery_size":"crop-500"}],"trending_post_position":"meta","trending_post_label":"Trending","sponsored_post_label":"Sponsored by","sponsored_post_name":"","sponsored_post_url":"","sponsored_post_logo":"","sponsored_post_desc":""},"jnews_primary_category":{"id":"768"},"jnews_social_meta":{"fb_title":"","fb_description":"","fb_image":"","twitter_title":"","twitter_description":"","twitter_image":""},"jnews_override_counter":{"view_counter_number":"0","share_counter_number":"0","like_counter_number":"0","dislike_counter_number":"0"},"footnotes":""},"categories":[816,768],"tags":[5234,19485,6941,9204,18858,5016],"class_list":["post-151594","post","type-post","status-publish","format-standard","has-post-thumbnail","hentry","category-breaking-news-de","category-politik","tag-gender-ideology-de","tag-lgbt-agenda-de","tag-lgbt-ideologie","tag-lgbt-de-2","tag-monat-des-stolzes","tag-poland-de"],"yoast_head":"<!-- This site is optimized with the Yoast SEO Premium plugin v25.9 (Yoast SEO v27.3) - https:\/\/yoast.com\/product\/yoast-seo-premium-wordpress\/ -->\n<title>46 Diplomaten kritisieren Polens Widerstand gegen die radikale LGBT-Lobby - IFN<\/title>\n<meta name=\"description\" content=\"Zum Gl\u00fcck hat sich Polen von dieser Einmischung in seine Innenpolitik nicht beeindrucken lassen und steht weiterhin mutig f\u00fcr die Wahrheit ein.\" \/>\n<meta name=\"robots\" content=\"index, follow, max-snippet:-1, max-image-preview:large, max-video-preview:-1\" \/>\n<link rel=\"canonical\" href=\"https:\/\/ifamnews.com\/de\/46-diplomaten-kritisieren-polens-widerstand-gegen-die-radikale-lgbt-lobby\" \/>\n<meta property=\"og:locale\" content=\"de_DE\" \/>\n<meta property=\"og:type\" content=\"article\" \/>\n<meta property=\"og:title\" content=\"46 Diplomaten kritisieren Polens Widerstand gegen die radikale LGBT-Lobby\" \/>\n<meta property=\"og:description\" content=\"Zum Gl\u00fcck hat sich Polen von dieser Einmischung in seine Innenpolitik nicht beeindrucken lassen und steht weiterhin mutig f\u00fcr die Wahrheit ein.\" \/>\n<meta property=\"og:url\" content=\"https:\/\/ifamnews.com\/de\/46-diplomaten-kritisieren-polens-widerstand-gegen-die-radikale-lgbt-lobby\" \/>\n<meta property=\"og:site_name\" content=\"IFN\" \/>\n<meta property=\"article:publisher\" content=\"https:\/\/www.facebook.com\/iFamNews\" \/>\n<meta property=\"article:published_time\" content=\"2022-07-11T05:00:00+00:00\" \/>\n<meta property=\"og:image\" content=\"https:\/\/ifamnews.com\/wp-content\/uploads\/2022\/06\/antilgbtq-.jpg\" \/>\n\t<meta property=\"og:image:width\" content=\"627\" \/>\n\t<meta property=\"og:image:height\" content=\"414\" \/>\n\t<meta property=\"og:image:type\" content=\"image\/jpeg\" \/>\n<meta name=\"author\" content=\"Cato\" \/>\n<meta name=\"twitter:card\" content=\"summary_large_image\" \/>\n<meta name=\"twitter:creator\" content=\"@iFamNewsEN\" \/>\n<meta name=\"twitter:site\" content=\"@iFamNewsEN\" \/>\n<meta name=\"twitter:label1\" content=\"Verfasst von\" \/>\n\t<meta name=\"twitter:data1\" content=\"Cato\" \/>\n\t<meta name=\"twitter:label2\" content=\"Gesch\u00e4tzte Lesezeit\" \/>\n\t<meta name=\"twitter:data2\" content=\"4\u00a0Minuten\" \/>\n<!-- \/ Yoast SEO Premium plugin. -->","yoast_head_json":{"title":"46 Diplomaten kritisieren Polens Widerstand gegen die radikale LGBT-Lobby - IFN","description":"Zum Gl\u00fcck hat sich Polen von dieser Einmischung in seine Innenpolitik nicht beeindrucken lassen und steht weiterhin mutig f\u00fcr die Wahrheit ein.","robots":{"index":"index","follow":"follow","max-snippet":"max-snippet:-1","max-image-preview":"max-image-preview:large","max-video-preview":"max-video-preview:-1"},"canonical":"https:\/\/ifamnews.com\/de\/46-diplomaten-kritisieren-polens-widerstand-gegen-die-radikale-lgbt-lobby","og_locale":"de_DE","og_type":"article","og_title":"46 Diplomaten kritisieren Polens Widerstand gegen die radikale LGBT-Lobby","og_description":"Zum Gl\u00fcck hat sich Polen von dieser Einmischung in seine Innenpolitik nicht beeindrucken lassen und steht weiterhin mutig f\u00fcr die Wahrheit ein.","og_url":"https:\/\/ifamnews.com\/de\/46-diplomaten-kritisieren-polens-widerstand-gegen-die-radikale-lgbt-lobby","og_site_name":"IFN","article_publisher":"https:\/\/www.facebook.com\/iFamNews","article_published_time":"2022-07-11T05:00:00+00:00","og_image":[{"width":627,"height":414,"url":"https:\/\/ifamnews.com\/wp-content\/uploads\/2022\/06\/antilgbtq-.jpg","type":"image\/jpeg"}],"author":"Cato","twitter_card":"summary_large_image","twitter_creator":"@iFamNewsEN","twitter_site":"@iFamNewsEN","twitter_misc":{"Verfasst von":"Cato","Gesch\u00e4tzte Lesezeit":"4\u00a0Minuten"},"schema":{"@context":"https:\/\/schema.org","@graph":[{"@type":"NewsArticle","@id":"https:\/\/ifamnews.com\/de\/46-diplomaten-kritisieren-polens-widerstand-gegen-die-radikale-lgbt-lobby#article","isPartOf":{"@id":"https:\/\/ifamnews.com\/de\/46-diplomaten-kritisieren-polens-widerstand-gegen-die-radikale-lgbt-lobby"},"author":{"name":"Cato","@id":"https:\/\/ifamnews.com\/en\/#\/schema\/person\/d0e56511b7b7caedd2922a59482440ba"},"headline":"46 Diplomaten kritisieren Polens Widerstand gegen die radikale LGBT-Lobby","datePublished":"2022-07-11T05:00:00+00:00","mainEntityOfPage":{"@id":"https:\/\/ifamnews.com\/de\/46-diplomaten-kritisieren-polens-widerstand-gegen-die-radikale-lgbt-lobby"},"wordCount":854,"commentCount":0,"publisher":{"@id":"https:\/\/ifamnews.com\/en\/#organization"},"image":{"@id":"https:\/\/ifamnews.com\/de\/46-diplomaten-kritisieren-polens-widerstand-gegen-die-radikale-lgbt-lobby#primaryimage"},"thumbnailUrl":"https:\/\/ifamnews.com\/wp-content\/uploads\/2022\/06\/antilgbtq-.jpg","keywords":["gender ideology","LGBT-Agenda","LGBT-Ideologie","LGBT+","Monat des Stolzes","Poland"],"articleSection":["Breaking News","Politik"],"inLanguage":"de","potentialAction":[{"@type":"CommentAction","name":"Comment","target":["https:\/\/ifamnews.com\/de\/46-diplomaten-kritisieren-polens-widerstand-gegen-die-radikale-lgbt-lobby#respond"]}]},{"@type":"WebPage","@id":"https:\/\/ifamnews.com\/de\/46-diplomaten-kritisieren-polens-widerstand-gegen-die-radikale-lgbt-lobby","url":"https:\/\/ifamnews.com\/de\/46-diplomaten-kritisieren-polens-widerstand-gegen-die-radikale-lgbt-lobby","name":"46 Diplomaten kritisieren Polens Widerstand gegen die radikale LGBT-Lobby - IFN","isPartOf":{"@id":"https:\/\/ifamnews.com\/en\/#website"},"primaryImageOfPage":{"@id":"https:\/\/ifamnews.com\/de\/46-diplomaten-kritisieren-polens-widerstand-gegen-die-radikale-lgbt-lobby#primaryimage"},"image":{"@id":"https:\/\/ifamnews.com\/de\/46-diplomaten-kritisieren-polens-widerstand-gegen-die-radikale-lgbt-lobby#primaryimage"},"thumbnailUrl":"https:\/\/ifamnews.com\/wp-content\/uploads\/2022\/06\/antilgbtq-.jpg","datePublished":"2022-07-11T05:00:00+00:00","description":"Zum Gl\u00fcck hat sich Polen von dieser Einmischung in seine Innenpolitik nicht beeindrucken lassen und steht weiterhin mutig f\u00fcr die Wahrheit ein.","breadcrumb":{"@id":"https:\/\/ifamnews.com\/de\/46-diplomaten-kritisieren-polens-widerstand-gegen-die-radikale-lgbt-lobby#breadcrumb"},"inLanguage":"de","potentialAction":[{"@type":"ReadAction","target":["https:\/\/ifamnews.com\/de\/46-diplomaten-kritisieren-polens-widerstand-gegen-die-radikale-lgbt-lobby"]}]},{"@type":"ImageObject","inLanguage":"de","@id":"https:\/\/ifamnews.com\/de\/46-diplomaten-kritisieren-polens-widerstand-gegen-die-radikale-lgbt-lobby#primaryimage","url":"https:\/\/ifamnews.com\/wp-content\/uploads\/2022\/06\/antilgbtq-.jpg","contentUrl":"https:\/\/ifamnews.com\/wp-content\/uploads\/2022\/06\/antilgbtq-.jpg","width":627,"height":414},{"@type":"BreadcrumbList","@id":"https:\/\/ifamnews.com\/de\/46-diplomaten-kritisieren-polens-widerstand-gegen-die-radikale-lgbt-lobby#breadcrumb","itemListElement":[{"@type":"ListItem","position":1,"name":"Home","item":"https:\/\/ifamnews.com\/de"},{"@type":"ListItem","position":2,"name":"Politics","item":"https:\/\/ifamnews.com\/en\/category\/politics"},{"@type":"ListItem","position":3,"name":"46 Diplomaten kritisieren Polens Widerstand gegen die radikale LGBT-Lobby"}]},{"@type":"WebSite","@id":"https:\/\/ifamnews.com\/en\/#website","url":"https:\/\/ifamnews.com\/en\/","name":"IFN","description":"International Family News Network","publisher":{"@id":"https:\/\/ifamnews.com\/en\/#organization"},"potentialAction":[{"@type":"SearchAction","target":{"@type":"EntryPoint","urlTemplate":"https:\/\/ifamnews.com\/en\/?s={search_term_string}"},"query-input":{"@type":"PropertyValueSpecification","valueRequired":true,"valueName":"search_term_string"}}],"inLanguage":"de"},{"@type":"Organization","@id":"https:\/\/ifamnews.com\/en\/#organization","name":"iFamNews","url":"https:\/\/ifamnews.com\/en\/","logo":{"@type":"ImageObject","inLanguage":"de","@id":"https:\/\/ifamnews.com\/en\/#\/schema\/logo\/image\/","url":"https:\/\/ifamnews.com\/wp-content\/uploads\/2020\/01\/Share-logo.png","contentUrl":"https:\/\/ifamnews.com\/wp-content\/uploads\/2020\/01\/Share-logo.png","width":200,"height":200,"caption":"iFamNews"},"image":{"@id":"https:\/\/ifamnews.com\/en\/#\/schema\/logo\/image\/"},"sameAs":["https:\/\/www.facebook.com\/iFamNews","https:\/\/x.com\/iFamNewsEN"]},{"@type":"Person","@id":"https:\/\/ifamnews.com\/en\/#\/schema\/person\/d0e56511b7b7caedd2922a59482440ba","name":"Cato","image":{"@type":"ImageObject","inLanguage":"de","@id":"https:\/\/secure.gravatar.com\/avatar\/69b258be912b2a9b1ef3917af1a950d6279239e325672d64c73a2c0dfe012d11?s=96&d=mm&r=g","url":"https:\/\/secure.gravatar.com\/avatar\/69b258be912b2a9b1ef3917af1a950d6279239e325672d64c73a2c0dfe012d11?s=96&d=mm&r=g","contentUrl":"https:\/\/secure.gravatar.com\/avatar\/69b258be912b2a9b1ef3917af1a950d6279239e325672d64c73a2c0dfe012d11?s=96&d=mm&r=g","caption":"Cato"},"description":"Cato is a staunch defender of Western Civilization and the Judeo-Christian worldview. He will end all of his articles: \"And the radical LGBT agenda must be defeated\" as this is the pre-eminent battle of our day.","url":"https:\/\/ifamnews.com\/de\/author\/rsiedlecki"}]}},"amp_enabled":true,"_links":{"self":[{"href":"https:\/\/ifamnews.com\/de\/wp-json\/wp\/v2\/posts\/151594","targetHints":{"allow":["GET"]}}],"collection":[{"href":"https:\/\/ifamnews.com\/de\/wp-json\/wp\/v2\/posts"}],"about":[{"href":"https:\/\/ifamnews.com\/de\/wp-json\/wp\/v2\/types\/post"}],"author":[{"embeddable":true,"href":"https:\/\/ifamnews.com\/de\/wp-json\/wp\/v2\/users\/651"}],"replies":[{"embeddable":true,"href":"https:\/\/ifamnews.com\/de\/wp-json\/wp\/v2\/comments?post=151594"}],"version-history":[{"count":2,"href":"https:\/\/ifamnews.com\/de\/wp-json\/wp\/v2\/posts\/151594\/revisions"}],"predecessor-version":[{"id":151636,"href":"https:\/\/ifamnews.com\/de\/wp-json\/wp\/v2\/posts\/151594\/revisions\/151636"}],"wp:featuredmedia":[{"embeddable":true,"href":"https:\/\/ifamnews.com\/de\/wp-json\/wp\/v2\/media\/150553"}],"wp:attachment":[{"href":"https:\/\/ifamnews.com\/de\/wp-json\/wp\/v2\/media?parent=151594"}],"wp:term":[{"taxonomy":"category","embeddable":true,"href":"https:\/\/ifamnews.com\/de\/wp-json\/wp\/v2\/categories?post=151594"},{"taxonomy":"post_tag","embeddable":true,"href":"https:\/\/ifamnews.com\/de\/wp-json\/wp\/v2\/tags?post=151594"}],"curies":[{"name":"wp","href":"https:\/\/api.w.org\/{rel}","templated":true}]}}