{"id":148915,"date":"2022-06-21T01:30:00","date_gmt":"2022-06-21T05:30:00","guid":{"rendered":"https:\/\/ifamnews.com\/?p=148915"},"modified":"2022-06-16T08:59:54","modified_gmt":"2022-06-16T12:59:54","slug":"japan-nein-zur-adoption-f-r-homo-paare","status":"publish","type":"post","link":"https:\/\/ifamnews.com\/de\/japan-nein-zur-adoption-f-r-homo-paare","title":{"rendered":"Japan: \u201eNein\u201c zur Adoption f\u00fcr Homo-Paare"},"content":{"rendered":"\n<p>In Japan ist die gleichgeschlechtliche Ehe nicht landesweit legal, obwohl seit 2015 bestimmte St\u00e4dte und lokale Regierungsabteilungen Formen der Familienregistrierung und Partnerschaften aktiviert haben, die mit &#8222;zivilen Partnerschaften&#8220; vergleichbar sind und bestimmte rechtliche Rechte, z. B. Besuchsrechte im Krankenhaus und \u00e4hnliches, erm\u00f6glichen.<\/p>\n\n\n\n<p>Die Adoption von Kindern durch <em>gleichgeschlechtliche<\/em> Paare ist jedoch nach wie vor verboten, da sie weiterhin nur heterosexuellen Ehepaaren vorbehalten ist.<\/p>\n\n\n\n<p>Die Unterbringung in Pflegefamilien f\u00fcr gleichgeschlechtliche Paare ist zwar legal, birgt aber auch einige Hindernisse, da die leiblichen Eltern der Kinder h\u00e4ufig und verst\u00e4ndlicherweise nicht damit einverstanden sind, dass ihre Kinder bei nicht-heterosexuellen Paaren untergebracht werden.<\/p>\n\n\n\n<p>Dies geht aus einem <a href=\"https:\/\/www.dw.com\/en\/japan-same-sex-couples-face-resistance-to-adoption\/a-62043706\" target=\"_blank\" rel=\"noreferrer noopener\">Artikel<\/a> hervor, <a href=\"https:\/\/www.dw.com\/en\/japan-same-sex-couples-face-resistance-to-adoption\/a-62043706\" target=\"_blank\" rel=\"noreferrer noopener\">der k\u00fcrzlich auf der <em>Website<\/em><\/a> der Deutschen Welle (DW), einem gro\u00dfen internationalen <em>Medienzentrum<\/em>, <a href=\"https:\/\/www.dw.com\/en\/japan-same-sex-couples-face-resistance-to-adoption\/a-62043706\" target=\"_blank\" rel=\"noreferrer noopener\">ver\u00f6ffentlicht wurde<\/a>.<\/p>\n\n\n\n<p>Der Artikel greift die Aussagen einiger japanischer homosexueller Paare auf, die mit diesem Thema &#8222;k\u00e4mpfen&#8220;, aber der vorwurfsvolle, ja &#8222;passiv-aggressive&#8220; Ton, in dem das Thema behandelt wird, ist auff\u00e4llig.<\/p>\n\n\n\n<p>&#8222;Ich wollte schon immer Kinder haben&#8220;, sagt Ai Takahashi, eine 40-j\u00e4hrige Schriftstellerin, die in Tokio lebt. &#8222;Fr\u00fcher war ich mit einem Mann verheiratet, und schon damals habe ich lange dar\u00fcber nachgedacht, ob ich Kinder haben m\u00f6chte. Jetzt lebe ich mit meiner Partnerin zusammen, einer Frau, und ich habe beschlossen, dass ich lieber mit einem bereits geborenen Kind leben m\u00f6chte, als Kinder zu bekommen&#8220;, sagte sie der DW. Die Dame hat nat\u00fcrlich &#8222;gedacht&#8220; und jetzt &#8222;bevorzugt&#8220;.<\/p>\n\n\n\n<p>Selbst bei Pflegefamilien scheint die Schwierigkeit darin zu liegen, was von den Paaren verlangt wird, w\u00e4hrend die Bed\u00fcrfnisse der Kinder in den Hintergrund treten: &#8222;[&#8230;] die Bedingungen waren \u00fcberm\u00e4\u00dfig streng&#8220;, so Ai Takahashi, &#8222;mit Anforderungen an das Jahreseinkommen, die Gr\u00f6\u00dfe des f\u00fcr das Kind vorgesehenen Wohnraums, Beschr\u00e4nkungen der Arbeitszeiten der Pflegeeltern und die Notwendigkeit eines garantierten Platzes in einer der Kinderbetreuungseinrichtungen des Landes.&#8220;<\/p>\n\n\n\n<p>In Taiwan hingegen wurde der Weg f\u00fcr die <a href=\"https:\/\/ifamnews.com\/it\/-weiwei-e-miaomiao-due-gay-adottano-una-bimba-la-prima-volta-di-taiwan\" target=\"_blank\" rel=\"noreferrer noopener\">Adoption durch gleichgeschlechtliche Paare<\/a> schon vor langer Zeit geebnet.<\/p>\n","protected":false},"excerpt":{"rendered":"<p>Die Unterbringung in Pflegefamilien f\u00fcr gleichgeschlechtliche Paare ist zwar legal, birgt aber auch einige Hindernisse, da die leiblichen Eltern der Kinder h\u00e4ufig und verst\u00e4ndlicherweise nicht damit einverstanden sind, dass ihre Kinder bei nicht-heterosexuellen Paaren untergebracht werden.<\/p>\n","protected":false},"author":46,"featured_media":148241,"comment_status":"open","ping_status":"open","sticky":false,"template":"","format":"standard","meta":{"give_campaign_id":0,"om_disable_all_campaigns":false,"_monsterinsights_skip_tracking":false,"_monsterinsights_sitenote_active":false,"_monsterinsights_sitenote_note":"","_monsterinsights_sitenote_category":0,"mc4wp_mailchimp_campaign":[],"jnews-multi-image_gallery":[],"jnews_single_post":{"subtitle":"Die Unterbringung in Pflegefamilien f\u00fcr gleichgeschlechtliche Paare ist zwar legal, birgt aber auch einige Hindernisse, da die leiblichen Eltern der Kinder h\u00e4ufig und verst\u00e4ndlicherweise nicht damit einverstanden sind, dass ihre Kinder bei nicht-heterosexuellen Paaren untergebracht werden.","format":"standard","video":"","gallery":"","source_name":"","source_url":"","via_name":"","via_url":"","override":[{"template":"1","single_blog_custom":"","parallax":"1","fullscreen":"1","layout":"right-sidebar","sidebar":"default-sidebar","second_sidebar":"default-sidebar","sticky_sidebar":"1","share_position":"top","share_float_style":"share-monocrhome","show_share_counter":"1","show_view_counter":"1","show_featured":"1","show_post_meta":"1","show_post_author":"1","show_post_author_image":"1","show_post_date":"1","post_date_format":"default","post_date_format_custom":"Y\/m\/d","show_post_category":"1","post_reading_time_wpm":"300","zoom_button_out_step":"2","zoom_button_in_step":"3","show_post_tag":"1","show_prev_next_post":"1","show_popup_post":"1","number_popup_post":"1"}],"image_override":[{"single_post_thumbnail_size":"crop-500","single_post_gallery_size":"crop-500"}],"trending_post_position":"meta","trending_post_label":"Trending","sponsored_post_label":"Sponsored by","sponsored_post_name":"","sponsored_post_url":"","sponsored_post_logo":"","sponsored_post_desc":""},"jnews_primary_category":{"id":"763"},"jnews_social_meta":{"fb_title":"","fb_description":"","fb_image":"","twitter_title":"","twitter_description":"","twitter_image":""},"jnews_override_counter":{"view_counter_number":"0","share_counter_number":"0","like_counter_number":"0","dislike_counter_number":"0"},"footnotes":""},"categories":[816,763],"tags":[14687,9204],"class_list":["post-148915","post","type-post","status-publish","format-standard","has-post-thumbnail","hentry","category-breaking-news-de","category-kultur","tag-japan-de","tag-lgbt-de-2"],"yoast_head":"<!-- This site is optimized with the Yoast SEO Premium plugin v25.9 (Yoast SEO v27.3) - https:\/\/yoast.com\/product\/yoast-seo-premium-wordpress\/ -->\n<title>Japan: \u201eNein\u201c zur Adoption f\u00fcr Homo-Paare - &quot;iFamNews&quot;<\/title>\n<meta name=\"description\" content=\"Japan erlaubt gleichgeschlechtlichen Paaren weder Heirat noch Adoption\" \/>\n<meta name=\"robots\" content=\"index, follow, max-snippet:-1, max-image-preview:large, max-video-preview:-1\" \/>\n<link rel=\"canonical\" href=\"https:\/\/ifamnews.com\/de\/japan-nein-zur-adoption-f-r-homo-paare\" \/>\n<meta property=\"og:locale\" content=\"de_DE\" \/>\n<meta property=\"og:type\" content=\"article\" \/>\n<meta property=\"og:title\" content=\"Japan: \u201eNein\u201c zur Adoption f\u00fcr Homo-Paare\" \/>\n<meta property=\"og:description\" content=\"Japan erlaubt gleichgeschlechtlichen Paaren weder Heirat noch Adoption\" \/>\n<meta property=\"og:url\" content=\"https:\/\/ifamnews.com\/de\/japan-nein-zur-adoption-f-r-homo-paare\" \/>\n<meta property=\"og:site_name\" content=\"IFN\" \/>\n<meta property=\"article:publisher\" content=\"https:\/\/www.facebook.com\/iFamNews\" \/>\n<meta property=\"article:author\" content=\"https:\/\/www.facebook.com\/iFamNews\/\" \/>\n<meta property=\"article:published_time\" content=\"2022-06-21T05:30:00+00:00\" \/>\n<meta property=\"og:image\" content=\"https:\/\/ifamnews.com\/wp-content\/uploads\/2022\/06\/girl-g1525bf54f_1280.jpg\" \/>\n\t<meta property=\"og:image:width\" content=\"1280\" \/>\n\t<meta property=\"og:image:height\" content=\"853\" \/>\n\t<meta property=\"og:image:type\" content=\"image\/jpeg\" \/>\n<meta name=\"author\" content=\"iFamNews Italia\" \/>\n<meta name=\"twitter:card\" content=\"summary_large_image\" \/>\n<meta name=\"twitter:creator\" content=\"@https:\/\/twitter.com\/iFamNewsIT\" \/>\n<meta name=\"twitter:site\" content=\"@iFamNewsEN\" \/>\n<meta name=\"twitter:label1\" content=\"Verfasst von\" \/>\n\t<meta name=\"twitter:data1\" content=\"IFN Italien\" \/>\n\t<meta name=\"twitter:label2\" content=\"Gesch\u00e4tzte Lesezeit\" \/>\n\t<meta name=\"twitter:data2\" content=\"2\u00a0Minuten\" \/>\n<!-- \/ Yoast SEO Premium plugin. -->","yoast_head_json":{"title":"Japan: \u201eNein\u201c zur Adoption f\u00fcr Homo-Paare - \"iFamNews\"","description":"Japan erlaubt gleichgeschlechtlichen Paaren weder Heirat noch Adoption","robots":{"index":"index","follow":"follow","max-snippet":"max-snippet:-1","max-image-preview":"max-image-preview:large","max-video-preview":"max-video-preview:-1"},"canonical":"https:\/\/ifamnews.com\/de\/japan-nein-zur-adoption-f-r-homo-paare","og_locale":"de_DE","og_type":"article","og_title":"Japan: \u201eNein\u201c zur Adoption f\u00fcr Homo-Paare","og_description":"Japan erlaubt gleichgeschlechtlichen Paaren weder Heirat noch Adoption","og_url":"https:\/\/ifamnews.com\/de\/japan-nein-zur-adoption-f-r-homo-paare","og_site_name":"IFN","article_publisher":"https:\/\/www.facebook.com\/iFamNews","article_author":"https:\/\/www.facebook.com\/iFamNews\/","article_published_time":"2022-06-21T05:30:00+00:00","og_image":[{"width":1280,"height":853,"url":"https:\/\/ifamnews.com\/wp-content\/uploads\/2022\/06\/girl-g1525bf54f_1280.jpg","type":"image\/jpeg"}],"author":"iFamNews Italia","twitter_card":"summary_large_image","twitter_creator":"@https:\/\/twitter.com\/iFamNewsIT","twitter_site":"@iFamNewsEN","twitter_misc":{"Verfasst von":"IFN Italien","Gesch\u00e4tzte Lesezeit":"2\u00a0Minuten"},"schema":{"@context":"https:\/\/schema.org","@graph":[{"@type":"NewsArticle","@id":"https:\/\/ifamnews.com\/de\/japan-nein-zur-adoption-f-r-homo-paare#article","isPartOf":{"@id":"https:\/\/ifamnews.com\/de\/japan-nein-zur-adoption-f-r-homo-paare"},"author":{"name":"iFamNews Italia","@id":"https:\/\/ifamnews.com\/en\/#\/schema\/person\/fafda7d79212f3690f4af10238556aac"},"headline":"Japan: \u201eNein\u201c zur Adoption f\u00fcr Homo-Paare","datePublished":"2022-06-21T05:30:00+00:00","mainEntityOfPage":{"@id":"https:\/\/ifamnews.com\/de\/japan-nein-zur-adoption-f-r-homo-paare"},"wordCount":332,"commentCount":0,"publisher":{"@id":"https:\/\/ifamnews.com\/en\/#organization"},"image":{"@id":"https:\/\/ifamnews.com\/de\/japan-nein-zur-adoption-f-r-homo-paare#primaryimage"},"thumbnailUrl":"https:\/\/ifamnews.com\/wp-content\/uploads\/2022\/06\/girl-g1525bf54f_1280.jpg","keywords":["Japan","LGBT+"],"articleSection":["Breaking News","Kultur"],"inLanguage":"de","potentialAction":[{"@type":"CommentAction","name":"Comment","target":["https:\/\/ifamnews.com\/de\/japan-nein-zur-adoption-f-r-homo-paare#respond"]}]},{"@type":"WebPage","@id":"https:\/\/ifamnews.com\/de\/japan-nein-zur-adoption-f-r-homo-paare","url":"https:\/\/ifamnews.com\/de\/japan-nein-zur-adoption-f-r-homo-paare","name":"Japan: \u201eNein\u201c zur Adoption f\u00fcr Homo-Paare - \"iFamNews\"","isPartOf":{"@id":"https:\/\/ifamnews.com\/en\/#website"},"primaryImageOfPage":{"@id":"https:\/\/ifamnews.com\/de\/japan-nein-zur-adoption-f-r-homo-paare#primaryimage"},"image":{"@id":"https:\/\/ifamnews.com\/de\/japan-nein-zur-adoption-f-r-homo-paare#primaryimage"},"thumbnailUrl":"https:\/\/ifamnews.com\/wp-content\/uploads\/2022\/06\/girl-g1525bf54f_1280.jpg","datePublished":"2022-06-21T05:30:00+00:00","description":"Japan erlaubt gleichgeschlechtlichen Paaren weder Heirat noch Adoption","breadcrumb":{"@id":"https:\/\/ifamnews.com\/de\/japan-nein-zur-adoption-f-r-homo-paare#breadcrumb"},"inLanguage":"de","potentialAction":[{"@type":"ReadAction","target":["https:\/\/ifamnews.com\/de\/japan-nein-zur-adoption-f-r-homo-paare"]}]},{"@type":"ImageObject","inLanguage":"de","@id":"https:\/\/ifamnews.com\/de\/japan-nein-zur-adoption-f-r-homo-paare#primaryimage","url":"https:\/\/ifamnews.com\/wp-content\/uploads\/2022\/06\/girl-g1525bf54f_1280.jpg","contentUrl":"https:\/\/ifamnews.com\/wp-content\/uploads\/2022\/06\/girl-g1525bf54f_1280.jpg","width":1280,"height":853,"caption":"Bild von Pixabay"},{"@type":"BreadcrumbList","@id":"https:\/\/ifamnews.com\/de\/japan-nein-zur-adoption-f-r-homo-paare#breadcrumb","itemListElement":[{"@type":"ListItem","position":1,"name":"Home","item":"https:\/\/ifamnews.com\/de"},{"@type":"ListItem","position":2,"name":"Famiglia","item":"https:\/\/ifamnews.com\/it\/categoria\/famiglia"},{"@type":"ListItem","position":3,"name":"Japan: \u201eNein\u201c zur Adoption f\u00fcr Homo-Paare"}]},{"@type":"WebSite","@id":"https:\/\/ifamnews.com\/en\/#website","url":"https:\/\/ifamnews.com\/en\/","name":"IFN","description":"International Family News Network","publisher":{"@id":"https:\/\/ifamnews.com\/en\/#organization"},"potentialAction":[{"@type":"SearchAction","target":{"@type":"EntryPoint","urlTemplate":"https:\/\/ifamnews.com\/en\/?s={search_term_string}"},"query-input":{"@type":"PropertyValueSpecification","valueRequired":true,"valueName":"search_term_string"}}],"inLanguage":"de"},{"@type":"Organization","@id":"https:\/\/ifamnews.com\/en\/#organization","name":"iFamNews","url":"https:\/\/ifamnews.com\/en\/","logo":{"@type":"ImageObject","inLanguage":"de","@id":"https:\/\/ifamnews.com\/en\/#\/schema\/logo\/image\/","url":"https:\/\/ifamnews.com\/wp-content\/uploads\/2020\/01\/Share-logo.png","contentUrl":"https:\/\/ifamnews.com\/wp-content\/uploads\/2020\/01\/Share-logo.png","width":200,"height":200,"caption":"iFamNews"},"image":{"@id":"https:\/\/ifamnews.com\/en\/#\/schema\/logo\/image\/"},"sameAs":["https:\/\/www.facebook.com\/iFamNews","https:\/\/x.com\/iFamNewsEN"]},{"@type":"Person","@id":"https:\/\/ifamnews.com\/en\/#\/schema\/person\/fafda7d79212f3690f4af10238556aac","name":"iFamNews Italia","image":{"@type":"ImageObject","inLanguage":"de","@id":"https:\/\/secure.gravatar.com\/avatar\/2e50539bc89809bc22a0b2bb9dc3d7f67ffd1e564e5461707f0153146f8c99b5?s=96&d=mm&r=g","url":"https:\/\/secure.gravatar.com\/avatar\/2e50539bc89809bc22a0b2bb9dc3d7f67ffd1e564e5461707f0153146f8c99b5?s=96&d=mm&r=g","contentUrl":"https:\/\/secure.gravatar.com\/avatar\/2e50539bc89809bc22a0b2bb9dc3d7f67ffd1e564e5461707f0153146f8c99b5?s=96&d=mm&r=g","caption":"iFamNews Italia"},"description":"Articles published by the Italian iFamNews editorial team.","sameAs":["https:\/\/ifamnews.com\/it","https:\/\/www.facebook.com\/iFamNews\/","https:\/\/x.com\/https:\/\/twitter.com\/iFamNewsIT","https:\/\/www.youtube.com\/channel\/UCMVyIt4z9BANW3d09kwfUpw"],"url":"https:\/\/ifamnews.com\/de\/author\/redazioneit"}]}},"amp_enabled":true,"_links":{"self":[{"href":"https:\/\/ifamnews.com\/de\/wp-json\/wp\/v2\/posts\/148915","targetHints":{"allow":["GET"]}}],"collection":[{"href":"https:\/\/ifamnews.com\/de\/wp-json\/wp\/v2\/posts"}],"about":[{"href":"https:\/\/ifamnews.com\/de\/wp-json\/wp\/v2\/types\/post"}],"author":[{"embeddable":true,"href":"https:\/\/ifamnews.com\/de\/wp-json\/wp\/v2\/users\/46"}],"replies":[{"embeddable":true,"href":"https:\/\/ifamnews.com\/de\/wp-json\/wp\/v2\/comments?post=148915"}],"version-history":[{"count":2,"href":"https:\/\/ifamnews.com\/de\/wp-json\/wp\/v2\/posts\/148915\/revisions"}],"predecessor-version":[{"id":148922,"href":"https:\/\/ifamnews.com\/de\/wp-json\/wp\/v2\/posts\/148915\/revisions\/148922"}],"wp:featuredmedia":[{"embeddable":true,"href":"https:\/\/ifamnews.com\/de\/wp-json\/wp\/v2\/media\/148241"}],"wp:attachment":[{"href":"https:\/\/ifamnews.com\/de\/wp-json\/wp\/v2\/media?parent=148915"}],"wp:term":[{"taxonomy":"category","embeddable":true,"href":"https:\/\/ifamnews.com\/de\/wp-json\/wp\/v2\/categories?post=148915"},{"taxonomy":"post_tag","embeddable":true,"href":"https:\/\/ifamnews.com\/de\/wp-json\/wp\/v2\/tags?post=148915"}],"curies":[{"name":"wp","href":"https:\/\/api.w.org\/{rel}","templated":true}]}}