{"id":148905,"date":"2022-06-21T02:00:00","date_gmt":"2022-06-21T06:00:00","guid":{"rendered":"https:\/\/ifamnews.com\/?p=148905"},"modified":"2022-06-16T08:58:27","modified_gmt":"2022-06-16T12:58:27","slug":"was-hat-es-mit-demokraten-und-drag-queens-auf-sich","status":"publish","type":"post","link":"https:\/\/ifamnews.com\/de\/was-hat-es-mit-demokraten-und-drag-queens-auf-sich","title":{"rendered":"Was hat es mit Demokraten und Drag Queens auf sich?"},"content":{"rendered":"\n<p>Seitdem Transgenderismus bei den radikalen Eliten unseres Landes in Mode gekommen ist, benutzt die Linke Dragqueens, um die LGBT-Agenda voranzutreiben und unsere Kinder zu erziehen. Fisher-Price hat zum Beispiel gerade ein Set mit <a href=\"https:\/\/ifamnews.com\/de\/lgbt-spielzeug-ab-dem-alter-von-1-jahr-jetzt-auch-von-fisher-price\">RuPaul-Drag-Queen-Figuren<\/a> auf den Markt gebracht, das f\u00fcr Kinder ab einem Jahr gedacht ist. Zur Feier des diesj\u00e4hrigen Pride-Monats veranstaltete eine Schwulenbar in Dallas, Texas, eine &#8222;familienfreundliche&#8220; <a href=\"https:\/\/ifamnews.com\/de\/unerh-rt-kinder-bei-einer-drag-show-in-einem-texanischen-schwulenclub\">Drag-Show <\/a>f\u00fcr Kinder mit dem Titel &#8222;Drag Your Kids to Pride&#8220;; bei der Veranstaltung warfen Kinder Dollarscheine auf sp\u00e4rlich bekleidete Drag-Queens und gingen mit ihnen auf die B\u00fchne. Und jetzt sind zwei prominente Demokraten &#8211; die Sprecherin des US-Repr\u00e4sentantenhauses, Nancy Pelosi, und die Vizepr\u00e4sidentin Kamala Harris &#8211; stolz darauf, sich mit Drag Queens zu treffen und ihre Agenda zu unterst\u00fctzen.<\/p>\n\n\n\n<p>In einer Folge der Show RuPaul Drag Race, die am 10. Juni 2022 auf Paramount + ausgestrahlt wurde, hat die Parlamentspr\u00e4sidentin Nancy Pelosi einen Gastauftritt und unterst\u00fctzt die Dragqueens nachdr\u00fccklich. In der Folge erkl\u00e4rt Pelosi:<\/p>\n\n\n\n<blockquote class=\"wp-block-quote is-layout-flow wp-block-quote-is-layout-flow\"><p>&#8222;Es ist mir eine Ehre, hier zu sein, um Ihnen allen zu sagen, wie stolz wir alle auf Sie sind. Danke f\u00fcr die Freude und die Sch\u00f6nheit, die ihr in die Welt bringt. Eure Freiheit, euch in Drag auszudr\u00fccken, ist das, was Amerika ausmacht. Das sage ich auch immer wieder zu meinen Freunden in Drag.&#8220;<\/p><\/blockquote>\n\n\n\n<p>In einem Tweet vom 11. Juni \u00fcber den Auftritt sagt Pelosi:<\/p>\n\n\n\n<blockquote class=\"wp-block-quote is-layout-flow wp-block-quote-is-layout-flow\"><p>&#8222;Es war mir eine Ehre, in Folge 5 von @RuPaulsDragRace aufzutreten. All Stars 7 diese Woche. Die Kandidaten haben mich inspiriert, weil sie ihre Macht kennen. Ihre freie Meinungs\u00e4u\u00dferung ist das, was Amerika ausmacht. #Pride Month&#8220;<\/p><\/blockquote>\n\n\n\n<figure class=\"wp-block-embed is-type-rich is-provider-twitter wp-block-embed-twitter\"><div class=\"wp-block-embed__wrapper\">\n<blockquote class=\"twitter-tweet\" data-width=\"500\" data-dnt=\"true\"><p lang=\"en\" dir=\"ltr\">It was an honor to make an appearance on episode 5 of <a href=\"https:\/\/twitter.com\/RuPaulsDragRace?ref_src=twsrc%5Etfw\">@RuPaulsDragRace<\/a> All Stars 7 this week. I was inspired by the contestants because they know their power. Their freedom of expression is what America is all about. <a href=\"https:\/\/twitter.com\/hashtag\/PrideMonth?src=hash&amp;ref_src=twsrc%5Etfw\">#PrideMonth<\/a> <a href=\"https:\/\/t.co\/d5D7wubRKp\">pic.twitter.com\/d5D7wubRKp<\/a><\/p>&mdash; Nancy Pelosi (@SpeakerPelosi) <a href=\"https:\/\/twitter.com\/SpeakerPelosi\/status\/1535801416035475456?ref_src=twsrc%5Etfw\">June 12, 2022<\/a><\/blockquote><script async src=\"https:\/\/platform.twitter.com\/widgets.js\" charset=\"utf-8\"><\/script>\n<\/div><\/figure>\n\n\n\n<p>Bezeichnenderweise war dies nicht das erste Mal, dass Pelosi in der Drag-Queen-Show auftrat, denn sie war auch schon 2018 dabei. Als sie damals vom <a href=\"https:\/\/www.hollywoodreporter.com\/news\/general-news\/nancy-pelosi-previews-her-drag-race-visit-talks-potus-trump-is-lip-syncing-his-policies-1093072\/\">Hollywood Reporter<\/a> zu diesem Auftritt befragt wurde und was Politiker von Drag Queens lernen k\u00f6nnten, erkl\u00e4rte Pelosi: &#8222;Das ist eine gute Idee:<\/p>\n\n\n\n<blockquote class=\"wp-block-quote is-layout-flow wp-block-quote-is-layout-flow\"><p>&#8222;Authentizit\u00e4t. Stolz darauf sein, wer man ist. Die eigene Macht kennen &#8211; dar\u00fcber spreche ich in meinem kurzen Beitrag in der Sendung. Die Idee, dass die Menschen an sich selbst glauben, sie selbst sind und stolz auf sich selbst sind, ist nicht nur eine Lektion f\u00fcr Politiker, sondern f\u00fcr jeden in diesem Land. Und deshalb war ich so aufgeregt und konnte nicht widerstehen, bei der Show mitzumachen.&#8220;<\/p><\/blockquote>\n\n\n\n<p>Vizepr\u00e4sidentin Kamala Harris lie\u00df es sich jedoch nicht nehmen, Sprecherin Pelosi die Show zu stehlen, indem sie die Drag Queens unterst\u00fctzte. Wie <a href=\"https:\/\/www.lifesitenews.com\/blogs\/how-does-kamala-harris-hugging-a-nearly-naked-drag-queen-uphold-the-dignity-of-the-office\/\">LifeSiteNews<\/a> berichtet, traten Harris und ihr Ehemann am 12. Juni 2022 bei der Capitol Pride-Veranstaltung in Washington, DC, auf und gingen beide mit der Dragqueen-Gewinnerin der dreizehnten Staffel von RuPaul&#8217;s Drag Race auf die B\u00fchne (Was hat es mit Demokraten und RuPaul auf sich?). Nach der Veranstaltung postete Harris auf <a href=\"https:\/\/www.instagram.com\/p\/CeuiwsCu33g\/?utm_source=ig_embed&amp;ig_rid=911d86da-e8f8-42af-9d16-50316690b248\">Instagram<\/a> ein Bild von sich, auf dem sie die Drag Queen mit den Worten &#8222;Liebe ist Liebe&#8220; umarmt. Happy Pride!&#8220;<\/p>\n\n\n\n<p>Da haben Sie es also. Die Linke benutzt Dragqueens, um f\u00fcr die radikale LGBT-Agenda zu werben und Kinder zu erziehen, und f\u00fchrende Demokraten sind mit an Bord. Diese Demokraten k\u00f6nnen gar nicht genug tun, um Dragqueens und ihren Lebensstil zu f\u00f6rdern. Hoffen wir, dass all die sozialkonservativen Hispanics und Afroamerikaner, die traditionell die Demokratische Partei unterst\u00fctzen, im November noch einmal dar\u00fcber nachdenken werden. Pelosi und Harris vertreten nicht ihre Werte &#8211; und auch nicht die derjenigen, die sich um unsere Kinder und unsere Kultur sorgen.<\/p>\n","protected":false},"excerpt":{"rendered":"<p>Die Linke benutzt Dragqueens, um f\u00fcr die radikale LGBT-Agenda zu werben und Kinder zu erziehen, und f\u00fchrende Demokraten sind mit an Bord. <\/p>\n","protected":false},"author":651,"featured_media":148745,"comment_status":"open","ping_status":"open","sticky":false,"template":"","format":"standard","meta":{"give_campaign_id":0,"om_disable_all_campaigns":false,"_monsterinsights_skip_tracking":false,"_monsterinsights_sitenote_active":false,"_monsterinsights_sitenote_note":"","_monsterinsights_sitenote_category":0,"mc4wp_mailchimp_campaign":[],"jnews-multi-image_gallery":[],"jnews_single_post":{"subtitle":"Die Linke benutzt Dragqueens, um f\u00fcr die radikale LGBT-Agenda zu werben und Kinder zu erziehen, und f\u00fchrende Demokraten sind mit an Bord. ","format":"standard","video":"","gallery":"","source_name":"","source_url":"","via_name":"","via_url":"","override":[{"template":"1","single_blog_custom":"","parallax":"1","fullscreen":"1","layout":"right-sidebar","sidebar":"default-sidebar","second_sidebar":"default-sidebar","sticky_sidebar":"1","share_position":"top","share_float_style":"share-monocrhome","show_share_counter":"1","show_view_counter":"1","show_featured":"1","show_post_meta":"1","show_post_author":"1","show_post_author_image":"1","show_post_date":"1","post_date_format":"default","post_date_format_custom":"Y\/m\/d","show_post_category":"1","post_reading_time_wpm":"300","zoom_button_out_step":"2","zoom_button_in_step":"3","show_post_tag":"1","show_prev_next_post":"1","show_popup_post":"1","number_popup_post":"1"}],"image_override":[{"single_post_thumbnail_size":"crop-500","single_post_gallery_size":"crop-500"}],"trending_post_position":"meta","trending_post_label":"Trending","sponsored_post_label":"Sponsored by","sponsored_post_name":"","sponsored_post_url":"","sponsored_post_logo":"","sponsored_post_desc":""},"jnews_primary_category":{"id":"768"},"jnews_social_meta":{"fb_title":"","fb_description":"","fb_image":"","twitter_title":"","twitter_description":"","twitter_image":""},"jnews_override_counter":{"view_counter_number":"0","share_counter_number":"0","like_counter_number":"0","dislike_counter_number":"0"},"footnotes":""},"categories":[816,763,768,811],"tags":[19294,19295,6941,15773,19186],"class_list":["post-148905","post","type-post","status-publish","format-standard","has-post-thumbnail","hentry","category-breaking-news-de","category-kultur","category-politik","category-foreground-de","tag-dragqueens","tag-kamala-harris-de","tag-lgbt-ideologie","tag-nancy-pelosi-de","tag-rupaul-de"],"yoast_head":"<!-- This site is optimized with the Yoast SEO Premium plugin v25.9 (Yoast SEO v27.3) - https:\/\/yoast.com\/product\/yoast-seo-premium-wordpress\/ -->\n<title>Was hat es mit Demokraten und Drag Queens auf sich? - IFN<\/title>\n<meta name=\"robots\" content=\"index, follow, max-snippet:-1, max-image-preview:large, max-video-preview:-1\" \/>\n<link rel=\"canonical\" href=\"https:\/\/ifamnews.com\/de\/was-hat-es-mit-demokraten-und-drag-queens-auf-sich\" \/>\n<meta property=\"og:locale\" content=\"de_DE\" \/>\n<meta property=\"og:type\" content=\"article\" \/>\n<meta property=\"og:title\" content=\"Was hat es mit Demokraten und Drag Queens auf sich?\" \/>\n<meta property=\"og:description\" content=\"Die Linke benutzt Dragqueens, um f\u00fcr die radikale LGBT-Agenda zu werben und Kinder zu erziehen, und f\u00fchrende Demokraten sind mit an Bord.\" \/>\n<meta property=\"og:url\" content=\"https:\/\/ifamnews.com\/de\/was-hat-es-mit-demokraten-und-drag-queens-auf-sich\" \/>\n<meta property=\"og:site_name\" content=\"IFN\" \/>\n<meta property=\"article:publisher\" content=\"https:\/\/www.facebook.com\/iFamNews\" \/>\n<meta property=\"article:published_time\" content=\"2022-06-21T06:00:00+00:00\" \/>\n<meta property=\"og:image\" content=\"https:\/\/ifamnews.com\/wp-content\/uploads\/2022\/06\/VP-with-DQ.png\" \/>\n\t<meta property=\"og:image:width\" content=\"1200\" \/>\n\t<meta property=\"og:image:height\" content=\"675\" \/>\n\t<meta property=\"og:image:type\" content=\"image\/png\" \/>\n<meta name=\"author\" content=\"Cato\" \/>\n<meta name=\"twitter:card\" content=\"summary_large_image\" \/>\n<meta name=\"twitter:creator\" content=\"@iFamNewsEN\" \/>\n<meta name=\"twitter:site\" content=\"@iFamNewsEN\" \/>\n<meta name=\"twitter:label1\" content=\"Verfasst von\" \/>\n\t<meta name=\"twitter:data1\" content=\"Cato\" \/>\n\t<meta name=\"twitter:label2\" content=\"Gesch\u00e4tzte Lesezeit\" \/>\n\t<meta name=\"twitter:data2\" content=\"3\u00a0Minuten\" \/>\n<!-- \/ Yoast SEO Premium plugin. -->","yoast_head_json":{"title":"Was hat es mit Demokraten und Drag Queens auf sich? - IFN","robots":{"index":"index","follow":"follow","max-snippet":"max-snippet:-1","max-image-preview":"max-image-preview:large","max-video-preview":"max-video-preview:-1"},"canonical":"https:\/\/ifamnews.com\/de\/was-hat-es-mit-demokraten-und-drag-queens-auf-sich","og_locale":"de_DE","og_type":"article","og_title":"Was hat es mit Demokraten und Drag Queens auf sich?","og_description":"Die Linke benutzt Dragqueens, um f\u00fcr die radikale LGBT-Agenda zu werben und Kinder zu erziehen, und f\u00fchrende Demokraten sind mit an Bord.","og_url":"https:\/\/ifamnews.com\/de\/was-hat-es-mit-demokraten-und-drag-queens-auf-sich","og_site_name":"IFN","article_publisher":"https:\/\/www.facebook.com\/iFamNews","article_published_time":"2022-06-21T06:00:00+00:00","og_image":[{"width":1200,"height":675,"url":"https:\/\/ifamnews.com\/wp-content\/uploads\/2022\/06\/VP-with-DQ.png","type":"image\/png"}],"author":"Cato","twitter_card":"summary_large_image","twitter_creator":"@iFamNewsEN","twitter_site":"@iFamNewsEN","twitter_misc":{"Verfasst von":"Cato","Gesch\u00e4tzte Lesezeit":"3\u00a0Minuten"},"schema":{"@context":"https:\/\/schema.org","@graph":[{"@type":"NewsArticle","@id":"https:\/\/ifamnews.com\/de\/was-hat-es-mit-demokraten-und-drag-queens-auf-sich#article","isPartOf":{"@id":"https:\/\/ifamnews.com\/de\/was-hat-es-mit-demokraten-und-drag-queens-auf-sich"},"author":{"name":"Cato","@id":"https:\/\/ifamnews.com\/en\/#\/schema\/person\/d0e56511b7b7caedd2922a59482440ba"},"headline":"Was hat es mit Demokraten und Drag Queens auf sich?","datePublished":"2022-06-21T06:00:00+00:00","mainEntityOfPage":{"@id":"https:\/\/ifamnews.com\/de\/was-hat-es-mit-demokraten-und-drag-queens-auf-sich"},"wordCount":589,"commentCount":0,"publisher":{"@id":"https:\/\/ifamnews.com\/en\/#organization"},"image":{"@id":"https:\/\/ifamnews.com\/de\/was-hat-es-mit-demokraten-und-drag-queens-auf-sich#primaryimage"},"thumbnailUrl":"https:\/\/ifamnews.com\/wp-content\/uploads\/2022\/06\/VP-with-DQ.png","keywords":["Dragqueens","Kamala Harris","LGBT-Ideologie","Nancy Pelosi","RuPaul"],"articleSection":["Breaking News","Kultur","Politik","Vordergrund"],"inLanguage":"de","potentialAction":[{"@type":"CommentAction","name":"Comment","target":["https:\/\/ifamnews.com\/de\/was-hat-es-mit-demokraten-und-drag-queens-auf-sich#respond"]}]},{"@type":"WebPage","@id":"https:\/\/ifamnews.com\/de\/was-hat-es-mit-demokraten-und-drag-queens-auf-sich","url":"https:\/\/ifamnews.com\/de\/was-hat-es-mit-demokraten-und-drag-queens-auf-sich","name":"Was hat es mit Demokraten und Drag Queens auf sich? - IFN","isPartOf":{"@id":"https:\/\/ifamnews.com\/en\/#website"},"primaryImageOfPage":{"@id":"https:\/\/ifamnews.com\/de\/was-hat-es-mit-demokraten-und-drag-queens-auf-sich#primaryimage"},"image":{"@id":"https:\/\/ifamnews.com\/de\/was-hat-es-mit-demokraten-und-drag-queens-auf-sich#primaryimage"},"thumbnailUrl":"https:\/\/ifamnews.com\/wp-content\/uploads\/2022\/06\/VP-with-DQ.png","datePublished":"2022-06-21T06:00:00+00:00","breadcrumb":{"@id":"https:\/\/ifamnews.com\/de\/was-hat-es-mit-demokraten-und-drag-queens-auf-sich#breadcrumb"},"inLanguage":"de","potentialAction":[{"@type":"ReadAction","target":["https:\/\/ifamnews.com\/de\/was-hat-es-mit-demokraten-und-drag-queens-auf-sich"]}]},{"@type":"ImageObject","inLanguage":"de","@id":"https:\/\/ifamnews.com\/de\/was-hat-es-mit-demokraten-und-drag-queens-auf-sich#primaryimage","url":"https:\/\/ifamnews.com\/wp-content\/uploads\/2022\/06\/VP-with-DQ.png","contentUrl":"https:\/\/ifamnews.com\/wp-content\/uploads\/2022\/06\/VP-with-DQ.png","width":1200,"height":675},{"@type":"BreadcrumbList","@id":"https:\/\/ifamnews.com\/de\/was-hat-es-mit-demokraten-und-drag-queens-auf-sich#breadcrumb","itemListElement":[{"@type":"ListItem","position":1,"name":"Home","item":"https:\/\/ifamnews.com\/de"},{"@type":"ListItem","position":2,"name":"\u041a\u0443\u043b\u0442\u0443\u0440\u0430","item":"https:\/\/ifamnews.com\/sr\/kategorija\/kultura-sr"},{"@type":"ListItem","position":3,"name":"Was hat es mit Demokraten und Drag Queens auf sich?"}]},{"@type":"WebSite","@id":"https:\/\/ifamnews.com\/en\/#website","url":"https:\/\/ifamnews.com\/en\/","name":"IFN","description":"International Family News Network","publisher":{"@id":"https:\/\/ifamnews.com\/en\/#organization"},"potentialAction":[{"@type":"SearchAction","target":{"@type":"EntryPoint","urlTemplate":"https:\/\/ifamnews.com\/en\/?s={search_term_string}"},"query-input":{"@type":"PropertyValueSpecification","valueRequired":true,"valueName":"search_term_string"}}],"inLanguage":"de"},{"@type":"Organization","@id":"https:\/\/ifamnews.com\/en\/#organization","name":"iFamNews","url":"https:\/\/ifamnews.com\/en\/","logo":{"@type":"ImageObject","inLanguage":"de","@id":"https:\/\/ifamnews.com\/en\/#\/schema\/logo\/image\/","url":"https:\/\/ifamnews.com\/wp-content\/uploads\/2020\/01\/Share-logo.png","contentUrl":"https:\/\/ifamnews.com\/wp-content\/uploads\/2020\/01\/Share-logo.png","width":200,"height":200,"caption":"iFamNews"},"image":{"@id":"https:\/\/ifamnews.com\/en\/#\/schema\/logo\/image\/"},"sameAs":["https:\/\/www.facebook.com\/iFamNews","https:\/\/x.com\/iFamNewsEN"]},{"@type":"Person","@id":"https:\/\/ifamnews.com\/en\/#\/schema\/person\/d0e56511b7b7caedd2922a59482440ba","name":"Cato","image":{"@type":"ImageObject","inLanguage":"de","@id":"https:\/\/secure.gravatar.com\/avatar\/69b258be912b2a9b1ef3917af1a950d6279239e325672d64c73a2c0dfe012d11?s=96&d=mm&r=g","url":"https:\/\/secure.gravatar.com\/avatar\/69b258be912b2a9b1ef3917af1a950d6279239e325672d64c73a2c0dfe012d11?s=96&d=mm&r=g","contentUrl":"https:\/\/secure.gravatar.com\/avatar\/69b258be912b2a9b1ef3917af1a950d6279239e325672d64c73a2c0dfe012d11?s=96&d=mm&r=g","caption":"Cato"},"description":"Cato is a staunch defender of Western Civilization and the Judeo-Christian worldview. He will end all of his articles: \"And the radical LGBT agenda must be defeated\" as this is the pre-eminent battle of our day.","url":"https:\/\/ifamnews.com\/de\/author\/rsiedlecki"}]}},"amp_enabled":true,"_links":{"self":[{"href":"https:\/\/ifamnews.com\/de\/wp-json\/wp\/v2\/posts\/148905","targetHints":{"allow":["GET"]}}],"collection":[{"href":"https:\/\/ifamnews.com\/de\/wp-json\/wp\/v2\/posts"}],"about":[{"href":"https:\/\/ifamnews.com\/de\/wp-json\/wp\/v2\/types\/post"}],"author":[{"embeddable":true,"href":"https:\/\/ifamnews.com\/de\/wp-json\/wp\/v2\/users\/651"}],"replies":[{"embeddable":true,"href":"https:\/\/ifamnews.com\/de\/wp-json\/wp\/v2\/comments?post=148905"}],"version-history":[{"count":3,"href":"https:\/\/ifamnews.com\/de\/wp-json\/wp\/v2\/posts\/148905\/revisions"}],"predecessor-version":[{"id":148920,"href":"https:\/\/ifamnews.com\/de\/wp-json\/wp\/v2\/posts\/148905\/revisions\/148920"}],"wp:featuredmedia":[{"embeddable":true,"href":"https:\/\/ifamnews.com\/de\/wp-json\/wp\/v2\/media\/148745"}],"wp:attachment":[{"href":"https:\/\/ifamnews.com\/de\/wp-json\/wp\/v2\/media?parent=148905"}],"wp:term":[{"taxonomy":"category","embeddable":true,"href":"https:\/\/ifamnews.com\/de\/wp-json\/wp\/v2\/categories?post=148905"},{"taxonomy":"post_tag","embeddable":true,"href":"https:\/\/ifamnews.com\/de\/wp-json\/wp\/v2\/tags?post=148905"}],"curies":[{"name":"wp","href":"https:\/\/api.w.org\/{rel}","templated":true}]}}