{"id":147434,"date":"2022-06-09T02:00:00","date_gmt":"2022-06-09T06:00:00","guid":{"rendered":"https:\/\/ifamnews.com\/?p=147434"},"modified":"2022-06-08T11:59:47","modified_gmt":"2022-06-08T15:59:47","slug":"amerikas-tsunami-der-gewalt-ursache-und-abhilfe","status":"publish","type":"post","link":"https:\/\/ifamnews.com\/de\/amerikas-tsunami-der-gewalt-ursache-und-abhilfe","title":{"rendered":"Amerikas Tsunami der Gewalt: Ursache und Abhilfe"},"content":{"rendered":"\n<p>Die Massenschie\u00dferei, die ein 18-j\u00e4hriger Sch\u00fctze am 24. Mai in der Robb Elementary School in Uvalde, Texas, ver\u00fcbte, hatte ein Ausma\u00df, das an die Trag\u00f6dien von Columbine, Sandy Hook und Marjory Stoneman Douglas erinnert: 19 Sch\u00fcler und zwei Lehrer wurden get\u00f6tet und 17 weitere verletzt. Doch diese \u00f6ffentlichkeitswirksamen Katastrophen sind nur die Spitze des Eisbergs. In der Woche nach den Morden in Uvalde gab es nach Angaben des Gun Violence Archive 18 weitere Massenerschie\u00dfungen in Amerika.<\/p>\n\n\n\n<p>Um unsere Schulen zu sichern und unsere Kinder vor Waffengewalt zu sch\u00fctzen, sind rasche und endg\u00fcltige Ma\u00dfnahmen erforderlich. Doch am Tag nach der Schie\u00dferei in Uvalde forderte der Senator von Utah, Mike Lee, uns auf, \u00fcber m\u00f6gliche Ursachen nachzudenken.<\/p>\n\n\n\n<blockquote class=\"wp-block-quote is-layout-flow wp-block-quote-is-layout-flow\"><p>Jedes Mal, wenn sich eine dieser Trag\u00f6dien ereignet, denke ich, dass wir es viel zu lange vers\u00e4umt haben, uns mit den eigentlichen Ursachen von Amokl\u00e4ufen zu befassen. Warum bringt unsere Kultur pl\u00f6tzlich so viele junge M\u00e4nner hervor, die unschuldige Menschen ermorden wollen? Sie wirft Fragen auf wie: K\u00f6nnten Vaterlosigkeit, der Zusammenbruch von Familien, die Isolierung von der Zivilgesellschaft oder die Verherrlichung von Gewalt dazu beitragen?<\/p><\/blockquote>\n\n\n\n<p>Zwei Tage sp\u00e4ter erkl\u00e4rte der ehemalige Pr\u00e4sident Donald Trump: &#8222;Wir m\u00fcssen uns mit dem Problem zerr\u00fctteter Familien befassen, denn kein Gesetz kann die Auswirkungen eines zerr\u00fctteten Elternhauses heilen. Es gibt keinen Ersatz f\u00fcr eine starke Mutter und einen gro\u00dfartigen Vater&#8220;.<\/p>\n\n\n\n<p>Das ist in der Tat kein Ersatz, wie f\u00fchrende Politiker seit langem betonen. &#8222;Eine Nation ohne die Familie als ihr grundlegendes Fundament&#8220;, erkl\u00e4rte der Pr\u00e4sident der LDS, Joseph Fielding Smith, vor fast einem Jahrhundert, &#8222;kann nur zu einem Ende f\u00fchren &#8211; zu Anarchie und Aufl\u00f6sung&#8220;. Wenn er von &#8222;<em>einer<\/em> Nation&#8220; spricht, meint er nat\u00fcrlich &#8222;<em>jede<\/em> Nation&#8220; &#8211; wie zum Beispiel Mexiko, vor dem die fr\u00fchere Direktorin des DIF (Nationales System f\u00fcr integrale Familienentwicklung), Ana Teresa Aranda, schon vor Jahren gewarnt hat,<\/p>\n\n\n\n<blockquote class=\"wp-block-quote is-layout-flow wp-block-quote-is-layout-flow\"><p>Es ist kein Geheimnis, dass die Verwundbarkeit unserer V\u00f6lker &#8211; Unsicherheit, Kriminalit\u00e4t, Missbrauch, Vernachl\u00e4ssigung \u00e4lterer Menschen, verwaiste Kinder und Gewalt &#8211; enorme Ungleichgewichte verursacht und uns zwingt, Millionen f\u00fcr institutionelle Ma\u00dfnahmen auszugeben, die letztendlich nicht mehr tun k\u00f6nnen, als diese \u00dcbel zu verwalten. Wenn wir so weitermachen, wird der Zeitpunkt kommen, an dem alle unsere Steuermittel nicht mehr ausreichen, um die Auswirkungen der Verwundbarkeit zu bek\u00e4mpfen. Wenn wir die Ursachen bek\u00e4mpfen wollen, m\u00fcssen wir uns mit der Familie befassen.<\/p><\/blockquote>\n\n\n\n<p>Die grundlegende Rolle der Familie, einschlie\u00dflich der schrecklichen Konsequenzen, die sich ergeben, wenn sie scheitert, ist eine Realit\u00e4t, die sich durch die gesamte Geschichte zieht. Der \u00c4gyptologie-Professor John Gee hat festgestellt, dass die fr\u00fchesten Aufzeichnungen \u00fcber die menschliche Rasse zeigen, dass &#8222;die Zerst\u00f6rung der Familie katastrophale Auswirkungen auf die Gesellschaft hat: Die Gesellschaft h\u00f6rt auf, als funktionierende historische Einheit zu existieren&#8220;.<\/p>\n\n\n\n<p>Auch im alten China erkl\u00e4rte der weise Konfuzius, den der Historiker Will Durant als den gr\u00f6\u00dften Denker der Geschichte sch\u00e4tzt, in einer Zeit des Niedergangs, dass die chinesischen Staaten &#8211; ja, &#8222;die ganze Welt&#8220;, wie er behauptete &#8211; nicht in Ordnung gebracht werden k\u00f6nnten, ohne zuerst die Familie in Ordnung zu bringen.<\/p>\n\n\n\n<p>Die weisen Verfasser der Allgemeinen Erkl\u00e4rung der Menschenrechte von 1948 haben die universelle und unver\u00e4nderliche Wahrheit erkannt, dass &#8222;die Familie die nat\u00fcrliche und grundlegende Gruppeneinheit der Gesellschaft ist und Anspruch auf Schutz durch die Gesellschaft und den Staat hat&#8220;.<\/p>\n\n\n\n<p>Solche Lehren aus der Geschichte dr\u00f6hnen uns in dieser entscheidenden Zeit in die Ohren, in der ein beispielloser Familienzerfall wie ein Tsunami \u00fcber Amerika und die Welt hinwegrollt. Was Pr\u00e4sident Ronald Reagan \u00fcber Amerika gesagt hat, gilt f\u00fcr jedes Land der Erde: &#8222;Die St\u00e4rke unserer Familien ist entscheidend f\u00fcr die St\u00e4rke unserer Nation&#8220;. Den Zusammenbruch der Familie nicht anzugehen, egal wie viele andere Probleme auch angegangen werden, w\u00e4re so, als w\u00fcrde man die Liegest\u00fchle auf der Titanic umstellen, w\u00e4hrend die Katastrophe droht.<\/p>\n\n\n\n<p>Wir k\u00f6nnen nicht l\u00e4nger damit warten, die Gesellschaft durch den Schutz und die F\u00f6rderung der Familie zu sch\u00fctzen, jener &#8222;universellen Gemeinschaft, die auf der ehelichen Vereinigung von Mann und Frau beruht&#8220;, die, wie wir bereits fr\u00fcher festgestellt haben  <a href=\"http:\/\/www.worldfamilydeclaration.org\/\" target=\"_blank\" rel=\"noreferrer noopener\">erkl\u00e4rte<\/a>, ist &#8222;das ultimative Fundament jeder bekannten Zivilisation&#8220; und das &#8222;Fundament der Gesellschaft, die St\u00e4rke unserer Nationen und die Hoffnung der Menschheit&#8220;.<\/p>\n\n\n\n<p>Wir m\u00fcssen unsere eigenen Familien st\u00e4rken und uns dann mit anderen Einzelpersonen und Organisationen zusammenschlie\u00dfen, um unserer Stimme in der Regierung und in allen Bereichen der Gesellschaft Geh\u00f6r zu verschaffen. Wir m\u00fcssen der familienfeindlichen Kultur mutig entgegentreten und sie durch eine familienfreundliche Kultur ersetzen, die die Ehe zwischen einem Mann und einer Frau ehrt, w\u00e4hrend sie ein Refugium der Liebe f\u00fcr sich und ihre Kinder aufbauen. Um unsere Zukunft zu sichern, m\u00fcssen wir unser Fundament sichern. Und wir m\u00fcssen es jetzt tun.<\/p>\n","protected":false},"excerpt":{"rendered":"<p>Sich nicht mit dem Zusammenbruch der Familie zu befassen, w\u00e4re so, als w\u00fcrde man die St\u00fchle auf der Titanic umstellen, w\u00e4hrend die Katastrophe naht.<\/p>\n","protected":false},"author":30,"featured_media":146276,"comment_status":"open","ping_status":"open","sticky":false,"template":"","format":"standard","meta":{"give_campaign_id":0,"om_disable_all_campaigns":false,"_monsterinsights_skip_tracking":false,"_monsterinsights_sitenote_active":false,"_monsterinsights_sitenote_note":"","_monsterinsights_sitenote_category":0,"mc4wp_mailchimp_campaign":[],"jnews-multi-image_gallery":[],"jnews_single_post":{"subtitle":"Sich nicht mit dem Zusammenbruch der Familie zu befassen, w\u00e4re so, als w\u00fcrde man die St\u00fchle auf der Titanic umstellen, w\u00e4hrend die Katastrophe naht.","format":"standard","video":"","gallery":"","source_name":"","source_url":"","via_name":"","via_url":"","override":[{"template":"1","single_blog_custom":"","parallax":"1","fullscreen":"1","layout":"right-sidebar","sidebar":"default-sidebar","second_sidebar":"default-sidebar","sticky_sidebar":"1","share_position":"top","share_float_style":"share-monocrhome","show_share_counter":"1","show_view_counter":"1","show_featured":"1","show_post_meta":"1","show_post_author":"1","show_post_author_image":"1","show_post_date":"1","post_date_format":"default","post_date_format_custom":"Y\/m\/d","show_post_category":"1","post_reading_time_wpm":"300","zoom_button_out_step":"2","zoom_button_in_step":"3","show_post_tag":"1","show_prev_next_post":"1","show_popup_post":"1","number_popup_post":"1"}],"image_override":[{"single_post_thumbnail_size":"crop-500","single_post_gallery_size":"crop-500"}],"trending_post_position":"meta","trending_post_label":"Trending","sponsored_post_label":"Sponsored by","sponsored_post_name":"","sponsored_post_url":"","sponsored_post_logo":"","sponsored_post_desc":""},"jnews_primary_category":{"id":"770"},"jnews_social_meta":{"fb_title":"","fb_description":"","fb_image":"","twitter_title":"","twitter_description":"","twitter_image":""},"jnews_override_counter":{"view_counter_number":"0","share_counter_number":"0","like_counter_number":"0","dislike_counter_number":"0"},"footnotes":""},"categories":[816,770,811],"tags":[19182,8682,18464,19041,16989,19040,14262],"class_list":["post-147434","post","type-post","status-publish","format-standard","has-post-thumbnail","hentry","category-breaking-news-de","category-familie","category-foreground-de","tag-familienzerfall","tag-family-de-2","tag-naturliche-familie","tag-schiesen","tag-texas-de-2","tag-uvalde-de","tag-waffengewalt"],"yoast_head":"<!-- This site is optimized with the Yoast SEO Premium plugin v25.9 (Yoast SEO v27.3) - https:\/\/yoast.com\/product\/yoast-seo-premium-wordpress\/ -->\n<title>Amerikas Tsunami der Gewalt: Ursache und Abhilfe - IFN<\/title>\n<meta name=\"description\" content=\"Sich nicht mit dem Zusammenbruch der Familie zu befassen, w\u00e4re so, als w\u00fcrde man die St\u00fchle auf der Titanic umstellen, w\u00e4hrend die Katastrophe naht.\" \/>\n<meta name=\"robots\" content=\"index, follow, max-snippet:-1, max-image-preview:large, max-video-preview:-1\" \/>\n<link rel=\"canonical\" href=\"https:\/\/ifamnews.com\/de\/amerikas-tsunami-der-gewalt-ursache-und-abhilfe\" \/>\n<meta property=\"og:locale\" content=\"de_DE\" \/>\n<meta property=\"og:type\" content=\"article\" \/>\n<meta property=\"og:title\" content=\"Amerikas Tsunami der Gewalt: Ursache und Abhilfe\" \/>\n<meta property=\"og:description\" content=\"Sich nicht mit dem Zusammenbruch der Familie zu befassen, w\u00e4re so, als w\u00fcrde man die St\u00fchle auf der Titanic umstellen, w\u00e4hrend die Katastrophe naht.\" \/>\n<meta property=\"og:url\" content=\"https:\/\/ifamnews.com\/de\/amerikas-tsunami-der-gewalt-ursache-und-abhilfe\" \/>\n<meta property=\"og:site_name\" content=\"IFN\" \/>\n<meta property=\"article:publisher\" content=\"https:\/\/www.facebook.com\/iFamNews\" \/>\n<meta property=\"article:published_time\" content=\"2022-06-09T06:00:00+00:00\" \/>\n<meta property=\"og:image\" content=\"https:\/\/ifamnews.com\/wp-content\/uploads\/2022\/06\/pexels-kulbir-9562821-resized.jpg\" \/>\n\t<meta property=\"og:image:width\" content=\"1200\" \/>\n\t<meta property=\"og:image:height\" content=\"675\" \/>\n\t<meta property=\"og:image:type\" content=\"image\/jpeg\" \/>\n<meta name=\"author\" content=\"E. Douglas Clark\" \/>\n<meta name=\"twitter:card\" content=\"summary_large_image\" \/>\n<meta name=\"twitter:creator\" content=\"@iFamNewsEN\" \/>\n<meta name=\"twitter:site\" content=\"@iFamNewsEN\" \/>\n<meta name=\"twitter:label1\" content=\"Verfasst von\" \/>\n\t<meta name=\"twitter:data1\" content=\"E. Douglas Clark\" \/>\n\t<meta name=\"twitter:label2\" content=\"Gesch\u00e4tzte Lesezeit\" \/>\n\t<meta name=\"twitter:data2\" content=\"4\u00a0Minuten\" \/>\n<!-- \/ Yoast SEO Premium plugin. -->","yoast_head_json":{"title":"Amerikas Tsunami der Gewalt: Ursache und Abhilfe - IFN","description":"Sich nicht mit dem Zusammenbruch der Familie zu befassen, w\u00e4re so, als w\u00fcrde man die St\u00fchle auf der Titanic umstellen, w\u00e4hrend die Katastrophe naht.","robots":{"index":"index","follow":"follow","max-snippet":"max-snippet:-1","max-image-preview":"max-image-preview:large","max-video-preview":"max-video-preview:-1"},"canonical":"https:\/\/ifamnews.com\/de\/amerikas-tsunami-der-gewalt-ursache-und-abhilfe","og_locale":"de_DE","og_type":"article","og_title":"Amerikas Tsunami der Gewalt: Ursache und Abhilfe","og_description":"Sich nicht mit dem Zusammenbruch der Familie zu befassen, w\u00e4re so, als w\u00fcrde man die St\u00fchle auf der Titanic umstellen, w\u00e4hrend die Katastrophe naht.","og_url":"https:\/\/ifamnews.com\/de\/amerikas-tsunami-der-gewalt-ursache-und-abhilfe","og_site_name":"IFN","article_publisher":"https:\/\/www.facebook.com\/iFamNews","article_published_time":"2022-06-09T06:00:00+00:00","og_image":[{"width":1200,"height":675,"url":"https:\/\/ifamnews.com\/wp-content\/uploads\/2022\/06\/pexels-kulbir-9562821-resized.jpg","type":"image\/jpeg"}],"author":"E. Douglas Clark","twitter_card":"summary_large_image","twitter_creator":"@iFamNewsEN","twitter_site":"@iFamNewsEN","twitter_misc":{"Verfasst von":"E. Douglas Clark","Gesch\u00e4tzte Lesezeit":"4\u00a0Minuten"},"schema":{"@context":"https:\/\/schema.org","@graph":[{"@type":"NewsArticle","@id":"https:\/\/ifamnews.com\/de\/amerikas-tsunami-der-gewalt-ursache-und-abhilfe#article","isPartOf":{"@id":"https:\/\/ifamnews.com\/de\/amerikas-tsunami-der-gewalt-ursache-und-abhilfe"},"author":{"name":"E. Douglas Clark","@id":"https:\/\/ifamnews.com\/en\/#\/schema\/person\/004a3a3e14cfb4420066c3d177785019"},"headline":"Amerikas Tsunami der Gewalt: Ursache und Abhilfe","datePublished":"2022-06-09T06:00:00+00:00","mainEntityOfPage":{"@id":"https:\/\/ifamnews.com\/de\/amerikas-tsunami-der-gewalt-ursache-und-abhilfe"},"wordCount":840,"commentCount":0,"publisher":{"@id":"https:\/\/ifamnews.com\/en\/#organization"},"image":{"@id":"https:\/\/ifamnews.com\/de\/amerikas-tsunami-der-gewalt-ursache-und-abhilfe#primaryimage"},"thumbnailUrl":"https:\/\/ifamnews.com\/wp-content\/uploads\/2022\/06\/pexels-kulbir-9562821-resized.jpg","keywords":["Familienzerfall","family","nat\u00fcrliche Familie","Schie\u00dfen","Texas","Uvalde","Waffengewalt"],"articleSection":["Breaking News","Familie","Vordergrund"],"inLanguage":"de","potentialAction":[{"@type":"CommentAction","name":"Comment","target":["https:\/\/ifamnews.com\/de\/amerikas-tsunami-der-gewalt-ursache-und-abhilfe#respond"]}]},{"@type":"WebPage","@id":"https:\/\/ifamnews.com\/de\/amerikas-tsunami-der-gewalt-ursache-und-abhilfe","url":"https:\/\/ifamnews.com\/de\/amerikas-tsunami-der-gewalt-ursache-und-abhilfe","name":"Amerikas Tsunami der Gewalt: Ursache und Abhilfe - IFN","isPartOf":{"@id":"https:\/\/ifamnews.com\/en\/#website"},"primaryImageOfPage":{"@id":"https:\/\/ifamnews.com\/de\/amerikas-tsunami-der-gewalt-ursache-und-abhilfe#primaryimage"},"image":{"@id":"https:\/\/ifamnews.com\/de\/amerikas-tsunami-der-gewalt-ursache-und-abhilfe#primaryimage"},"thumbnailUrl":"https:\/\/ifamnews.com\/wp-content\/uploads\/2022\/06\/pexels-kulbir-9562821-resized.jpg","datePublished":"2022-06-09T06:00:00+00:00","description":"Sich nicht mit dem Zusammenbruch der Familie zu befassen, w\u00e4re so, als w\u00fcrde man die St\u00fchle auf der Titanic umstellen, w\u00e4hrend die Katastrophe naht.","breadcrumb":{"@id":"https:\/\/ifamnews.com\/de\/amerikas-tsunami-der-gewalt-ursache-und-abhilfe#breadcrumb"},"inLanguage":"de","potentialAction":[{"@type":"ReadAction","target":["https:\/\/ifamnews.com\/de\/amerikas-tsunami-der-gewalt-ursache-und-abhilfe"]}]},{"@type":"ImageObject","inLanguage":"de","@id":"https:\/\/ifamnews.com\/de\/amerikas-tsunami-der-gewalt-ursache-und-abhilfe#primaryimage","url":"https:\/\/ifamnews.com\/wp-content\/uploads\/2022\/06\/pexels-kulbir-9562821-resized.jpg","contentUrl":"https:\/\/ifamnews.com\/wp-content\/uploads\/2022\/06\/pexels-kulbir-9562821-resized.jpg","width":1200,"height":675,"caption":"Foto: Pexels"},{"@type":"BreadcrumbList","@id":"https:\/\/ifamnews.com\/de\/amerikas-tsunami-der-gewalt-ursache-und-abhilfe#breadcrumb","itemListElement":[{"@type":"ListItem","position":1,"name":"Home","item":"https:\/\/ifamnews.com\/de"},{"@type":"ListItem","position":2,"name":"Familia","item":"https:\/\/ifamnews.com\/es\/categoria\/familia"},{"@type":"ListItem","position":3,"name":"Amerikas Tsunami der Gewalt: Ursache und Abhilfe"}]},{"@type":"WebSite","@id":"https:\/\/ifamnews.com\/en\/#website","url":"https:\/\/ifamnews.com\/en\/","name":"IFN","description":"International Family News Network","publisher":{"@id":"https:\/\/ifamnews.com\/en\/#organization"},"potentialAction":[{"@type":"SearchAction","target":{"@type":"EntryPoint","urlTemplate":"https:\/\/ifamnews.com\/en\/?s={search_term_string}"},"query-input":{"@type":"PropertyValueSpecification","valueRequired":true,"valueName":"search_term_string"}}],"inLanguage":"de"},{"@type":"Organization","@id":"https:\/\/ifamnews.com\/en\/#organization","name":"iFamNews","url":"https:\/\/ifamnews.com\/en\/","logo":{"@type":"ImageObject","inLanguage":"de","@id":"https:\/\/ifamnews.com\/en\/#\/schema\/logo\/image\/","url":"https:\/\/ifamnews.com\/wp-content\/uploads\/2020\/01\/Share-logo.png","contentUrl":"https:\/\/ifamnews.com\/wp-content\/uploads\/2020\/01\/Share-logo.png","width":200,"height":200,"caption":"iFamNews"},"image":{"@id":"https:\/\/ifamnews.com\/en\/#\/schema\/logo\/image\/"},"sameAs":["https:\/\/www.facebook.com\/iFamNews","https:\/\/x.com\/iFamNewsEN"]},{"@type":"Person","@id":"https:\/\/ifamnews.com\/en\/#\/schema\/person\/004a3a3e14cfb4420066c3d177785019","name":"E. Douglas Clark","image":{"@type":"ImageObject","inLanguage":"de","@id":"https:\/\/secure.gravatar.com\/avatar\/4f01991614cc9086457280e0279d7da9c1c6dd2774eca1bf16e9e24005c6feb0?s=96&d=mm&r=g","url":"https:\/\/secure.gravatar.com\/avatar\/4f01991614cc9086457280e0279d7da9c1c6dd2774eca1bf16e9e24005c6feb0?s=96&d=mm&r=g","contentUrl":"https:\/\/secure.gravatar.com\/avatar\/4f01991614cc9086457280e0279d7da9c1c6dd2774eca1bf16e9e24005c6feb0?s=96&d=mm&r=g","caption":"E. Douglas Clark"},"description":"E. Douglas Clark is an attorney and Director of UN and International Policy at the International Organization for the Family. For two decades Doug has been on the forefront of defending the family at the United Nations as a lobbyist and strategist, leading teams and consulting with policymakers in New York and around the world. His writings include the World Family Declaration and articles in The Natural Family: An International Journal of Research and Policy and Ave Maria International Law Journal. After earning MBA and JD degrees from Brigham Young University, he practiced banking law and served as director of content of the original Law.com.","url":"https:\/\/ifamnews.com\/de\/author\/dclarkifamnews-com"}]}},"amp_enabled":true,"_links":{"self":[{"href":"https:\/\/ifamnews.com\/de\/wp-json\/wp\/v2\/posts\/147434","targetHints":{"allow":["GET"]}}],"collection":[{"href":"https:\/\/ifamnews.com\/de\/wp-json\/wp\/v2\/posts"}],"about":[{"href":"https:\/\/ifamnews.com\/de\/wp-json\/wp\/v2\/types\/post"}],"author":[{"embeddable":true,"href":"https:\/\/ifamnews.com\/de\/wp-json\/wp\/v2\/users\/30"}],"replies":[{"embeddable":true,"href":"https:\/\/ifamnews.com\/de\/wp-json\/wp\/v2\/comments?post=147434"}],"version-history":[{"count":4,"href":"https:\/\/ifamnews.com\/de\/wp-json\/wp\/v2\/posts\/147434\/revisions"}],"predecessor-version":[{"id":147451,"href":"https:\/\/ifamnews.com\/de\/wp-json\/wp\/v2\/posts\/147434\/revisions\/147451"}],"wp:featuredmedia":[{"embeddable":true,"href":"https:\/\/ifamnews.com\/de\/wp-json\/wp\/v2\/media\/146276"}],"wp:attachment":[{"href":"https:\/\/ifamnews.com\/de\/wp-json\/wp\/v2\/media?parent=147434"}],"wp:term":[{"taxonomy":"category","embeddable":true,"href":"https:\/\/ifamnews.com\/de\/wp-json\/wp\/v2\/categories?post=147434"},{"taxonomy":"post_tag","embeddable":true,"href":"https:\/\/ifamnews.com\/de\/wp-json\/wp\/v2\/tags?post=147434"}],"curies":[{"name":"wp","href":"https:\/\/api.w.org\/{rel}","templated":true}]}}