{"id":147405,"date":"2022-06-17T01:00:00","date_gmt":"2022-06-17T05:00:00","guid":{"rendered":"https:\/\/ifamnews.com\/?p=147405"},"modified":"2022-06-14T05:42:03","modified_gmt":"2022-06-14T09:42:03","slug":"japans-geburtenrate-sinkt-weiter","status":"publish","type":"post","link":"https:\/\/ifamnews.com\/de\/japans-geburtenrate-sinkt-weiter","title":{"rendered":"Japans Geburtenrate sinkt weiter"},"content":{"rendered":"\n<p>Nachdem wir noch vor wenigen Tagen \u00fcber die Nachricht von der  <a href=\"https:\/\/ifamnews.com\/de\/lebenschutz-zahlt-sich-aus-geburtenrate-in-den-usa-steigt\" target=\"_blank\" rel=\"noreferrer noopener\">Anstieg der Geburtenrate in den Vereinigten Staaten von Amerika<\/a> f\u00fcr das Jahr 2021, sind wir stattdessen entt\u00e4uscht, von Japan zu erfahren, wo  <a href=\"https:\/\/www.ansa.it\/sito\/notizie\/mondo\/asia\/2022\/06\/04\/giappone-nascite-bambini-nel-2021-ai-minimi-record_ca923eeb-7ccf-4268-8f45-03802f3f09af.html\" target=\"_blank\" rel=\"noreferrer noopener\">die j\u00fcngsten Statistiken des Gesundheitsministeriums zeigen eine<\/a> wirklich bemerkenswerte  <a href=\"https:\/\/www.ansa.it\/sito\/notizie\/mondo\/asia\/2022\/06\/04\/giappone-nascite-bambini-nel-2021-ai-minimi-record_ca923eeb-7ccf-4268-8f45-03802f3f09af.html\" target=\"<wpml_curved wpml_value='wpml_trans_unit_6_0_3_-1_1'><\/wpml_curved>&#8220; rel=&#8220;<wpml_curved wpml_value='wpml_trans_unit_6_0_3_-1_2'><\/wpml_curved> noopener&#8220;>R\u00fcckgang der Geburten<\/a>. Im Jahr 2021 wurden insgesamt 811.604 Kinder geboren, etwa 30.000 weniger als im Jahr 2020, ein Ergebnis, das noch schlechter ist als die langfristige Prognose der japanischen Regierung f\u00fcr 2027.<\/p>\n\n\n\n<p>Der<a href=\"https:\/\/ifamnews.com\/it\/il-naso-di-mons-michael-schooyans\" target=\"_blank\" rel=\"noreferrer noopener\">&#8222;demografische Winter&#8220;<\/a> im Land der aufgehenden Sonne <a href=\"https:\/\/ifamnews.com\/it\/giappone-chiama-italia-il-covid-19-provocher-l-estinzione-\" target=\"_blank\" rel=\"noreferrer noopener\">ist leider nichts Neues<\/a>, denn die Abw\u00e4rtsphase begann <a href=\"https:\/\/www.ilsole24ore.com\/art\/giappone-numero-bambini-calo-oltre-40-anni-AESRbWWB\" target=\"_blank\" rel=\"noreferrer noopener\">bereits 1973<\/a>, dem Jahr des <em>Babybooms<\/em>, mit 2,09 Millionen Neugeborenen. Heute ist die durchschnittliche Kinderzahl pro Frau auf 1,30 gesunken, w\u00e4hrend die Zahl der Eheschlie\u00dfungen im Laufe des Jahres auf knapp \u00fcber 500.000 zur\u00fcckging, den niedrigsten Stand seit der Zeit unmittelbar nach dem Zweiten Weltkrieg.<\/p>\n\n\n\n<p>Was k\u00f6nnten die Gr\u00fcnde daf\u00fcr sein? Der aktuelle Trend, der der Regierung Sorgen bereitet, ist nach Aussage des Sprechers des Gesundheitsministeriums auf die bereits schrumpfende Bev\u00f6lkerung zur\u00fcckzuf\u00fchren, die aus Frauen im geb\u00e4rf\u00e4higen Alter besteht. Es bleibt jedoch abzuwarten, wie sich die CoVid-19-Pandemie und die durch die Wirtschaftskrise des Landes verursachte allgemeine Unsicherheit auswirken werden. Auf einer Konferenz sagte Kabinettschef Hirokazu Matsuno, dass das Problem der niedrigen Geburtenrate &#8222;[&#8230;] die Grundlagen der Gesellschaft und der Wirtschaft des Landes destabilisieren k\u00f6nnte&#8220; und bekr\u00e4ftigte, dass seine L\u00f6sung eine der Priorit\u00e4ten auf der Agenda der Regierung sei.<\/p>\n\n\n\n<p>Neben dem Mangel an Neugeborenen in Japan gibt es n\u00e4mlich noch ein weiteres Problem. Neben einer Geburtenrate, die unter der Mindestschwelle von 2,07 Kindern liegt, die als notwendig erachtet wird, um den Generationswechsel zu gew\u00e4hrleisten, ist <a href=\"https:\/\/www.ilsole24ore.com\/art\/giappone-record-centenari-sono-oltre-86500-l-impatto-lavoro-e-conti-pubblici-AElf6ii\" target=\"_blank\" rel=\"noreferrer noopener\">die Lebenserwartung die h\u00f6chste der Welt<\/a>. Von den 126 Millionen Einwohnern Japans sind etwa 28 Prozent \u00fcber 65 Jahre alt.<\/p>\n","protected":false},"excerpt":{"rendered":"<p>Im Jahr 2021 wurden insgesamt 811.604 Kinder geboren, etwa 30.000 weniger als im Jahr 2020<\/p>\n","protected":false},"author":46,"featured_media":146602,"comment_status":"open","ping_status":"open","sticky":false,"template":"","format":"standard","meta":{"give_campaign_id":0,"om_disable_all_campaigns":false,"_monsterinsights_skip_tracking":false,"_monsterinsights_sitenote_active":false,"_monsterinsights_sitenote_note":"","_monsterinsights_sitenote_category":0,"mc4wp_mailchimp_campaign":[],"jnews-multi-image_gallery":[],"jnews_single_post":{"subtitle":"Im Jahr 2021 wurden insgesamt 811.604 Kinder geboren, etwa 30.000 weniger als im Jahr 2020.","format":"standard","video":"","gallery":"","source_name":"","source_url":"","via_name":"","via_url":"","override":[{"template":"1","single_blog_custom":"","parallax":"1","fullscreen":"1","layout":"right-sidebar","sidebar":"default-sidebar","second_sidebar":"default-sidebar","sticky_sidebar":"1","share_position":"top","share_float_style":"share-monocrhome","show_share_counter":"1","show_view_counter":"1","show_featured":"1","show_post_meta":"1","show_post_author":"1","show_post_author_image":"1","show_post_date":"1","post_date_format":"default","post_date_format_custom":"Y\/m\/d","show_post_category":"1","post_reading_time_wpm":"300","zoom_button_out_step":"2","zoom_button_in_step":"3","show_post_tag":"1","show_prev_next_post":"1","show_popup_post":"1","number_popup_post":"1"}],"image_override":[{"single_post_thumbnail_size":"crop-500","single_post_gallery_size":"crop-500"}],"trending_post_position":"meta","trending_post_label":"Trending","sponsored_post_label":"Sponsored by","sponsored_post_name":"","sponsored_post_url":"","sponsored_post_logo":"","sponsored_post_desc":""},"jnews_primary_category":{"id":"770"},"jnews_social_meta":{"fb_title":"","fb_description":"","fb_image":"","twitter_title":"","twitter_description":"","twitter_image":""},"jnews_override_counter":{"view_counter_number":"0","share_counter_number":"0","like_counter_number":"0","dislike_counter_number":"0"},"footnotes":""},"categories":[816,770,811],"tags":[19173,19261,14687],"class_list":["post-147405","post","type-post","status-publish","format-standard","has-post-thumbnail","hentry","category-breaking-news-de","category-familie","category-foreground-de","tag-demografischer-winter","tag-heirat","tag-japan-de"],"yoast_head":"<!-- This site is optimized with the Yoast SEO Premium plugin v25.9 (Yoast SEO v27.3) - https:\/\/yoast.com\/product\/yoast-seo-premium-wordpress\/ -->\n<title>Japans Geburtenrate sinkt weiter - &quot;iFamNews&quot;<\/title>\n<meta name=\"description\" content=\"Das japanische Gesundheitsministerium ver\u00f6ffentlicht die neuesten beunruhigenden Statistiken.\" \/>\n<meta name=\"robots\" content=\"index, follow, max-snippet:-1, max-image-preview:large, max-video-preview:-1\" \/>\n<link rel=\"canonical\" href=\"https:\/\/ifamnews.com\/de\/japans-geburtenrate-sinkt-weiter\" \/>\n<meta property=\"og:locale\" content=\"de_DE\" \/>\n<meta property=\"og:type\" content=\"article\" \/>\n<meta property=\"og:title\" content=\"Japans Geburtenrate sinkt weiter\" \/>\n<meta property=\"og:description\" content=\"Das japanische Gesundheitsministerium ver\u00f6ffentlicht die neuesten beunruhigenden Statistiken.\" \/>\n<meta property=\"og:url\" content=\"https:\/\/ifamnews.com\/de\/japans-geburtenrate-sinkt-weiter\" \/>\n<meta property=\"og:site_name\" content=\"IFN\" \/>\n<meta property=\"article:publisher\" content=\"https:\/\/www.facebook.com\/iFamNews\" \/>\n<meta property=\"article:author\" content=\"https:\/\/www.facebook.com\/iFamNews\/\" \/>\n<meta property=\"article:published_time\" content=\"2022-06-17T05:00:00+00:00\" \/>\n<meta property=\"og:image\" content=\"https:\/\/ifamnews.com\/wp-content\/uploads\/2022\/06\/Cattura.png\" \/>\n\t<meta property=\"og:image:width\" content=\"914\" \/>\n\t<meta property=\"og:image:height\" content=\"499\" \/>\n\t<meta property=\"og:image:type\" content=\"image\/png\" \/>\n<meta name=\"author\" content=\"iFamNews Italia\" \/>\n<meta name=\"twitter:card\" content=\"summary_large_image\" \/>\n<meta name=\"twitter:creator\" content=\"@https:\/\/twitter.com\/iFamNewsIT\" \/>\n<meta name=\"twitter:site\" content=\"@iFamNewsEN\" \/>\n<meta name=\"twitter:label1\" content=\"Verfasst von\" \/>\n\t<meta name=\"twitter:data1\" content=\"IFN Italien\" \/>\n\t<meta name=\"twitter:label2\" content=\"Gesch\u00e4tzte Lesezeit\" \/>\n\t<meta name=\"twitter:data2\" content=\"2\u00a0Minuten\" \/>\n<!-- \/ Yoast SEO Premium plugin. -->","yoast_head_json":{"title":"Japans Geburtenrate sinkt weiter - \"iFamNews\"","description":"Das japanische Gesundheitsministerium ver\u00f6ffentlicht die neuesten beunruhigenden Statistiken.","robots":{"index":"index","follow":"follow","max-snippet":"max-snippet:-1","max-image-preview":"max-image-preview:large","max-video-preview":"max-video-preview:-1"},"canonical":"https:\/\/ifamnews.com\/de\/japans-geburtenrate-sinkt-weiter","og_locale":"de_DE","og_type":"article","og_title":"Japans Geburtenrate sinkt weiter","og_description":"Das japanische Gesundheitsministerium ver\u00f6ffentlicht die neuesten beunruhigenden Statistiken.","og_url":"https:\/\/ifamnews.com\/de\/japans-geburtenrate-sinkt-weiter","og_site_name":"IFN","article_publisher":"https:\/\/www.facebook.com\/iFamNews","article_author":"https:\/\/www.facebook.com\/iFamNews\/","article_published_time":"2022-06-17T05:00:00+00:00","og_image":[{"width":914,"height":499,"url":"https:\/\/ifamnews.com\/wp-content\/uploads\/2022\/06\/Cattura.png","type":"image\/png"}],"author":"iFamNews Italia","twitter_card":"summary_large_image","twitter_creator":"@https:\/\/twitter.com\/iFamNewsIT","twitter_site":"@iFamNewsEN","twitter_misc":{"Verfasst von":"IFN Italien","Gesch\u00e4tzte Lesezeit":"2\u00a0Minuten"},"schema":{"@context":"https:\/\/schema.org","@graph":[{"@type":"NewsArticle","@id":"https:\/\/ifamnews.com\/de\/japans-geburtenrate-sinkt-weiter#article","isPartOf":{"@id":"https:\/\/ifamnews.com\/de\/japans-geburtenrate-sinkt-weiter"},"author":{"name":"iFamNews Italia","@id":"https:\/\/ifamnews.com\/en\/#\/schema\/person\/fafda7d79212f3690f4af10238556aac"},"headline":"Japans Geburtenrate sinkt weiter","datePublished":"2022-06-17T05:00:00+00:00","mainEntityOfPage":{"@id":"https:\/\/ifamnews.com\/de\/japans-geburtenrate-sinkt-weiter"},"wordCount":299,"commentCount":0,"publisher":{"@id":"https:\/\/ifamnews.com\/en\/#organization"},"image":{"@id":"https:\/\/ifamnews.com\/de\/japans-geburtenrate-sinkt-weiter#primaryimage"},"thumbnailUrl":"https:\/\/ifamnews.com\/wp-content\/uploads\/2022\/06\/Cattura.png","keywords":["demografischer Winter","Heirat","Japan"],"articleSection":["Breaking News","Familie","Vordergrund"],"inLanguage":"de","potentialAction":[{"@type":"CommentAction","name":"Comment","target":["https:\/\/ifamnews.com\/de\/japans-geburtenrate-sinkt-weiter#respond"]}]},{"@type":"WebPage","@id":"https:\/\/ifamnews.com\/de\/japans-geburtenrate-sinkt-weiter","url":"https:\/\/ifamnews.com\/de\/japans-geburtenrate-sinkt-weiter","name":"Japans Geburtenrate sinkt weiter - \"iFamNews\"","isPartOf":{"@id":"https:\/\/ifamnews.com\/en\/#website"},"primaryImageOfPage":{"@id":"https:\/\/ifamnews.com\/de\/japans-geburtenrate-sinkt-weiter#primaryimage"},"image":{"@id":"https:\/\/ifamnews.com\/de\/japans-geburtenrate-sinkt-weiter#primaryimage"},"thumbnailUrl":"https:\/\/ifamnews.com\/wp-content\/uploads\/2022\/06\/Cattura.png","datePublished":"2022-06-17T05:00:00+00:00","description":"Das japanische Gesundheitsministerium ver\u00f6ffentlicht die neuesten beunruhigenden Statistiken.","breadcrumb":{"@id":"https:\/\/ifamnews.com\/de\/japans-geburtenrate-sinkt-weiter#breadcrumb"},"inLanguage":"de","potentialAction":[{"@type":"ReadAction","target":["https:\/\/ifamnews.com\/de\/japans-geburtenrate-sinkt-weiter"]}]},{"@type":"ImageObject","inLanguage":"de","@id":"https:\/\/ifamnews.com\/de\/japans-geburtenrate-sinkt-weiter#primaryimage","url":"https:\/\/ifamnews.com\/wp-content\/uploads\/2022\/06\/Cattura.png","contentUrl":"https:\/\/ifamnews.com\/wp-content\/uploads\/2022\/06\/Cattura.png","width":914,"height":499,"caption":"Hirokazu Matsuno, Japans Generalstabschef"},{"@type":"BreadcrumbList","@id":"https:\/\/ifamnews.com\/de\/japans-geburtenrate-sinkt-weiter#breadcrumb","itemListElement":[{"@type":"ListItem","position":1,"name":"Home","item":"https:\/\/ifamnews.com\/de"},{"@type":"ListItem","position":2,"name":"Famiglia","item":"https:\/\/ifamnews.com\/it\/categoria\/famiglia"},{"@type":"ListItem","position":3,"name":"Japans Geburtenrate sinkt weiter"}]},{"@type":"WebSite","@id":"https:\/\/ifamnews.com\/en\/#website","url":"https:\/\/ifamnews.com\/en\/","name":"IFN","description":"International Family News Network","publisher":{"@id":"https:\/\/ifamnews.com\/en\/#organization"},"potentialAction":[{"@type":"SearchAction","target":{"@type":"EntryPoint","urlTemplate":"https:\/\/ifamnews.com\/en\/?s={search_term_string}"},"query-input":{"@type":"PropertyValueSpecification","valueRequired":true,"valueName":"search_term_string"}}],"inLanguage":"de"},{"@type":"Organization","@id":"https:\/\/ifamnews.com\/en\/#organization","name":"iFamNews","url":"https:\/\/ifamnews.com\/en\/","logo":{"@type":"ImageObject","inLanguage":"de","@id":"https:\/\/ifamnews.com\/en\/#\/schema\/logo\/image\/","url":"https:\/\/ifamnews.com\/wp-content\/uploads\/2020\/01\/Share-logo.png","contentUrl":"https:\/\/ifamnews.com\/wp-content\/uploads\/2020\/01\/Share-logo.png","width":200,"height":200,"caption":"iFamNews"},"image":{"@id":"https:\/\/ifamnews.com\/en\/#\/schema\/logo\/image\/"},"sameAs":["https:\/\/www.facebook.com\/iFamNews","https:\/\/x.com\/iFamNewsEN"]},{"@type":"Person","@id":"https:\/\/ifamnews.com\/en\/#\/schema\/person\/fafda7d79212f3690f4af10238556aac","name":"iFamNews Italia","image":{"@type":"ImageObject","inLanguage":"de","@id":"https:\/\/secure.gravatar.com\/avatar\/2e50539bc89809bc22a0b2bb9dc3d7f67ffd1e564e5461707f0153146f8c99b5?s=96&d=mm&r=g","url":"https:\/\/secure.gravatar.com\/avatar\/2e50539bc89809bc22a0b2bb9dc3d7f67ffd1e564e5461707f0153146f8c99b5?s=96&d=mm&r=g","contentUrl":"https:\/\/secure.gravatar.com\/avatar\/2e50539bc89809bc22a0b2bb9dc3d7f67ffd1e564e5461707f0153146f8c99b5?s=96&d=mm&r=g","caption":"iFamNews Italia"},"description":"Articles published by the Italian iFamNews editorial team.","sameAs":["https:\/\/ifamnews.com\/it","https:\/\/www.facebook.com\/iFamNews\/","https:\/\/x.com\/https:\/\/twitter.com\/iFamNewsIT","https:\/\/www.youtube.com\/channel\/UCMVyIt4z9BANW3d09kwfUpw"],"url":"https:\/\/ifamnews.com\/de\/author\/redazioneit"}]}},"amp_enabled":true,"_links":{"self":[{"href":"https:\/\/ifamnews.com\/de\/wp-json\/wp\/v2\/posts\/147405","targetHints":{"allow":["GET"]}}],"collection":[{"href":"https:\/\/ifamnews.com\/de\/wp-json\/wp\/v2\/posts"}],"about":[{"href":"https:\/\/ifamnews.com\/de\/wp-json\/wp\/v2\/types\/post"}],"author":[{"embeddable":true,"href":"https:\/\/ifamnews.com\/de\/wp-json\/wp\/v2\/users\/46"}],"replies":[{"embeddable":true,"href":"https:\/\/ifamnews.com\/de\/wp-json\/wp\/v2\/comments?post=147405"}],"version-history":[{"count":3,"href":"https:\/\/ifamnews.com\/de\/wp-json\/wp\/v2\/posts\/147405\/revisions"}],"predecessor-version":[{"id":148419,"href":"https:\/\/ifamnews.com\/de\/wp-json\/wp\/v2\/posts\/147405\/revisions\/148419"}],"wp:featuredmedia":[{"embeddable":true,"href":"https:\/\/ifamnews.com\/de\/wp-json\/wp\/v2\/media\/146602"}],"wp:attachment":[{"href":"https:\/\/ifamnews.com\/de\/wp-json\/wp\/v2\/media?parent=147405"}],"wp:term":[{"taxonomy":"category","embeddable":true,"href":"https:\/\/ifamnews.com\/de\/wp-json\/wp\/v2\/categories?post=147405"},{"taxonomy":"post_tag","embeddable":true,"href":"https:\/\/ifamnews.com\/de\/wp-json\/wp\/v2\/tags?post=147405"}],"curies":[{"name":"wp","href":"https:\/\/api.w.org\/{rel}","templated":true}]}}