{"id":145944,"date":"2022-05-31T03:38:20","date_gmt":"2022-05-31T07:38:20","guid":{"rendered":"https:\/\/ifamnews.com\/?p=145944"},"modified":"2022-05-31T03:38:31","modified_gmt":"2022-05-31T07:38:31","slug":"vegetarier-veganer-einklang-mit-der-natur-ist-das-der-richtige-weg-zum-einklang-mit-der-natur","status":"publish","type":"post","link":"https:\/\/ifamnews.com\/de\/vegetarier-veganer-einklang-mit-der-natur-ist-das-der-richtige-weg-zum-einklang-mit-der-natur","title":{"rendered":"Vegetarier, Veganer, Einklang mit der Natur &#8211; ist das der richtige Weg zum \u201eEinklang mit der Natur\u201c?"},"content":{"rendered":"\n<p>Es scheint Mode zu sein, zur Natur zur\u00fcckzukehren, zu allem Nat\u00fcrlichen, ein Naturalist zu sein&#8230; als ob dies der Weg zur Vollkommenheit und zum menschlichen Frieden w\u00e4re. Gleichzeitig sind wir aufgefordert, die vierte technologische Revolution als das H\u00f6chste anzustreben, was unsere fortschrittlichen Gesellschaften zu bieten haben. Einerseits wird sie uns als etwas Unverzichtbares in unserem Leben verkauft, andererseits werden wir gedr\u00e4ngt, uns von ihr zu trennen. Wieder einmal werden Ideologien wie ein Gewirr von F\u00e4den miteinander verwoben, ohne dass wir genau wissen, wohin sie uns f\u00fchren.<\/p>\n\n\n\n<p>Auf diese Weise geht die Friedenserziehung Hand in Hand mit der Liebe zur Natur, denn wenn Sie zu denjenigen geh\u00f6ren, die sich selbst zu den Gesunden z\u00e4hlen, zu denjenigen, die &#8222;gesunde und nachhaltige Lebensgewohnheiten&#8220; haben, wie es heutzutage gerne genannt wird, Sie recyceln, Sie sind friedlich (bis man auf Sie tritt) und Sie haben nicht viele Kinder, aber Sie haben Haustiere, dann sind Sie  <em>per se<\/em> ein Mann des Friedens.<\/p>\n\n\n\n<p>Das Paradoxe ist jedoch, dass wir in der Natur, wenn wir in ihre Tiefen eintauchen, ein wahres Schlachtfeld zwischen Raubtieren und ihren Opfern vorfinden. Dass die Tiere fleischfressend und gewaltt\u00e4tig sind, wird von diesen &#8222;Gr\u00fcnen&#8220;, die von kleinen V\u00f6geln und bunten Schmetterlingen umgeben zu sein scheinen, nat\u00fcrlich nicht beachtet. Wir wissen&#8230; der Hippie-Geist der 70er Jahre des letzten Jahrhunderts ist immer noch in Mode:<em>&#8222;Macht Liebe und keinen Krieg&#8220;<\/em>.<\/p>\n\n\n\n<p>Die Natur ist, was sie ist, sowohl die der Tiere als auch die der Menschen. Der Versuch, diese Realit\u00e4t zu \u00e4ndern, ist wie der Versuch, den Himmel zu betrachten, ohne die Sterne zu erkennen, die in klaren N\u00e4chten leuchten.<\/p>\n\n\n\n<p>Chesterton sagte (schon vor einigen Jahren, als der Aufschwung dessen, was zum absoluten Naturalismus werden sollte, bereits absehbar war)  <em>&#8222;Ich beginne zu glauben, dass die Menschen heute keine Ahnung vom Leben haben, von der Natur Dinge erwarten, die sie nie vorgesehen hat, und darauf aus sind, das zu zerst\u00f6ren, was sie ihnen wirklich bietet.<\/em><\/p>\n\n\n\n<p>Jetzt unterhalten sie uns mit den Konflikten zwischen extensiver und intensiver Tierhaltung, weil letztere, so sagt man uns, mit Misshandlung der Tiere verbunden ist. Oder man serviert uns k\u00fcnstliches Fleisch auf dem Teller, das, um die Wahrheit zu sagen, bei der Art und Weise, wie die Tiere hormonell behandelt werden, kaum zu unterscheiden sein wird. Und vergessen wir nicht das kleine Problem der Kuhbl\u00e4hungen, die die Umwelt verschmutzen, oder die appetitlichen knusprigen Insekten&#8230;.. Ich verstehe wirklich nicht, wie wir seit so vielen Jahrhunderten ohne den Rat all dieser &#8222;Umwelt- und Klimaexperten&#8220;, die die Natur wie eine Mutterg\u00f6ttin verehren, \u00fcberleben konnten. \u00dcbrigens, f\u00fcr diejenigen, die als Beispiel den heiligen Franz von Assisi anf\u00fchren, der die Natur liebte, sollte klargestellt werden, dass er sie als unsere Schwester gem\u00e4\u00df dem urspr\u00fcnglichen Prinzip der Sch\u00f6pfung liebte und respektierte, er sagte zu keiner Zeit, dass sie unsere Mutter sei, diese Pachamama, die unseren Gott verdr\u00e4ngen will.<\/p>\n\n\n\n<p>In der N\u00e4he meines Arbeitsplatzes h\u00e4ngen Schilder an einer alten Mauer, auf denen steht:<em>&#8222;Essen Sie keine Tiere, Sie brauchen sie<\/em> nicht&#8220;. Man muss nicht sehr klug sein, um die Scheinheiligkeit dieser naturalistischen Ideen zu erkennen, die in Pazifismus und Pazifismus verpackt sind. Tiere werden als h\u00f6chster Wert verteidigt, aber Abtreibungsgesetze, die Menschenleben vernichten, werden wie ein Pickel am Hintern beklatscht. Und verzeihen Sie, lieber Leser, diesen Ausdruck, ich kann nicht anders, als mich \u00fcber so viel Dummheit zu \u00e4rgern, zum Gl\u00fcck wird man mit einem exquisiten Teller Serrano-Schinken und einem <em>Glas<\/em> guten Wein wieder bes\u00e4nftigt.<\/p>\n","protected":false},"excerpt":{"rendered":"<p>Wir leben in der Zeit des Paradoxes: R\u00fcckkehr zur Natur und utopischer Technologie-Glaube. Was ist der Ausweg?<\/p>\n","protected":false},"author":567,"featured_media":145885,"comment_status":"open","ping_status":"open","sticky":false,"template":"","format":"standard","meta":{"give_campaign_id":0,"om_disable_all_campaigns":false,"_monsterinsights_skip_tracking":false,"_monsterinsights_sitenote_active":false,"_monsterinsights_sitenote_note":"","_monsterinsights_sitenote_category":0,"mc4wp_mailchimp_campaign":[],"jnews-multi-image_gallery":[],"jnews_single_post":{"subtitle":"Wir leben in der Zeit des Paradoxes: R\u00fcckkehr zur Natur und utopischer Technologie-Glaube. Was ist der Ausweg?","format":"standard","video":"","gallery":"","source_name":"","source_url":"","via_name":"","via_url":"","override":[{"template":"1","single_blog_custom":"","parallax":"1","fullscreen":"1","layout":"right-sidebar","sidebar":"default-sidebar","second_sidebar":"default-sidebar","sticky_sidebar":"1","share_position":"top","share_float_style":"share-monocrhome","show_share_counter":"1","show_view_counter":"1","show_featured":"1","show_post_meta":"1","show_post_author":"1","show_post_author_image":"1","show_post_date":"1","post_date_format":"default","post_date_format_custom":"Y\/m\/d","show_post_category":"1","post_reading_time_wpm":"300","zoom_button_out_step":"2","zoom_button_in_step":"3","show_post_tag":"1","show_prev_next_post":"1","show_popup_post":"1","number_popup_post":"1"}],"image_override":[{"single_post_thumbnail_size":"crop-500","single_post_gallery_size":"crop-500"}],"trending_post_position":"meta","trending_post_label":"Trending","sponsored_post_label":"Sponsored by","sponsored_post_name":"","sponsored_post_url":"","sponsored_post_logo":"","sponsored_post_desc":""},"jnews_primary_category":{"id":"763"},"jnews_social_meta":{"fb_title":"","fb_description":"","fb_image":"","twitter_title":"","twitter_description":"","twitter_image":""},"jnews_override_counter":{"view_counter_number":"0","share_counter_number":"0","like_counter_number":"0","dislike_counter_number":"0"},"footnotes":""},"categories":[816,763,811],"tags":[12740,19076,18472],"class_list":["post-145944","post","type-post","status-publish","format-standard","has-post-thumbnail","hentry","category-breaking-news-de","category-kultur","category-foreground-de","tag-klimawandel-de","tag-natur-de","tag-umweltbewusstsein"],"yoast_head":"<!-- This site is optimized with the Yoast SEO Premium plugin v25.9 (Yoast SEO v27.3) - https:\/\/yoast.com\/product\/yoast-seo-premium-wordpress\/ -->\n<title>Vegetarier, Veganer, Einklang mit der Natur - ist das der richtige Weg zum \u201eEinklang mit der Natur\u201c? - IFN<\/title>\n<meta name=\"description\" content=\"Der Versuch, diese Realit\u00e4t zu \u00e4ndern, ist wie der Versuch, den Himmel zu betrachten, ohne die Sterne zu erkennen, die in klaren N\u00e4chten leuchten.\" \/>\n<meta name=\"robots\" content=\"index, follow, max-snippet:-1, max-image-preview:large, max-video-preview:-1\" \/>\n<link rel=\"canonical\" href=\"https:\/\/ifamnews.com\/de\/vegetarier-veganer-einklang-mit-der-natur-ist-das-der-richtige-weg-zum-einklang-mit-der-natur\" \/>\n<meta property=\"og:locale\" content=\"de_DE\" \/>\n<meta property=\"og:type\" content=\"article\" \/>\n<meta property=\"og:title\" content=\"Vegetarier, Veganer, Einklang mit der Natur - ist das der richtige Weg zum \u201eEinklang mit der Natur\u201c?\" \/>\n<meta property=\"og:description\" content=\"Der Versuch, diese Realit\u00e4t zu \u00e4ndern, ist wie der Versuch, den Himmel zu betrachten, ohne die Sterne zu erkennen, die in klaren N\u00e4chten leuchten.\" \/>\n<meta property=\"og:url\" content=\"https:\/\/ifamnews.com\/de\/vegetarier-veganer-einklang-mit-der-natur-ist-das-der-richtige-weg-zum-einklang-mit-der-natur\" \/>\n<meta property=\"og:site_name\" content=\"IFN\" \/>\n<meta property=\"article:publisher\" content=\"https:\/\/www.facebook.com\/iFamNews\" \/>\n<meta property=\"article:author\" content=\"https:\/\/facebook.com\/buscandorespuestas2017\" \/>\n<meta property=\"article:published_time\" content=\"2022-05-31T07:38:20+00:00\" \/>\n<meta property=\"article:modified_time\" content=\"2022-05-31T07:38:31+00:00\" \/>\n<meta property=\"og:image\" content=\"https:\/\/ifamnews.com\/wp-content\/uploads\/2022\/05\/blonde-girl-woman-field.png\" \/>\n\t<meta property=\"og:image:width\" content=\"1200\" \/>\n\t<meta property=\"og:image:height\" content=\"675\" \/>\n\t<meta property=\"og:image:type\" content=\"image\/png\" \/>\n<meta name=\"author\" content=\"Beatriz Montes\" \/>\n<meta name=\"twitter:card\" content=\"summary_large_image\" \/>\n<meta name=\"twitter:creator\" content=\"@https:\/\/twitter.com\/ABeatrizMontesF\" \/>\n<meta name=\"twitter:site\" content=\"@iFamNewsEN\" \/>\n<meta name=\"twitter:label1\" content=\"Verfasst von\" \/>\n\t<meta name=\"twitter:data1\" content=\"Beatriz Montes\" \/>\n\t<meta name=\"twitter:label2\" content=\"Gesch\u00e4tzte Lesezeit\" \/>\n\t<meta name=\"twitter:data2\" content=\"3\u00a0Minuten\" \/>\n<!-- \/ Yoast SEO Premium plugin. -->","yoast_head_json":{"title":"Vegetarier, Veganer, Einklang mit der Natur - ist das der richtige Weg zum \u201eEinklang mit der Natur\u201c? - IFN","description":"Der Versuch, diese Realit\u00e4t zu \u00e4ndern, ist wie der Versuch, den Himmel zu betrachten, ohne die Sterne zu erkennen, die in klaren N\u00e4chten leuchten.","robots":{"index":"index","follow":"follow","max-snippet":"max-snippet:-1","max-image-preview":"max-image-preview:large","max-video-preview":"max-video-preview:-1"},"canonical":"https:\/\/ifamnews.com\/de\/vegetarier-veganer-einklang-mit-der-natur-ist-das-der-richtige-weg-zum-einklang-mit-der-natur","og_locale":"de_DE","og_type":"article","og_title":"Vegetarier, Veganer, Einklang mit der Natur - ist das der richtige Weg zum \u201eEinklang mit der Natur\u201c?","og_description":"Der Versuch, diese Realit\u00e4t zu \u00e4ndern, ist wie der Versuch, den Himmel zu betrachten, ohne die Sterne zu erkennen, die in klaren N\u00e4chten leuchten.","og_url":"https:\/\/ifamnews.com\/de\/vegetarier-veganer-einklang-mit-der-natur-ist-das-der-richtige-weg-zum-einklang-mit-der-natur","og_site_name":"IFN","article_publisher":"https:\/\/www.facebook.com\/iFamNews","article_author":"https:\/\/facebook.com\/buscandorespuestas2017","article_published_time":"2022-05-31T07:38:20+00:00","article_modified_time":"2022-05-31T07:38:31+00:00","og_image":[{"width":1200,"height":675,"url":"https:\/\/ifamnews.com\/wp-content\/uploads\/2022\/05\/blonde-girl-woman-field.png","type":"image\/png"}],"author":"Beatriz Montes","twitter_card":"summary_large_image","twitter_creator":"@https:\/\/twitter.com\/ABeatrizMontesF","twitter_site":"@iFamNewsEN","twitter_misc":{"Verfasst von":"Beatriz Montes","Gesch\u00e4tzte Lesezeit":"3\u00a0Minuten"},"schema":{"@context":"https:\/\/schema.org","@graph":[{"@type":"NewsArticle","@id":"https:\/\/ifamnews.com\/de\/vegetarier-veganer-einklang-mit-der-natur-ist-das-der-richtige-weg-zum-einklang-mit-der-natur#article","isPartOf":{"@id":"https:\/\/ifamnews.com\/de\/vegetarier-veganer-einklang-mit-der-natur-ist-das-der-richtige-weg-zum-einklang-mit-der-natur"},"author":{"name":"Beatriz Montes","@id":"https:\/\/ifamnews.com\/en\/#\/schema\/person\/aed4de9ddd8d78c90a083d39f23f98b9"},"headline":"Vegetarier, Veganer, Einklang mit der Natur &#8211; ist das der richtige Weg zum \u201eEinklang mit der Natur\u201c?","datePublished":"2022-05-31T07:38:20+00:00","dateModified":"2022-05-31T07:38:31+00:00","mainEntityOfPage":{"@id":"https:\/\/ifamnews.com\/de\/vegetarier-veganer-einklang-mit-der-natur-ist-das-der-richtige-weg-zum-einklang-mit-der-natur"},"wordCount":611,"commentCount":0,"publisher":{"@id":"https:\/\/ifamnews.com\/en\/#organization"},"image":{"@id":"https:\/\/ifamnews.com\/de\/vegetarier-veganer-einklang-mit-der-natur-ist-das-der-richtige-weg-zum-einklang-mit-der-natur#primaryimage"},"thumbnailUrl":"https:\/\/ifamnews.com\/wp-content\/uploads\/2022\/05\/blonde-girl-woman-field.png","keywords":["Klimawandel","Natur","Umweltbewusstsein"],"articleSection":["Breaking News","Kultur","Vordergrund"],"inLanguage":"de","potentialAction":[{"@type":"CommentAction","name":"Comment","target":["https:\/\/ifamnews.com\/de\/vegetarier-veganer-einklang-mit-der-natur-ist-das-der-richtige-weg-zum-einklang-mit-der-natur#respond"]}]},{"@type":"WebPage","@id":"https:\/\/ifamnews.com\/de\/vegetarier-veganer-einklang-mit-der-natur-ist-das-der-richtige-weg-zum-einklang-mit-der-natur","url":"https:\/\/ifamnews.com\/de\/vegetarier-veganer-einklang-mit-der-natur-ist-das-der-richtige-weg-zum-einklang-mit-der-natur","name":"Vegetarier, Veganer, Einklang mit der Natur - ist das der richtige Weg zum \u201eEinklang mit der Natur\u201c? - IFN","isPartOf":{"@id":"https:\/\/ifamnews.com\/en\/#website"},"primaryImageOfPage":{"@id":"https:\/\/ifamnews.com\/de\/vegetarier-veganer-einklang-mit-der-natur-ist-das-der-richtige-weg-zum-einklang-mit-der-natur#primaryimage"},"image":{"@id":"https:\/\/ifamnews.com\/de\/vegetarier-veganer-einklang-mit-der-natur-ist-das-der-richtige-weg-zum-einklang-mit-der-natur#primaryimage"},"thumbnailUrl":"https:\/\/ifamnews.com\/wp-content\/uploads\/2022\/05\/blonde-girl-woman-field.png","datePublished":"2022-05-31T07:38:20+00:00","dateModified":"2022-05-31T07:38:31+00:00","description":"Der Versuch, diese Realit\u00e4t zu \u00e4ndern, ist wie der Versuch, den Himmel zu betrachten, ohne die Sterne zu erkennen, die in klaren N\u00e4chten leuchten.","breadcrumb":{"@id":"https:\/\/ifamnews.com\/de\/vegetarier-veganer-einklang-mit-der-natur-ist-das-der-richtige-weg-zum-einklang-mit-der-natur#breadcrumb"},"inLanguage":"de","potentialAction":[{"@type":"ReadAction","target":["https:\/\/ifamnews.com\/de\/vegetarier-veganer-einklang-mit-der-natur-ist-das-der-richtige-weg-zum-einklang-mit-der-natur"]}]},{"@type":"ImageObject","inLanguage":"de","@id":"https:\/\/ifamnews.com\/de\/vegetarier-veganer-einklang-mit-der-natur-ist-das-der-richtige-weg-zum-einklang-mit-der-natur#primaryimage","url":"https:\/\/ifamnews.com\/wp-content\/uploads\/2022\/05\/blonde-girl-woman-field.png","contentUrl":"https:\/\/ifamnews.com\/wp-content\/uploads\/2022\/05\/blonde-girl-woman-field.png","width":1200,"height":675},{"@type":"BreadcrumbList","@id":"https:\/\/ifamnews.com\/de\/vegetarier-veganer-einklang-mit-der-natur-ist-das-der-richtige-weg-zum-einklang-mit-der-natur#breadcrumb","itemListElement":[{"@type":"ListItem","position":1,"name":"Home","item":"https:\/\/ifamnews.com\/de"},{"@type":"ListItem","position":2,"name":"\u041a\u0443\u043b\u0442\u0443\u0440\u0430","item":"https:\/\/ifamnews.com\/sr\/kategorija\/kultura-sr"},{"@type":"ListItem","position":3,"name":"Vegetarier, Veganer, Einklang mit der Natur &#8211; ist das der richtige Weg zum \u201eEinklang mit der Natur\u201c?"}]},{"@type":"WebSite","@id":"https:\/\/ifamnews.com\/en\/#website","url":"https:\/\/ifamnews.com\/en\/","name":"IFN","description":"International Family News Network","publisher":{"@id":"https:\/\/ifamnews.com\/en\/#organization"},"potentialAction":[{"@type":"SearchAction","target":{"@type":"EntryPoint","urlTemplate":"https:\/\/ifamnews.com\/en\/?s={search_term_string}"},"query-input":{"@type":"PropertyValueSpecification","valueRequired":true,"valueName":"search_term_string"}}],"inLanguage":"de"},{"@type":"Organization","@id":"https:\/\/ifamnews.com\/en\/#organization","name":"iFamNews","url":"https:\/\/ifamnews.com\/en\/","logo":{"@type":"ImageObject","inLanguage":"de","@id":"https:\/\/ifamnews.com\/en\/#\/schema\/logo\/image\/","url":"https:\/\/ifamnews.com\/wp-content\/uploads\/2020\/01\/Share-logo.png","contentUrl":"https:\/\/ifamnews.com\/wp-content\/uploads\/2020\/01\/Share-logo.png","width":200,"height":200,"caption":"iFamNews"},"image":{"@id":"https:\/\/ifamnews.com\/en\/#\/schema\/logo\/image\/"},"sameAs":["https:\/\/www.facebook.com\/iFamNews","https:\/\/x.com\/iFamNewsEN"]},{"@type":"Person","@id":"https:\/\/ifamnews.com\/en\/#\/schema\/person\/aed4de9ddd8d78c90a083d39f23f98b9","name":"Beatriz Montes","image":{"@type":"ImageObject","inLanguage":"de","@id":"https:\/\/secure.gravatar.com\/avatar\/5ef4f8cf0f3807ae571fc4b7c1e62cd02b7bdd9a1796ca51a0641acf56453b19?s=96&d=mm&r=g","url":"https:\/\/secure.gravatar.com\/avatar\/5ef4f8cf0f3807ae571fc4b7c1e62cd02b7bdd9a1796ca51a0641acf56453b19?s=96&d=mm&r=g","contentUrl":"https:\/\/secure.gravatar.com\/avatar\/5ef4f8cf0f3807ae571fc4b7c1e62cd02b7bdd9a1796ca51a0641acf56453b19?s=96&d=mm&r=g","caption":"Beatriz Montes"},"description":"Married with six children. Teacher of Catholic topic. Beatriz Montes is Master of Science for the family and she is graduated in Family studies. Author of the books \"Against the Gender Ideology: educating in Freedom from childhood\" and \"99 responses to the Gender Ideology\". Publisher and writer of articles on her blog https:\/\/buscandorespuestasemet.com\/. Beatriz is a member of several relevant institution as \"Enraizados\", \"Libertas\" and \"The Traditional Post\".","sameAs":["https:\/\/facebook.com\/buscandorespuestas2017","https:\/\/x.com\/https:\/\/twitter.com\/ABeatrizMontesF"],"url":"https:\/\/ifamnews.com\/de\/author\/beatriz-montes"}]}},"amp_enabled":true,"_links":{"self":[{"href":"https:\/\/ifamnews.com\/de\/wp-json\/wp\/v2\/posts\/145944","targetHints":{"allow":["GET"]}}],"collection":[{"href":"https:\/\/ifamnews.com\/de\/wp-json\/wp\/v2\/posts"}],"about":[{"href":"https:\/\/ifamnews.com\/de\/wp-json\/wp\/v2\/types\/post"}],"author":[{"embeddable":true,"href":"https:\/\/ifamnews.com\/de\/wp-json\/wp\/v2\/users\/567"}],"replies":[{"embeddable":true,"href":"https:\/\/ifamnews.com\/de\/wp-json\/wp\/v2\/comments?post=145944"}],"version-history":[{"count":5,"href":"https:\/\/ifamnews.com\/de\/wp-json\/wp\/v2\/posts\/145944\/revisions"}],"predecessor-version":[{"id":145949,"href":"https:\/\/ifamnews.com\/de\/wp-json\/wp\/v2\/posts\/145944\/revisions\/145949"}],"wp:featuredmedia":[{"embeddable":true,"href":"https:\/\/ifamnews.com\/de\/wp-json\/wp\/v2\/media\/145885"}],"wp:attachment":[{"href":"https:\/\/ifamnews.com\/de\/wp-json\/wp\/v2\/media?parent=145944"}],"wp:term":[{"taxonomy":"category","embeddable":true,"href":"https:\/\/ifamnews.com\/de\/wp-json\/wp\/v2\/categories?post=145944"},{"taxonomy":"post_tag","embeddable":true,"href":"https:\/\/ifamnews.com\/de\/wp-json\/wp\/v2\/tags?post=145944"}],"curies":[{"name":"wp","href":"https:\/\/api.w.org\/{rel}","templated":true}]}}