{"id":145490,"date":"2022-05-27T03:50:42","date_gmt":"2022-05-27T07:50:42","guid":{"rendered":"https:\/\/ifamnews.com\/?p=145490"},"modified":"2022-05-27T03:50:44","modified_gmt":"2022-05-27T07:50:44","slug":"blut-an-unseren-h-nden","status":"publish","type":"post","link":"https:\/\/ifamnews.com\/de\/blut-an-unseren-h-nden","title":{"rendered":"Blut an unseren H\u00e4nden"},"content":{"rendered":"\n<p>Eine weitere schreckliche Schie\u00dferei an einer Schule hat Amerika ersch\u00fcttert. Noch bevor die Zahl der Toten in Uvalde, Texas, feststand, schoben die Medien die Schuld auf die \u00fcblichen Verd\u00e4chtigen &#8211; Waffen, Waffengewalt, die &#8222;Waffenlobby&#8220; (in den Worten von Pr\u00e4sident Biden), Mobbing, die fehlende Finanzierung von Programmen f\u00fcr die psychische Gesundheit und die Liste geht weiter.<\/p>\n\n\n\n<p>Und w\u00e4hrend alle diese Faktoren sicherlich untersucht werden sollten, wurde ein anderer praktisch ignoriert. Der Sch\u00fctze, der 18-j\u00e4hrige Salvador Ramos, kam aus einem zerr\u00fctteten Elternhaus. Nach Angaben von<em><a href=\"https:\/\/english.elpais.com\/usa\/2022-05-25\/who-was-salvador-ramos-the-young-man-who-sowed-terror-in-a-texas-school-shooting.html\" target=\"_blank\" rel=\"noreferrer noopener\">El Pa\u00eds<\/a> <\/em>&#8222;Ramos lebte bei seinen beiden Gro\u00dfeltern m\u00fctterlicherseits&#8220;. Seine Mutter lebte nicht bei ihnen, weil sie &#8222;eine schwere Zeit durchmachte&#8220;, wie ein Nachbar sagte. Sein Vater &#8222;war in seinem Leben nie pr\u00e4sent&#8220;.<\/p>\n\n\n\n<p>Das sollte nicht \u00fcberraschen, auch wenn man das aus den meisten Berichten \u00fcber Massenerschie\u00dfungen nicht herauslesen kann. Man muss das Internet regelrecht durchforsten, um Berichte \u00fcber zerr\u00fcttete Familienverh\u00e4ltnisse von Sch\u00fctzen zu finden. In den allermeisten F\u00e4llen haben die T\u00e4ter geschiedene, getrennte oder nie verheiratete Eltern. Erinnern Sie sich an Dylann Roof, der 2015 in einer afroamerikanischen Kirche in Charleston neun Menschen t\u00f6tete? Er wurde als Sohn geschiedener Eltern geboren, die wieder zusammenkamen, um ein Kind zu zeugen, dann aber die Beziehung beendeten. Adam Lanza, der zwanzig Kinder und sechs Erwachsene in der Sandy Hook Elementary School massakriert hat? Seine Eltern hatten sich 2002 getrennt, als Lanza noch in der Grundschule war, und lie\u00dfen sich 2009 endg\u00fcltig scheiden.  <a href=\"https:\/\/www.heritage.org\/marriage-and-family\/commentary\/the-crisis-fatherless-shooters\" target=\"_blank\" rel=\"noreferrer noopener\">Einem Bericht der Heritage Foundation<\/a> zufolge stammen 75 % der 25 meistgenannten Massensch\u00fctzen seit Columbine (1999) aus Familien, die traditionell als zerr\u00fcttete Familien bezeichnet werden.<\/p>\n\n\n\n<p>Tats\u00e4chlich stammen 85 % der inhaftierten Jugendlichen aus vaterlosen Familien. Forscher wissen schon seit Jahrzehnten, dass zerr\u00fcttete Ehen zu gest\u00f6rten Kindern f\u00fchren. Eine Studie von Forschern der Towson University in Maryland aus dem Jahr 2010, in der Kinder von der ersten Klasse bis zur Mittelstufe beobachtet wurden, ergab, dass &#8222;ein hohes Ma\u00df an Gewalt in der Nachbarschaft und ein hoher Anteil an alleinstehenden M\u00e4nnern und Haushalten mit weiblichem Haushaltsvorstand mit einer Zunahme aggressiven Verhaltens&#8220; bei den untersuchten Jungen zusammenh\u00e4ngt. (Bei M\u00e4dchen sind die Ergebnisse sogar <em>noch<\/em> ausgepr\u00e4gter.) Eine weitere Studie aus dem Jahr 2010, die in der Fachzeitschrift <em>European Child and Adolescent Psychology<\/em> ver\u00f6ffentlicht wurde, ergab, dass sowohl Sch\u00fcler, die gemobbt wurden, <em>als auch<\/em> diejenigen, die auf der anderen Seite des Mobbings standen, in der Regel aus Haushalten kamen, in denen die Eltern geschieden waren.<\/p>\n\n\n\n<p>Eine norwegische Studie aus dem Jahr 2013 ergab, dass Kinder, deren Eltern sich scheiden lie\u00dfen, tendenziell h\u00e4ufiger psychische Probleme haben, darunter sowohl <em>internalisierende <\/em>Probleme wie Depressionen und \u00c4ngste als auch <em>externalisierende<\/em> Probleme wie Aggressionen &#8211; Tatsachen, die von Kommentatoren psychiatrischer Erkrankungen bei Sportsch\u00fctzen oft ignoriert werden. In einer weiteren Studie aus dem Jahr 2005, die im <em>Journal of Early Adolescence<\/em> ver\u00f6ffentlicht wurde, wurde festgestellt, dass die fehlende Bindung der Kinder an ihre M\u00fctter am st\u00e4rksten mit psychiatrischen Problemen im Zusammenhang mit der Internalisierung korreliert. Die Distanz zu ihren V\u00e4tern war jedoch mit einer gr\u00f6\u00dferen H\u00e4ufigkeit von &#8222;externalisierenden Problemen&#8220; verbunden, einschlie\u00dflich &#8222;Hyperaktivit\u00e4t, Impulsivit\u00e4t, Aggression und Delinquenz&#8220;.<\/p>\n\n\n\n<p>Dies sind nur einige wenige &#8211; es gibt noch viel mehr solcher Studien. Warum h\u00f6rt man dann nichts von diesen Verbindungen? Wir leben in einem egoistischen Zeitalter, einem Zeitalter, in dem die Bed\u00fcrfnisse der Kinder zugunsten der W\u00fcnsche der Erwachsenen aktiv ignoriert werden. Es ist ein Zeitalter, in dem ein Paar beschlie\u00dft, sich zu treffen und zu trennen, zu heiraten und sich scheiden zu lassen, mit einem oder zwei Kindern hier und da, und Politiker, Psychiater und \u00c4rzte eilen herbei, um sie zu beruhigen, dass ihr Verhalten keine langfristigen Auswirkungen auf die Kinder haben wird. Solange die Eltern &#8222;gl\u00fccklich&#8220; sind, wird es allen besser gehen. Alle Familienformen sind gleich. Kinder sind &#8222;widerstandsf\u00e4hig&#8220;.<\/p>\n\n\n\n<p>Aber das sind alles L\u00fcgen, L\u00fcgen, die sich in der Gewalt von Schie\u00dfereien wie der in Uvalde diese Woche zeigen. Und solange wir diese L\u00fcgen aufrechterhalten, werden wir weiterhin Opfer solch brutaler Ergebnisse sein.<\/p>\n\n\n\n<p>(Dieser Artikel stammt aus einer <a href=\"https:\/\/salvomag.com\/article\/salvo35\/parental-guidance-required\" target=\"_blank\" rel=\"noreferrer noopener\">Kolumne<\/a>, die in <em>SALVO<\/em> 35 erschienen ist).<\/p>\n","protected":false},"excerpt":{"rendered":"<p>Gewalt und Familienzerfall in Uvalde: die j\u00fcngste Schul-Schie\u00dferei in den USA.<\/p>\n","protected":false},"author":29,"featured_media":145307,"comment_status":"open","ping_status":"open","sticky":false,"template":"","format":"standard","meta":{"give_campaign_id":0,"om_disable_all_campaigns":false,"_monsterinsights_skip_tracking":false,"_monsterinsights_sitenote_active":false,"_monsterinsights_sitenote_note":"","_monsterinsights_sitenote_category":0,"mc4wp_mailchimp_campaign":[],"jnews-multi-image_gallery":[],"jnews_single_post":{"subtitle":"Gewalt und Familienzerfall in Uvalde: die j\u00fcngste Schul-Schie\u00dferei in den USA.","format":"standard","video":"","gallery":"","source_name":"","source_url":"","via_name":"","via_url":"","override":[{"template":"1","single_blog_custom":"","parallax":"1","fullscreen":"1","layout":"right-sidebar","sidebar":"default-sidebar","second_sidebar":"default-sidebar","sticky_sidebar":"1","share_position":"top","share_float_style":"share-monocrhome","show_share_counter":"1","show_view_counter":"1","show_featured":"1","show_post_meta":"1","show_post_author":"1","show_post_author_image":"1","show_post_date":"1","post_date_format":"default","post_date_format_custom":"Y\/m\/d","show_post_category":"1","post_reading_time_wpm":"300","zoom_button_out_step":"2","zoom_button_in_step":"3","show_post_tag":"1","show_prev_next_post":"1","show_popup_post":"1","number_popup_post":"1"}],"image_override":[{"single_post_thumbnail_size":"crop-500","single_post_gallery_size":"crop-500"}],"trending_post_position":"meta","trending_post_label":"Trending","sponsored_post_label":"Sponsored by","sponsored_post_name":"","sponsored_post_url":"","sponsored_post_logo":"","sponsored_post_desc":""},"jnews_primary_category":{"id":"770"},"jnews_social_meta":{"fb_title":"","fb_description":"","fb_image":"","twitter_title":"","twitter_description":"","twitter_image":""},"jnews_override_counter":{"view_counter_number":"0","share_counter_number":"0","like_counter_number":"0","dislike_counter_number":"0"},"footnotes":""},"categories":[816,770],"tags":[19041,19040,19042],"class_list":["post-145490","post","type-post","status-publish","format-standard","has-post-thumbnail","hentry","category-breaking-news-de","category-familie","tag-schiesen","tag-uvalde-de","tag-vaterlosigkeit"],"yoast_head":"<!-- This site is optimized with the Yoast SEO Premium plugin v25.9 (Yoast SEO v27.3) - https:\/\/yoast.com\/product\/yoast-seo-premium-wordpress\/ -->\n<title>Blut an unseren H\u00e4nden - IFN<\/title>\n<meta name=\"description\" content=\"Wir leben in einem egoistischen Zeitalter, einem Zeitalter, in dem die Bed\u00fcrfnisse der Kinder zugunsten der W\u00fcnsche der Erwachsenen aktiv ignoriert werden.\" \/>\n<meta name=\"robots\" content=\"index, follow, max-snippet:-1, max-image-preview:large, max-video-preview:-1\" \/>\n<link rel=\"canonical\" href=\"https:\/\/ifamnews.com\/de\/blut-an-unseren-h-nden\" \/>\n<meta property=\"og:locale\" content=\"de_DE\" \/>\n<meta property=\"og:type\" content=\"article\" \/>\n<meta property=\"og:title\" content=\"Blut an unseren H\u00e4nden\" \/>\n<meta property=\"og:description\" content=\"Wir leben in einem egoistischen Zeitalter, einem Zeitalter, in dem die Bed\u00fcrfnisse der Kinder zugunsten der W\u00fcnsche der Erwachsenen aktiv ignoriert werden.\" \/>\n<meta property=\"og:url\" content=\"https:\/\/ifamnews.com\/de\/blut-an-unseren-h-nden\" \/>\n<meta property=\"og:site_name\" content=\"IFN\" \/>\n<meta property=\"article:publisher\" content=\"https:\/\/www.facebook.com\/iFamNews\" \/>\n<meta property=\"article:published_time\" content=\"2022-05-27T07:50:42+00:00\" \/>\n<meta property=\"article:modified_time\" content=\"2022-05-27T07:50:44+00:00\" \/>\n<meta property=\"og:image\" content=\"https:\/\/ifamnews.com\/wp-content\/uploads\/2022\/05\/blood-on-hands.jpg\" \/>\n\t<meta property=\"og:image:width\" content=\"1200\" \/>\n\t<meta property=\"og:image:height\" content=\"675\" \/>\n\t<meta property=\"og:image:type\" content=\"image\/jpeg\" \/>\n<meta name=\"author\" content=\"Nicole King\" \/>\n<meta name=\"twitter:card\" content=\"summary_large_image\" \/>\n<meta name=\"twitter:creator\" content=\"@iFamNewsEN\" \/>\n<meta name=\"twitter:site\" content=\"@iFamNewsEN\" \/>\n<meta name=\"twitter:label1\" content=\"Verfasst von\" \/>\n\t<meta name=\"twitter:data1\" content=\"Nicole King\" \/>\n\t<meta name=\"twitter:label2\" content=\"Gesch\u00e4tzte Lesezeit\" \/>\n\t<meta name=\"twitter:data2\" content=\"3\u00a0Minuten\" \/>\n<!-- \/ Yoast SEO Premium plugin. -->","yoast_head_json":{"title":"Blut an unseren H\u00e4nden - IFN","description":"Wir leben in einem egoistischen Zeitalter, einem Zeitalter, in dem die Bed\u00fcrfnisse der Kinder zugunsten der W\u00fcnsche der Erwachsenen aktiv ignoriert werden.","robots":{"index":"index","follow":"follow","max-snippet":"max-snippet:-1","max-image-preview":"max-image-preview:large","max-video-preview":"max-video-preview:-1"},"canonical":"https:\/\/ifamnews.com\/de\/blut-an-unseren-h-nden","og_locale":"de_DE","og_type":"article","og_title":"Blut an unseren H\u00e4nden","og_description":"Wir leben in einem egoistischen Zeitalter, einem Zeitalter, in dem die Bed\u00fcrfnisse der Kinder zugunsten der W\u00fcnsche der Erwachsenen aktiv ignoriert werden.","og_url":"https:\/\/ifamnews.com\/de\/blut-an-unseren-h-nden","og_site_name":"IFN","article_publisher":"https:\/\/www.facebook.com\/iFamNews","article_published_time":"2022-05-27T07:50:42+00:00","article_modified_time":"2022-05-27T07:50:44+00:00","og_image":[{"width":1200,"height":675,"url":"https:\/\/ifamnews.com\/wp-content\/uploads\/2022\/05\/blood-on-hands.jpg","type":"image\/jpeg"}],"author":"Nicole King","twitter_card":"summary_large_image","twitter_creator":"@iFamNewsEN","twitter_site":"@iFamNewsEN","twitter_misc":{"Verfasst von":"Nicole King","Gesch\u00e4tzte Lesezeit":"3\u00a0Minuten"},"schema":{"@context":"https:\/\/schema.org","@graph":[{"@type":"NewsArticle","@id":"https:\/\/ifamnews.com\/de\/blut-an-unseren-h-nden#article","isPartOf":{"@id":"https:\/\/ifamnews.com\/de\/blut-an-unseren-h-nden"},"author":{"name":"Nicole King","@id":"https:\/\/ifamnews.com\/en\/#\/schema\/person\/35d200d06cf0beaffb53d0d1a6a8c870"},"headline":"Blut an unseren H\u00e4nden","datePublished":"2022-05-27T07:50:42+00:00","dateModified":"2022-05-27T07:50:44+00:00","mainEntityOfPage":{"@id":"https:\/\/ifamnews.com\/de\/blut-an-unseren-h-nden"},"wordCount":703,"commentCount":0,"publisher":{"@id":"https:\/\/ifamnews.com\/en\/#organization"},"image":{"@id":"https:\/\/ifamnews.com\/de\/blut-an-unseren-h-nden#primaryimage"},"thumbnailUrl":"https:\/\/ifamnews.com\/wp-content\/uploads\/2022\/05\/blood-on-hands.jpg","keywords":["Schie\u00dfen","Uvalde","Vaterlosigkeit"],"articleSection":["Breaking News","Familie"],"inLanguage":"de","potentialAction":[{"@type":"CommentAction","name":"Comment","target":["https:\/\/ifamnews.com\/de\/blut-an-unseren-h-nden#respond"]}]},{"@type":"WebPage","@id":"https:\/\/ifamnews.com\/de\/blut-an-unseren-h-nden","url":"https:\/\/ifamnews.com\/de\/blut-an-unseren-h-nden","name":"Blut an unseren H\u00e4nden - IFN","isPartOf":{"@id":"https:\/\/ifamnews.com\/en\/#website"},"primaryImageOfPage":{"@id":"https:\/\/ifamnews.com\/de\/blut-an-unseren-h-nden#primaryimage"},"image":{"@id":"https:\/\/ifamnews.com\/de\/blut-an-unseren-h-nden#primaryimage"},"thumbnailUrl":"https:\/\/ifamnews.com\/wp-content\/uploads\/2022\/05\/blood-on-hands.jpg","datePublished":"2022-05-27T07:50:42+00:00","dateModified":"2022-05-27T07:50:44+00:00","description":"Wir leben in einem egoistischen Zeitalter, einem Zeitalter, in dem die Bed\u00fcrfnisse der Kinder zugunsten der W\u00fcnsche der Erwachsenen aktiv ignoriert werden.","breadcrumb":{"@id":"https:\/\/ifamnews.com\/de\/blut-an-unseren-h-nden#breadcrumb"},"inLanguage":"de","potentialAction":[{"@type":"ReadAction","target":["https:\/\/ifamnews.com\/de\/blut-an-unseren-h-nden"]}]},{"@type":"ImageObject","inLanguage":"de","@id":"https:\/\/ifamnews.com\/de\/blut-an-unseren-h-nden#primaryimage","url":"https:\/\/ifamnews.com\/wp-content\/uploads\/2022\/05\/blood-on-hands.jpg","contentUrl":"https:\/\/ifamnews.com\/wp-content\/uploads\/2022\/05\/blood-on-hands.jpg","width":1200,"height":675},{"@type":"BreadcrumbList","@id":"https:\/\/ifamnews.com\/de\/blut-an-unseren-h-nden#breadcrumb","itemListElement":[{"@type":"ListItem","position":1,"name":"Home","item":"https:\/\/ifamnews.com\/de"},{"@type":"ListItem","position":2,"name":"Familia","item":"https:\/\/ifamnews.com\/es\/categoria\/familia"},{"@type":"ListItem","position":3,"name":"Blut an unseren H\u00e4nden"}]},{"@type":"WebSite","@id":"https:\/\/ifamnews.com\/en\/#website","url":"https:\/\/ifamnews.com\/en\/","name":"IFN","description":"International Family News Network","publisher":{"@id":"https:\/\/ifamnews.com\/en\/#organization"},"potentialAction":[{"@type":"SearchAction","target":{"@type":"EntryPoint","urlTemplate":"https:\/\/ifamnews.com\/en\/?s={search_term_string}"},"query-input":{"@type":"PropertyValueSpecification","valueRequired":true,"valueName":"search_term_string"}}],"inLanguage":"de"},{"@type":"Organization","@id":"https:\/\/ifamnews.com\/en\/#organization","name":"iFamNews","url":"https:\/\/ifamnews.com\/en\/","logo":{"@type":"ImageObject","inLanguage":"de","@id":"https:\/\/ifamnews.com\/en\/#\/schema\/logo\/image\/","url":"https:\/\/ifamnews.com\/wp-content\/uploads\/2020\/01\/Share-logo.png","contentUrl":"https:\/\/ifamnews.com\/wp-content\/uploads\/2020\/01\/Share-logo.png","width":200,"height":200,"caption":"iFamNews"},"image":{"@id":"https:\/\/ifamnews.com\/en\/#\/schema\/logo\/image\/"},"sameAs":["https:\/\/www.facebook.com\/iFamNews","https:\/\/x.com\/iFamNewsEN"]},{"@type":"Person","@id":"https:\/\/ifamnews.com\/en\/#\/schema\/person\/35d200d06cf0beaffb53d0d1a6a8c870","name":"Nicole King","image":{"@type":"ImageObject","inLanguage":"de","@id":"https:\/\/secure.gravatar.com\/avatar\/903f35ca5903fb058276f9e28fec6ab17dd5c1ae49e670dfa47483ff62c86444?s=96&d=mm&r=g","url":"https:\/\/secure.gravatar.com\/avatar\/903f35ca5903fb058276f9e28fec6ab17dd5c1ae49e670dfa47483ff62c86444?s=96&d=mm&r=g","contentUrl":"https:\/\/secure.gravatar.com\/avatar\/903f35ca5903fb058276f9e28fec6ab17dd5c1ae49e670dfa47483ff62c86444?s=96&d=mm&r=g","caption":"Nicole King"},"description":"Nicole M. King is the Managing Editor of IOF's journal, The Natural Family: An International Journal of Research and Policy, the United States\u2019 leading journal of family-policy research. In that capacity, she writes, edits and corresponds with editors and contributors to ensure that each issue provides the most relevant and accurate research and policy analysis available. Nicole holds a B.A. in English as well as M.A.s in English and Political Theory. She has contributed to The Front Porch Republic and Chronicles: A Magazine of American Culture, among others. She is also a contributing editor to SALVO Magazine and a blogger at salvomag.com.","url":"https:\/\/ifamnews.com\/de\/author\/nkingifamnews-com"}]}},"amp_enabled":true,"_links":{"self":[{"href":"https:\/\/ifamnews.com\/de\/wp-json\/wp\/v2\/posts\/145490","targetHints":{"allow":["GET"]}}],"collection":[{"href":"https:\/\/ifamnews.com\/de\/wp-json\/wp\/v2\/posts"}],"about":[{"href":"https:\/\/ifamnews.com\/de\/wp-json\/wp\/v2\/types\/post"}],"author":[{"embeddable":true,"href":"https:\/\/ifamnews.com\/de\/wp-json\/wp\/v2\/users\/29"}],"replies":[{"embeddable":true,"href":"https:\/\/ifamnews.com\/de\/wp-json\/wp\/v2\/comments?post=145490"}],"version-history":[{"count":4,"href":"https:\/\/ifamnews.com\/de\/wp-json\/wp\/v2\/posts\/145490\/revisions"}],"predecessor-version":[{"id":145494,"href":"https:\/\/ifamnews.com\/de\/wp-json\/wp\/v2\/posts\/145490\/revisions\/145494"}],"wp:featuredmedia":[{"embeddable":true,"href":"https:\/\/ifamnews.com\/de\/wp-json\/wp\/v2\/media\/145307"}],"wp:attachment":[{"href":"https:\/\/ifamnews.com\/de\/wp-json\/wp\/v2\/media?parent=145490"}],"wp:term":[{"taxonomy":"category","embeddable":true,"href":"https:\/\/ifamnews.com\/de\/wp-json\/wp\/v2\/categories?post=145490"},{"taxonomy":"post_tag","embeddable":true,"href":"https:\/\/ifamnews.com\/de\/wp-json\/wp\/v2\/tags?post=145490"}],"curies":[{"name":"wp","href":"https:\/\/api.w.org\/{rel}","templated":true}]}}