{"id":139984,"date":"2022-05-03T01:00:00","date_gmt":"2022-05-03T05:00:00","guid":{"rendered":"https:\/\/ifamnews.com\/?p=139984"},"modified":"2022-04-26T13:05:48","modified_gmt":"2022-04-26T17:05:48","slug":"die-eu-und-ungarn-scheidung-trennung-oder-wirtschaftliche-erpressung","status":"publish","type":"post","link":"https:\/\/ifamnews.com\/de\/die-eu-und-ungarn-scheidung-trennung-oder-wirtschaftliche-erpressung","title":{"rendered":"Die EU und Ungarn: Scheidung, Trennung oder wirtschaftliche Erpressung?"},"content":{"rendered":"\n<p>Die Umfragen in Ungarn haben ein anderes Ergebnis vorausgesagt, aber die christdemokratische und nationalistische Fidecz-Partei hat nicht nur gewonnen, sondern ihre Mehrheit im Parlament ausgebaut.  <a href=\"https:\/\/es.wikipedia.org\/wiki\/Katalin_Nov%C3%A1k\">Katal\u00edn Nov\u00e1k<\/a> (auch Pr\u00e4sidentin des hervorragenden Vereins &#8222;<a href=\"https:\/\/politicalnetworkforvalues.org\/\">politisches Netzwerk f\u00fcr Werte<\/a>&#8222;) wurde zum Pr\u00e4sidenten gew\u00e4hlt und der sehr umstrittene  <a href=\"https:\/\/es.wikipedia.org\/wiki\/Viktor_Orb%C3%A1n\">Victor Orb\u00e1n<\/a> als Premierminister. Sie erhielten eine Zweidrittelmehrheit im Parlament.<\/p>\n\n\n\n<p>In seiner Siegesrede hob Victor Orb\u00e1n den Sieg der Konservativen hervor und richtete eine Botschaft an die Europ\u00e4ische Union, zu der das Land geh\u00f6rt: Christlich-demokratische und konservative Politik ist nicht Europas Vergangenheit, sie ist seine Zukunft! Er kritisierte auch Georges Soros und seine Projekte f\u00fcr die Welt.<\/p>\n\n\n\n<p>Die Reaktion der B\u00fcrokraten der Europ\u00e4ischen Union (EU) lie\u00df nicht lange auf sich warten: Zwei Tage nach der Wahl begann die Europ\u00e4ische Kommission, gegen Ungarn vorzugehen.<\/p>\n\n\n\n<p>Das Europ\u00e4ische Parlament berief sich auf die Artikel 2 und 7 des EU-Vertrags, um Ungarn zu beschuldigen, &#8222;gegen die in Artikel 2 genannten europ\u00e4ischen Werte&#8220; zu versto\u00dfen. Sie enthalten viele Argumente, aber wenn man zwischen den Zeilen liest, ist es klar, dass es daran liegt, dass Ungarn die &#8222;neuen Menschenrechte&#8220; nicht respektiert (gemeint sind: freie Abtreibung, LGTBI-Rechte,&#8230;). Normalerweise muss die Europ\u00e4ische Kommission einstimmig entscheiden, dass ein Land gegen die Vorschriften verst\u00f6\u00dft, bevor sie es bestrafen kann. Bislang sch\u00fctzten sich Polen und Ungarn gegenseitig vor solchen Auswirkungen, was eine Bestrafung verhinderte. Aber das hat sich ge\u00e4ndert. Sie haben ein Gesetz verabschiedet, das es ihnen erm\u00f6glicht, Haushaltszahlungen an ein Land auszusetzen, das ihrer Meinung nach gegen die Grundprinzipien der Union verst\u00f6\u00dft. Polen und Ungarn protestierten gegen dieses Gesetz, aber der Europ\u00e4ische Gerichtshof entschied zugunsten der Europ\u00e4ischen Kommission. Die Folge: Zwei Tage nach den Wahlen (sie warteten ab, wer gewinnen w\u00fcrde), am 5. April, leitete die Europ\u00e4ische Kommission dieses Verfahren gegen Ungarn ein. Jetzt brauchen sie nur noch 55 % der Stimmen der Europ\u00e4ischen R\u00e4te, um Ungarn zu verurteilen und die Zahlungen aus dem europ\u00e4ischen Haushalt auszusetzen. Dies w\u00fcrde f\u00fcr Ungarn einen Verlust von 40 Milliarden Euro bedeuten. Ein enormer Betrag, vor allem in Anbetracht der wirtschaftlichen Lage des Landes.<\/p>\n\n\n\n<p>Danach kommen wir zu 4 m\u00f6glichen Szenarien, die in den Medien angesichts dieser turbulenten Beziehungen zwischen Ungarn und der EU erw\u00e4hnt wurden:<\/p>\n\n\n\n<ol class=\"wp-block-list\" type=\"1\"><li><strong>Scheidung: Ungarn wird aus der EU ausgeschlossen oder verl\u00e4sst sie<\/strong>. Dieses Szenario ist unrealistisch, da es keinen Mechanismus gibt, um sie auszuweisen, und sie nicht wie die Engl\u00e4nder gehen wollen. Sie wird in einigen Medien erw\u00e4hnt, aber ich finde sie nicht sehr glaubw\u00fcrdig.<\/li><\/ol>\n\n\n\n<ol class=\"wp-block-list\" type=\"1\" start=\"2\"><li><strong>Abspaltung: Ungarns Stimme bei EU-Entscheidungen wird weggenommen<\/strong>. Sie konnten nicht mehr \u00fcber wichtige Entscheidungen abstimmen. Auch dieses Szenario scheint mir nicht realistisch zu sein, denn um dies zu erreichen, ist immer noch Einstimmigkeit der Mitgliedstaaten (ohne den beschuldigten Staat) erforderlich. Und Polen unterst\u00fctzt Ungarn weiterhin.<\/li><\/ol>\n\n\n\n<ol class=\"wp-block-list\" type=\"1\" start=\"3\"><li><strong>Wirtschaftliche Erpressung: Die Zahlung des 40-Milliarden-Haushalts wird ausgesetzt<\/strong>. Dies scheint mir am realistischsten zu sein. Br\u00fcssel will maximalen Druck auf die Ungarn aus\u00fcben, um die Akzeptanz ihrer &#8222;europ\u00e4ischen Werte&#8220; zu erzwingen, die bekanntlich von ideologischem Marxismus und der F\u00f6rderung der Gender-Ideologie geplagt sind.<\/li><\/ol>\n\n\n\n<ol class=\"wp-block-list\" type=\"1\" start=\"4\"><li><strong>Sie halten durch: Die EU h\u00e4lt durch und gibt schlie\u00dflich nach<\/strong>, w\u00e4hrend sie auf die n\u00e4chsten Wahlen wartet, bei denen sie auf den Sieg einer Koalition hofft, die ihren Vorstellungen besser entspricht. Das scheint mir nicht sehr wahrscheinlich, weil sie dann schwach erscheinen w\u00fcrden, aber sie k\u00f6nnten in einigen Punkten aufgrund der aktuellen Situation mit Russland nachgeben.<\/li><\/ol>\n","protected":false},"excerpt":{"rendered":"<p>Die Fidesz-Partei gewann und baute sogar ihre Mehrheit im Parlament aus. Die Reaktion der EU-B\u00fcrokraten lie\u00df nicht lange auf sich warten: Zwei Tage nach der Wahl begann die Europ\u00e4ische Kommission, gegen Ungarn vorzugehen. Die B\u00fcrokraten akzeptieren das Ergebnis der Demokratie nicht.<\/p>\n","protected":false},"author":576,"featured_media":139171,"comment_status":"open","ping_status":"open","sticky":false,"template":"","format":"standard","meta":{"give_campaign_id":0,"om_disable_all_campaigns":false,"_monsterinsights_skip_tracking":false,"_monsterinsights_sitenote_active":false,"_monsterinsights_sitenote_note":"","_monsterinsights_sitenote_category":0,"mc4wp_mailchimp_campaign":[],"jnews-multi-image_gallery":[],"jnews_single_post":{"subtitle":"Die Fidesz-Partei gewann und baute sogar ihre Mehrheit im Parlament aus. Die Reaktion der EU-B\u00fcrokraten lie\u00df nicht lange auf sich warten: Zwei Tage nach der Wahl begann die Europ\u00e4ische Kommission, gegen Ungarn vorzugehen. Die B\u00fcrokraten akzeptieren das Ergebnis der Demokratie nicht.","format":"standard","video":"","gallery":"","source_name":"","source_url":"","via_name":"","via_url":"","override":[{"template":"1","single_blog_custom":"","parallax":"1","fullscreen":"1","layout":"right-sidebar","sidebar":"default-sidebar","second_sidebar":"default-sidebar","sticky_sidebar":"1","share_position":"top","share_float_style":"share-monocrhome","show_share_counter":"1","show_view_counter":"1","show_featured":"1","show_post_meta":"1","show_post_author":"1","show_post_author_image":"1","show_post_date":"1","post_date_format":"default","post_date_format_custom":"Y\/m\/d","show_post_category":"1","post_reading_time_wpm":"300","zoom_button_out_step":"2","zoom_button_in_step":"3","show_post_tag":"1","show_prev_next_post":"1","show_popup_post":"1","number_popup_post":"1"}],"image_override":[{"single_post_thumbnail_size":"crop-500","single_post_gallery_size":"crop-500"}],"trending_post_position":"meta","trending_post_label":"Trending","sponsored_post_label":"Sponsored by","sponsored_post_name":"","sponsored_post_url":"","sponsored_post_logo":"","sponsored_post_desc":""},"jnews_primary_category":{"id":"768"},"jnews_social_meta":{"fb_title":"","fb_description":"","fb_image":"","twitter_title":"","twitter_description":"","twitter_image":""},"jnews_override_counter":{"view_counter_number":"0","share_counter_number":"0","like_counter_number":"0","dislike_counter_number":"0"},"footnotes":""},"categories":[816,768,811],"tags":[11178,18006,17492,18470],"class_list":["post-139984","post","type-post","status-publish","format-standard","has-post-thumbnail","hentry","category-breaking-news-de","category-politik","category-foreground-de","tag-familienpolitik-de","tag-katalin-novak-de-3","tag-pro-familie","tag-victor-orban-de"],"yoast_head":"<!-- This site is optimized with the Yoast SEO Premium plugin v25.9 (Yoast SEO v27.3) - https:\/\/yoast.com\/product\/yoast-seo-premium-wordpress\/ -->\n<title>Die EU und Ungarn: Scheidung, Trennung oder wirtschaftliche Erpressung? - IFN<\/title>\n<meta name=\"description\" content=\"Die Fidesz-Partei gewann und baute sogar ihre Mehrheit im Parlament aus. Die Reaktion der EU-B\u00fcrokraten lie\u00df nicht lange auf sich warten: Zwei Tage nach der Wahl begann die Europ\u00e4ische Kommission, gegen Ungarn vorzugehen. Die B\u00fcrokraten akzeptieren das Ergebnis der Demokratie nicht.\" \/>\n<meta name=\"robots\" content=\"index, follow, max-snippet:-1, max-image-preview:large, max-video-preview:-1\" \/>\n<link rel=\"canonical\" href=\"https:\/\/ifamnews.com\/de\/die-eu-und-ungarn-scheidung-trennung-oder-wirtschaftliche-erpressung\" \/>\n<meta property=\"og:locale\" content=\"de_DE\" \/>\n<meta property=\"og:type\" content=\"article\" \/>\n<meta property=\"og:title\" content=\"Die EU und Ungarn: Scheidung, Trennung oder wirtschaftliche Erpressung?\" \/>\n<meta property=\"og:description\" content=\"Die Fidesz-Partei gewann und baute sogar ihre Mehrheit im Parlament aus. Die Reaktion der EU-B\u00fcrokraten lie\u00df nicht lange auf sich warten: Zwei Tage nach der Wahl begann die Europ\u00e4ische Kommission, gegen Ungarn vorzugehen. Die B\u00fcrokraten akzeptieren das Ergebnis der Demokratie nicht.\" \/>\n<meta property=\"og:url\" content=\"https:\/\/ifamnews.com\/de\/die-eu-und-ungarn-scheidung-trennung-oder-wirtschaftliche-erpressung\" \/>\n<meta property=\"og:site_name\" content=\"IFN\" \/>\n<meta property=\"article:publisher\" content=\"https:\/\/www.facebook.com\/iFamNews\" \/>\n<meta property=\"article:published_time\" content=\"2022-05-03T05:00:00+00:00\" \/>\n<meta property=\"og:image\" content=\"https:\/\/ifamnews.com\/wp-content\/uploads\/2022\/05\/f9aad455-e81d-4c23-bfe6-de1d534ad17b_alta-libre-aspect-ratio_default_0.png\" \/>\n\t<meta property=\"og:image:width\" content=\"1200\" \/>\n\t<meta property=\"og:image:height\" content=\"675\" \/>\n\t<meta property=\"og:image:type\" content=\"image\/png\" \/>\n<meta name=\"author\" content=\"Cedric Lenners\" \/>\n<meta name=\"twitter:card\" content=\"summary_large_image\" \/>\n<meta name=\"twitter:creator\" content=\"@iFamNewsEN\" \/>\n<meta name=\"twitter:site\" content=\"@iFamNewsEN\" \/>\n<meta name=\"twitter:label1\" content=\"Verfasst von\" \/>\n\t<meta name=\"twitter:data1\" content=\"Cedric Lenners\" \/>\n\t<meta name=\"twitter:label2\" content=\"Gesch\u00e4tzte Lesezeit\" \/>\n\t<meta name=\"twitter:data2\" content=\"3\u00a0Minuten\" \/>\n<!-- \/ Yoast SEO Premium plugin. -->","yoast_head_json":{"title":"Die EU und Ungarn: Scheidung, Trennung oder wirtschaftliche Erpressung? - IFN","description":"Die Fidesz-Partei gewann und baute sogar ihre Mehrheit im Parlament aus. Die Reaktion der EU-B\u00fcrokraten lie\u00df nicht lange auf sich warten: Zwei Tage nach der Wahl begann die Europ\u00e4ische Kommission, gegen Ungarn vorzugehen. Die B\u00fcrokraten akzeptieren das Ergebnis der Demokratie nicht.","robots":{"index":"index","follow":"follow","max-snippet":"max-snippet:-1","max-image-preview":"max-image-preview:large","max-video-preview":"max-video-preview:-1"},"canonical":"https:\/\/ifamnews.com\/de\/die-eu-und-ungarn-scheidung-trennung-oder-wirtschaftliche-erpressung","og_locale":"de_DE","og_type":"article","og_title":"Die EU und Ungarn: Scheidung, Trennung oder wirtschaftliche Erpressung?","og_description":"Die Fidesz-Partei gewann und baute sogar ihre Mehrheit im Parlament aus. Die Reaktion der EU-B\u00fcrokraten lie\u00df nicht lange auf sich warten: Zwei Tage nach der Wahl begann die Europ\u00e4ische Kommission, gegen Ungarn vorzugehen. Die B\u00fcrokraten akzeptieren das Ergebnis der Demokratie nicht.","og_url":"https:\/\/ifamnews.com\/de\/die-eu-und-ungarn-scheidung-trennung-oder-wirtschaftliche-erpressung","og_site_name":"IFN","article_publisher":"https:\/\/www.facebook.com\/iFamNews","article_published_time":"2022-05-03T05:00:00+00:00","og_image":[{"width":1200,"height":675,"url":"https:\/\/ifamnews.com\/wp-content\/uploads\/2022\/05\/f9aad455-e81d-4c23-bfe6-de1d534ad17b_alta-libre-aspect-ratio_default_0.png","type":"image\/png"}],"author":"Cedric Lenners","twitter_card":"summary_large_image","twitter_creator":"@iFamNewsEN","twitter_site":"@iFamNewsEN","twitter_misc":{"Verfasst von":"Cedric Lenners","Gesch\u00e4tzte Lesezeit":"3\u00a0Minuten"},"schema":{"@context":"https:\/\/schema.org","@graph":[{"@type":"NewsArticle","@id":"https:\/\/ifamnews.com\/de\/die-eu-und-ungarn-scheidung-trennung-oder-wirtschaftliche-erpressung#article","isPartOf":{"@id":"https:\/\/ifamnews.com\/de\/die-eu-und-ungarn-scheidung-trennung-oder-wirtschaftliche-erpressung"},"author":{"name":"Cedric Lenners","@id":"https:\/\/ifamnews.com\/en\/#\/schema\/person\/73366277df7b3482ebc184bb8f40def2"},"headline":"Die EU und Ungarn: Scheidung, Trennung oder wirtschaftliche Erpressung?","datePublished":"2022-05-03T05:00:00+00:00","mainEntityOfPage":{"@id":"https:\/\/ifamnews.com\/de\/die-eu-und-ungarn-scheidung-trennung-oder-wirtschaftliche-erpressung"},"wordCount":594,"commentCount":0,"publisher":{"@id":"https:\/\/ifamnews.com\/en\/#organization"},"image":{"@id":"https:\/\/ifamnews.com\/de\/die-eu-und-ungarn-scheidung-trennung-oder-wirtschaftliche-erpressung#primaryimage"},"thumbnailUrl":"https:\/\/ifamnews.com\/wp-content\/uploads\/2022\/05\/f9aad455-e81d-4c23-bfe6-de1d534ad17b_alta-libre-aspect-ratio_default_0.png","keywords":["Familienpolitik","Katalin Novak","Pro-Familie","Victor Orban"],"articleSection":["Breaking News","Politik","Vordergrund"],"inLanguage":"de","potentialAction":[{"@type":"CommentAction","name":"Comment","target":["https:\/\/ifamnews.com\/de\/die-eu-und-ungarn-scheidung-trennung-oder-wirtschaftliche-erpressung#respond"]}]},{"@type":"WebPage","@id":"https:\/\/ifamnews.com\/de\/die-eu-und-ungarn-scheidung-trennung-oder-wirtschaftliche-erpressung","url":"https:\/\/ifamnews.com\/de\/die-eu-und-ungarn-scheidung-trennung-oder-wirtschaftliche-erpressung","name":"Die EU und Ungarn: Scheidung, Trennung oder wirtschaftliche Erpressung? - IFN","isPartOf":{"@id":"https:\/\/ifamnews.com\/en\/#website"},"primaryImageOfPage":{"@id":"https:\/\/ifamnews.com\/de\/die-eu-und-ungarn-scheidung-trennung-oder-wirtschaftliche-erpressung#primaryimage"},"image":{"@id":"https:\/\/ifamnews.com\/de\/die-eu-und-ungarn-scheidung-trennung-oder-wirtschaftliche-erpressung#primaryimage"},"thumbnailUrl":"https:\/\/ifamnews.com\/wp-content\/uploads\/2022\/05\/f9aad455-e81d-4c23-bfe6-de1d534ad17b_alta-libre-aspect-ratio_default_0.png","datePublished":"2022-05-03T05:00:00+00:00","description":"Die Fidesz-Partei gewann und baute sogar ihre Mehrheit im Parlament aus. Die Reaktion der EU-B\u00fcrokraten lie\u00df nicht lange auf sich warten: Zwei Tage nach der Wahl begann die Europ\u00e4ische Kommission, gegen Ungarn vorzugehen. Die B\u00fcrokraten akzeptieren das Ergebnis der Demokratie nicht.","breadcrumb":{"@id":"https:\/\/ifamnews.com\/de\/die-eu-und-ungarn-scheidung-trennung-oder-wirtschaftliche-erpressung#breadcrumb"},"inLanguage":"de","potentialAction":[{"@type":"ReadAction","target":["https:\/\/ifamnews.com\/de\/die-eu-und-ungarn-scheidung-trennung-oder-wirtschaftliche-erpressung"]}]},{"@type":"ImageObject","inLanguage":"de","@id":"https:\/\/ifamnews.com\/de\/die-eu-und-ungarn-scheidung-trennung-oder-wirtschaftliche-erpressung#primaryimage","url":"https:\/\/ifamnews.com\/wp-content\/uploads\/2022\/05\/f9aad455-e81d-4c23-bfe6-de1d534ad17b_alta-libre-aspect-ratio_default_0.png","contentUrl":"https:\/\/ifamnews.com\/wp-content\/uploads\/2022\/05\/f9aad455-e81d-4c23-bfe6-de1d534ad17b_alta-libre-aspect-ratio_default_0.png","width":1200,"height":675},{"@type":"BreadcrumbList","@id":"https:\/\/ifamnews.com\/de\/die-eu-und-ungarn-scheidung-trennung-oder-wirtschaftliche-erpressung#breadcrumb","itemListElement":[{"@type":"ListItem","position":1,"name":"Home","item":"https:\/\/ifamnews.com\/de"},{"@type":"ListItem","position":2,"name":"Politics","item":"https:\/\/ifamnews.com\/en\/category\/politics"},{"@type":"ListItem","position":3,"name":"Die EU und Ungarn: Scheidung, Trennung oder wirtschaftliche Erpressung?"}]},{"@type":"WebSite","@id":"https:\/\/ifamnews.com\/en\/#website","url":"https:\/\/ifamnews.com\/en\/","name":"IFN","description":"International Family News Network","publisher":{"@id":"https:\/\/ifamnews.com\/en\/#organization"},"potentialAction":[{"@type":"SearchAction","target":{"@type":"EntryPoint","urlTemplate":"https:\/\/ifamnews.com\/en\/?s={search_term_string}"},"query-input":{"@type":"PropertyValueSpecification","valueRequired":true,"valueName":"search_term_string"}}],"inLanguage":"de"},{"@type":"Organization","@id":"https:\/\/ifamnews.com\/en\/#organization","name":"iFamNews","url":"https:\/\/ifamnews.com\/en\/","logo":{"@type":"ImageObject","inLanguage":"de","@id":"https:\/\/ifamnews.com\/en\/#\/schema\/logo\/image\/","url":"https:\/\/ifamnews.com\/wp-content\/uploads\/2020\/01\/Share-logo.png","contentUrl":"https:\/\/ifamnews.com\/wp-content\/uploads\/2020\/01\/Share-logo.png","width":200,"height":200,"caption":"iFamNews"},"image":{"@id":"https:\/\/ifamnews.com\/en\/#\/schema\/logo\/image\/"},"sameAs":["https:\/\/www.facebook.com\/iFamNews","https:\/\/x.com\/iFamNewsEN"]},{"@type":"Person","@id":"https:\/\/ifamnews.com\/en\/#\/schema\/person\/73366277df7b3482ebc184bb8f40def2","name":"Cedric Lenners","image":{"@type":"ImageObject","inLanguage":"de","@id":"https:\/\/secure.gravatar.com\/avatar\/bdac3284aa50463573957490dbb609012f59949b6b777ba5cf3ea6c85bbddb3a?s=96&d=mm&r=g","url":"https:\/\/secure.gravatar.com\/avatar\/bdac3284aa50463573957490dbb609012f59949b6b777ba5cf3ea6c85bbddb3a?s=96&d=mm&r=g","contentUrl":"https:\/\/secure.gravatar.com\/avatar\/bdac3284aa50463573957490dbb609012f59949b6b777ba5cf3ea6c85bbddb3a?s=96&d=mm&r=g","caption":"Cedric Lenners"},"description":"Master of Science in Physics, with minors in Philosophy and Theology. Born and raised in Belgium, he has been living in Peru for many years. Lecturer and Professor, he has also been a professional poker player. He has done pro-life works in Latin America. Among those is the articulation for pro-life and pro-family organizations in Lima. He made an investigation showing the financing by Planned Parenthood of Latin American NGOs illegally promoting and encouraging abortions. Advise families to ease and promote foster care of children in an abandonment situation in Peru.","url":"https:\/\/ifamnews.com\/de\/author\/cedric-lenners"}]}},"amp_enabled":true,"_links":{"self":[{"href":"https:\/\/ifamnews.com\/de\/wp-json\/wp\/v2\/posts\/139984","targetHints":{"allow":["GET"]}}],"collection":[{"href":"https:\/\/ifamnews.com\/de\/wp-json\/wp\/v2\/posts"}],"about":[{"href":"https:\/\/ifamnews.com\/de\/wp-json\/wp\/v2\/types\/post"}],"author":[{"embeddable":true,"href":"https:\/\/ifamnews.com\/de\/wp-json\/wp\/v2\/users\/576"}],"replies":[{"embeddable":true,"href":"https:\/\/ifamnews.com\/de\/wp-json\/wp\/v2\/comments?post=139984"}],"version-history":[{"count":2,"href":"https:\/\/ifamnews.com\/de\/wp-json\/wp\/v2\/posts\/139984\/revisions"}],"predecessor-version":[{"id":140056,"href":"https:\/\/ifamnews.com\/de\/wp-json\/wp\/v2\/posts\/139984\/revisions\/140056"}],"wp:featuredmedia":[{"embeddable":true,"href":"https:\/\/ifamnews.com\/de\/wp-json\/wp\/v2\/media\/139171"}],"wp:attachment":[{"href":"https:\/\/ifamnews.com\/de\/wp-json\/wp\/v2\/media?parent=139984"}],"wp:term":[{"taxonomy":"category","embeddable":true,"href":"https:\/\/ifamnews.com\/de\/wp-json\/wp\/v2\/categories?post=139984"},{"taxonomy":"post_tag","embeddable":true,"href":"https:\/\/ifamnews.com\/de\/wp-json\/wp\/v2\/tags?post=139984"}],"curies":[{"name":"wp","href":"https:\/\/api.w.org\/{rel}","templated":true}]}}