{"id":135618,"date":"2022-04-11T02:00:00","date_gmt":"2022-04-11T06:00:00","guid":{"rendered":"https:\/\/ifamnews.com\/?p=135618"},"modified":"2022-04-06T02:26:21","modified_gmt":"2022-04-06T06:26:21","slug":"kalifornien-will-kindst-tung-legalisieren-neues-hoch-der-abtreibungslobby","status":"publish","type":"post","link":"https:\/\/ifamnews.com\/de\/kalifornien-will-kindst-tung-legalisieren-neues-hoch-der-abtreibungslobby","title":{"rendered":"Kalifornien will Kindst\u00f6tung legalisieren: neues \u201eHoch\u201c der Abtreibungslobby"},"content":{"rendered":"\n<p>Kalifornien ist so fortschrittlich, <em>liberal<\/em> und <em>weltoffen<\/em>, dass es im Begriff ist, die Kindst\u00f6tung zu entkriminalisieren. Die Absichten des demokratischen Gouverneurs Gavin Newsome (im Bild) und des <a href=\"https:\/\/www.plannedparenthoodaction.org\/uploads\/filer_public\/d8\/e1\/d8e17825-72e0-4f6f-9c57-7549bb54261e\/ca_fab_council_report_.pdf\" target=\"_blank\" rel=\"noreferrer noopener\">Future of Abortion Council<\/a> (ein Beratungsgremium, das mit Planned Parenthood verbunden ist) beschr\u00e4nken sich nicht nur auf die Ausweitung der Abtreibungsm\u00f6glichkeiten, sondern zielen auf den &#8222;Schutz, die St\u00e4rkung und die Ausweitung der Abtreibungsversorgung in Kalifornien&#8220;.<\/p>\n\n\n\n<p>Alles steht im <a href=\"https:\/\/legiscan.com\/CA\/research\/AB2223\/2019\" target=\"_blank\" rel=\"noreferrer noopener\">Gesetzentwurf AB 2223<\/a>, der von der demokratischen Kongressabgeordneten Buffy Wicks am 15. Februar 2022 vorgeschlagen und <a href=\"https:\/\/12ft.io\/proxy?q=https%3A%2F%2Fpresscalifornia.com%2F2022%2F03%2F22%2Fnewsom-opens-the-door-to-infanticide%2F\" target=\"_blank\" rel=\"noreferrer noopener\">am 17. M\u00e4rz 2022<\/a>, also noch vor der Verabschiedung durch die kalifornische Legislative, <a href=\"https:\/\/12ft.io\/proxy?q=https%3A%2F%2Fpresscalifornia.com%2F2022%2F03%2F22%2Fnewsom-opens-the-door-to-infanticide%2F\" target=\"{wpml_trans_unit_7_0_3_-1_1}\" rel=\"{wpml_trans_unit_7_0_3_-1_2} noopener\">ge\u00e4ndert wurde<\/a>, um eine Art &#8222;strafrechtlichen Schutz&#8220; f\u00fcr jede &#8222;Handlung oder Unterlassung&#8220; von werdenden M\u00fcttern einzuf\u00fchren. Entkriminalisiert w\u00fcrde also nicht nur der Schwangerschaftsabbruch bis zum neunten Monat, sondern auch der so genannte &#8222;perinatale Tod&#8220;, also nicht weniger als die Kindst\u00f6tung &#8222;bis zu sieben Tagen oder mehr&#8220;, ohne eine genaue Grenze zu nennen. Der Vorschlag wird als Aus\u00fcbung der &#8222;reproduktiven Rechte der Frauen&#8220; dargestellt und gef\u00f6rdert.<\/p>\n\n\n\n<p>Seit seinem Amtsantritt im Jahr 2019 hat sich Gouverneur Newsome stark auf die Ausweitung der Abtreibungs &#8222;rechte&#8220; in Kalifornien konzentriert, mit dem Ziel, Kalifornien zu einem &#8222;sanctuary state&#8220; f\u00fcr alle Abtreibungspraktiken zu machen, und das in frontaler Opposition zu zahlreichen republikanischen Staaten (<a href=\"https:\/\/ifamnews.com\/en?p=121569\" target=\"_blank\" rel=\"noreferrer noopener\">Texas<\/a>, Alabama, Ohio usw.), die sie stattdessen ab dem Zeitpunkt verbieten, an dem der Herzschlag des Babys im Mutterleib sp\u00fcrbar ist.<\/p>\n\n\n\n<p>Sollte AB 2223 verabschiedet werden, wird das so genannte &#8222;Recht auf Abtreibung&#8220; daher besonders heftig verteidigt werden. Es ist sogar vorgesehen, Polizeibeamte vorzuladen, die diejenigen verhaften k\u00f6nnen, die sich der &#8222;perinatalen&#8220; Kindst\u00f6tung schuldig gemacht haben, da sie diese (wie es offensichtlich, logisch und richtig ist) immer noch als Verbrechen betrachten.<\/p>\n\n\n\n<h3 class=\"wp-block-heading\" id=\"h-un-disegno-di-legge-atroce\"><strong>Eine &#8222;grauenhafte Rechnung&#8220;<\/strong><\/h3>\n\n\n\n<p>Heftige Reaktionen von kalifornischen <em>Pro-Life-Verb\u00e4nden <\/em>. &#8222;Heute erkl\u00e4rt die politische Kultur, die die T\u00f6tung von Millionen von Babys im Mutterleib rechtfertigt, die Jagd auf ungewollte Babys f\u00fcr er\u00f6ffnet. Jeder Kalifornier muss sich diesem abscheulichen Gesetz widersetzen&#8220;, sagt Jonathan Keller, Pr\u00e4sident des <a href=\"https:\/\/www.californiafamily.org\/\" target=\"_blank\" rel=\"noreferrer noopener\">California Family Council<\/a>.<\/p>\n\n\n\n<p>Alexandra Snyder, Gesch\u00e4ftsf\u00fchrerin der <a href=\"https:\/\/lifelegaldefensefoundation.org\/\" target=\"_blank\" rel=\"noreferrer noopener\">Life Legal Defense Foundation (Stiftung zur Verteidigung des Lebens<\/a>), bezeichnet AB 2223 als Gesetzentwurf, der nicht einfach nur &#8222;pro Abtreibung&#8220; sei, sondern darauf abziele, &#8222;alle zivil- und strafrechtlichen Strafen f\u00fcr die T\u00f6tung von lebend geborenen Babys unter allen Umst\u00e4nden abzuschaffen&#8220;.<\/p>\n\n\n\n<p>Der Gesetzentwurf, so Snyder, erm\u00e4chtigt ausdr\u00fccklich jeden, Sp\u00e4tabtreibungen und Kindst\u00f6tungen zu f\u00f6rdern, ohne dass dies rechtliche Konsequenzen nach sich zieht. Und &#8222;Life Legal&#8220; verurteilt auch die Verwendung von Euphemismen wie &#8222;pers\u00f6nliche reproduktive Entscheidungen&#8220; und &#8222;reproduktive Gerechtigkeit&#8220;, um &#8222;die T\u00f6tung von Kindern im und au\u00dferhalb des Mutterleibs zu rechtfertigen und zu f\u00f6rdern&#8220;.<\/p>\n\n\n\n<p> Der Anwalt des<a href=\"https:\/\/pacificjustice.org\/\" target=\"_blank\" rel=\"noreferrer noopener\">Pacific Justice Institute<\/a>, Matthew McReynolds, schaltete sich ebenfalls in die Debatte ein und erkl\u00e4rte, dass &#8222;die kalifornischen Kongressabgeordneten eine rote Linie \u00fcberschritten haben&#8220;, indem sie versuchten, &#8222;die T\u00f6tung von Kindern zu legitimieren, die erst wenige Stunden oder sogar eine Woche alt sind&#8220;.<\/p>\n\n\n\n<p>&#8222;Hier geht es nicht um die Ausweitung der Abtreibungsrechte, sondern um ein Ausma\u00df des B\u00f6sen, das die gro\u00dfe Mehrheit der Amerikaner, unabh\u00e4ngig von ihrer politischen Einstellung, nicht ertragen kann. Wir werden daran arbeiten, dieses wahnsinnige und teuflische Gesetz zu verhindern&#8220;, f\u00fcgte McReynolds hinzu.<\/p>\n","protected":false},"excerpt":{"rendered":"<p>Gouverneur Gavin Newsome will das so genannte \u201eRecht auf Abtreibung\u201c so weit wie m\u00f6glich ausdehnen, auch nach der Geburt.<\/p>\n","protected":false},"author":545,"featured_media":134428,"comment_status":"open","ping_status":"open","sticky":false,"template":"","format":"standard","meta":{"give_campaign_id":0,"om_disable_all_campaigns":false,"_monsterinsights_skip_tracking":false,"_monsterinsights_sitenote_active":false,"_monsterinsights_sitenote_note":"","_monsterinsights_sitenote_category":0,"mc4wp_mailchimp_campaign":[],"jnews-multi-image_gallery":[],"jnews_single_post":{"subtitle":"Gouverneur Gavin Newsome will das so genannte \"Recht auf Abtreibung\" so weit wie m\u00f6glich ausdehnen, auch nach der Geburt  ","format":"standard","video":"","gallery":"","source_name":"","source_url":"","via_name":"","via_url":"","override":[{"template":"1","single_blog_custom":"","parallax":"1","fullscreen":"1","layout":"right-sidebar","sidebar":"default-sidebar","second_sidebar":"default-sidebar","sticky_sidebar":"1","share_position":"top","share_float_style":"share-monocrhome","show_share_counter":"1","show_view_counter":"1","show_featured":"1","show_post_meta":"1","show_post_author":"1","show_post_author_image":"1","show_post_date":"1","post_date_format":"default","post_date_format_custom":"Y\/m\/d","show_post_category":"1","post_reading_time_wpm":"300","zoom_button_out_step":"2","zoom_button_in_step":"3","show_post_tag":"1","show_prev_next_post":"1","show_popup_post":"1","number_popup_post":"1"}],"image_override":[{"single_post_thumbnail_size":"crop-500","single_post_gallery_size":"crop-500"}],"trending_post_position":"meta","trending_post_label":"Trending","sponsored_post_label":"Sponsored by","sponsored_post_name":"","sponsored_post_url":"","sponsored_post_logo":"","sponsored_post_desc":""},"jnews_primary_category":{"id":"820"},"jnews_social_meta":{"fb_title":"","fb_description":"","fb_image":"","twitter_title":"","twitter_description":"","twitter_image":""},"jnews_override_counter":{"view_counter_number":"0","share_counter_number":"0","like_counter_number":"0","dislike_counter_number":"0"},"footnotes":""},"categories":[816,820,811],"tags":[18064,18065],"class_list":["post-135618","post","type-post","status-publish","format-standard","has-post-thumbnail","hentry","category-breaking-news-de","category-leben","category-foreground-de","tag-kalifornien","tag-kindstoetung"],"yoast_head":"<!-- This site is optimized with the Yoast SEO Premium plugin v25.9 (Yoast SEO v27.3) - https:\/\/yoast.com\/product\/yoast-seo-premium-wordpress\/ -->\n<title>Kalifornien will Kindst\u00f6tung legalisieren: neues \u201eHoch\u201c der Abtreibungslobby - &quot;iFamNews&quot;<\/title>\n<meta name=\"description\" content=\"Gouverneur Gavin Newsome will das so genannte &quot;Recht auf Abtreibung&quot; so weit wie m\u00f6glich ausdehnen, auch nach der Geburt\" \/>\n<meta name=\"robots\" content=\"index, follow, max-snippet:-1, max-image-preview:large, max-video-preview:-1\" \/>\n<link rel=\"canonical\" href=\"https:\/\/ifamnews.com\/de\/kalifornien-will-kindst-tung-legalisieren-neues-hoch-der-abtreibungslobby\" \/>\n<meta property=\"og:locale\" content=\"de_DE\" \/>\n<meta property=\"og:type\" content=\"article\" \/>\n<meta property=\"og:title\" content=\"Kalifornien will Kindst\u00f6tung legalisieren: neues \u201eHoch\u201c der Abtreibungslobby\" \/>\n<meta property=\"og:description\" content=\"Gouverneur Gavin Newsome will das so genannte &quot;Recht auf Abtreibung&quot; so weit wie m\u00f6glich ausdehnen, auch nach der Geburt\" \/>\n<meta property=\"og:url\" content=\"https:\/\/ifamnews.com\/de\/kalifornien-will-kindst-tung-legalisieren-neues-hoch-der-abtreibungslobby\" \/>\n<meta property=\"og:site_name\" content=\"IFN\" \/>\n<meta property=\"article:publisher\" content=\"https:\/\/www.facebook.com\/iFamNews\" \/>\n<meta property=\"article:published_time\" content=\"2022-04-11T06:00:00+00:00\" \/>\n<meta property=\"og:image\" content=\"https:\/\/ifamnews.com\/wp-content\/uploads\/2022\/04\/Orrore-in-California_-vogliono-linfanticidio-legale.jpg\" \/>\n\t<meta property=\"og:image:width\" content=\"1200\" \/>\n\t<meta property=\"og:image:height\" content=\"675\" \/>\n\t<meta property=\"og:image:type\" content=\"image\/jpeg\" \/>\n<meta name=\"author\" content=\"Luca Marcolivio\" \/>\n<meta name=\"twitter:card\" content=\"summary_large_image\" \/>\n<meta name=\"twitter:creator\" content=\"@https:\/\/twitter.com\/luketto2\" \/>\n<meta name=\"twitter:site\" content=\"@iFamNewsEN\" \/>\n<meta name=\"twitter:label1\" content=\"Verfasst von\" \/>\n\t<meta name=\"twitter:data1\" content=\"Luca Marcolivio\" \/>\n\t<meta name=\"twitter:label2\" content=\"Gesch\u00e4tzte Lesezeit\" \/>\n\t<meta name=\"twitter:data2\" content=\"3\u00a0Minuten\" \/>\n<!-- \/ Yoast SEO Premium plugin. -->","yoast_head_json":{"title":"Kalifornien will Kindst\u00f6tung legalisieren: neues \u201eHoch\u201c der Abtreibungslobby - \"iFamNews\"","description":"Gouverneur Gavin Newsome will das so genannte \"Recht auf Abtreibung\" so weit wie m\u00f6glich ausdehnen, auch nach der Geburt","robots":{"index":"index","follow":"follow","max-snippet":"max-snippet:-1","max-image-preview":"max-image-preview:large","max-video-preview":"max-video-preview:-1"},"canonical":"https:\/\/ifamnews.com\/de\/kalifornien-will-kindst-tung-legalisieren-neues-hoch-der-abtreibungslobby","og_locale":"de_DE","og_type":"article","og_title":"Kalifornien will Kindst\u00f6tung legalisieren: neues \u201eHoch\u201c der Abtreibungslobby","og_description":"Gouverneur Gavin Newsome will das so genannte \"Recht auf Abtreibung\" so weit wie m\u00f6glich ausdehnen, auch nach der Geburt","og_url":"https:\/\/ifamnews.com\/de\/kalifornien-will-kindst-tung-legalisieren-neues-hoch-der-abtreibungslobby","og_site_name":"IFN","article_publisher":"https:\/\/www.facebook.com\/iFamNews","article_published_time":"2022-04-11T06:00:00+00:00","og_image":[{"width":1200,"height":675,"url":"https:\/\/ifamnews.com\/wp-content\/uploads\/2022\/04\/Orrore-in-California_-vogliono-linfanticidio-legale.jpg","type":"image\/jpeg"}],"author":"Luca Marcolivio","twitter_card":"summary_large_image","twitter_creator":"@https:\/\/twitter.com\/luketto2","twitter_site":"@iFamNewsEN","twitter_misc":{"Verfasst von":"Luca Marcolivio","Gesch\u00e4tzte Lesezeit":"3\u00a0Minuten"},"schema":{"@context":"https:\/\/schema.org","@graph":[{"@type":"NewsArticle","@id":"https:\/\/ifamnews.com\/de\/kalifornien-will-kindst-tung-legalisieren-neues-hoch-der-abtreibungslobby#article","isPartOf":{"@id":"https:\/\/ifamnews.com\/de\/kalifornien-will-kindst-tung-legalisieren-neues-hoch-der-abtreibungslobby"},"author":{"name":"Luca Marcolivio","@id":"https:\/\/ifamnews.com\/en\/#\/schema\/person\/ce4f7fd8e66bf7ecb51fc4e1d97dbcfd"},"headline":"Kalifornien will Kindst\u00f6tung legalisieren: neues \u201eHoch\u201c der Abtreibungslobby","datePublished":"2022-04-11T06:00:00+00:00","mainEntityOfPage":{"@id":"https:\/\/ifamnews.com\/de\/kalifornien-will-kindst-tung-legalisieren-neues-hoch-der-abtreibungslobby"},"wordCount":544,"commentCount":0,"publisher":{"@id":"https:\/\/ifamnews.com\/en\/#organization"},"image":{"@id":"https:\/\/ifamnews.com\/de\/kalifornien-will-kindst-tung-legalisieren-neues-hoch-der-abtreibungslobby#primaryimage"},"thumbnailUrl":"https:\/\/ifamnews.com\/wp-content\/uploads\/2022\/04\/Orrore-in-California_-vogliono-linfanticidio-legale.jpg","keywords":["Kalifornien","Kindst\u00f6tung"],"articleSection":["Breaking News","Leben","Vordergrund"],"inLanguage":"de","potentialAction":[{"@type":"CommentAction","name":"Comment","target":["https:\/\/ifamnews.com\/de\/kalifornien-will-kindst-tung-legalisieren-neues-hoch-der-abtreibungslobby#respond"]}]},{"@type":"WebPage","@id":"https:\/\/ifamnews.com\/de\/kalifornien-will-kindst-tung-legalisieren-neues-hoch-der-abtreibungslobby","url":"https:\/\/ifamnews.com\/de\/kalifornien-will-kindst-tung-legalisieren-neues-hoch-der-abtreibungslobby","name":"Kalifornien will Kindst\u00f6tung legalisieren: neues \u201eHoch\u201c der Abtreibungslobby - \"iFamNews\"","isPartOf":{"@id":"https:\/\/ifamnews.com\/en\/#website"},"primaryImageOfPage":{"@id":"https:\/\/ifamnews.com\/de\/kalifornien-will-kindst-tung-legalisieren-neues-hoch-der-abtreibungslobby#primaryimage"},"image":{"@id":"https:\/\/ifamnews.com\/de\/kalifornien-will-kindst-tung-legalisieren-neues-hoch-der-abtreibungslobby#primaryimage"},"thumbnailUrl":"https:\/\/ifamnews.com\/wp-content\/uploads\/2022\/04\/Orrore-in-California_-vogliono-linfanticidio-legale.jpg","datePublished":"2022-04-11T06:00:00+00:00","description":"Gouverneur Gavin Newsome will das so genannte \"Recht auf Abtreibung\" so weit wie m\u00f6glich ausdehnen, auch nach der Geburt","breadcrumb":{"@id":"https:\/\/ifamnews.com\/de\/kalifornien-will-kindst-tung-legalisieren-neues-hoch-der-abtreibungslobby#breadcrumb"},"inLanguage":"de","potentialAction":[{"@type":"ReadAction","target":["https:\/\/ifamnews.com\/de\/kalifornien-will-kindst-tung-legalisieren-neues-hoch-der-abtreibungslobby"]}]},{"@type":"ImageObject","inLanguage":"de","@id":"https:\/\/ifamnews.com\/de\/kalifornien-will-kindst-tung-legalisieren-neues-hoch-der-abtreibungslobby#primaryimage","url":"https:\/\/ifamnews.com\/wp-content\/uploads\/2022\/04\/Orrore-in-California_-vogliono-linfanticidio-legale.jpg","contentUrl":"https:\/\/ifamnews.com\/wp-content\/uploads\/2022\/04\/Orrore-in-California_-vogliono-linfanticidio-legale.jpg","width":1200,"height":675,"caption":"Bild von ABC7 News Bay Area - Youtube"},{"@type":"BreadcrumbList","@id":"https:\/\/ifamnews.com\/de\/kalifornien-will-kindst-tung-legalisieren-neues-hoch-der-abtreibungslobby#breadcrumb","itemListElement":[{"@type":"ListItem","position":1,"name":"Home","item":"https:\/\/ifamnews.com\/de"},{"@type":"ListItem","position":2,"name":"Life","item":"https:\/\/ifamnews.com\/en\/category\/life"},{"@type":"ListItem","position":3,"name":"Kalifornien will Kindst\u00f6tung legalisieren: neues \u201eHoch\u201c der Abtreibungslobby"}]},{"@type":"WebSite","@id":"https:\/\/ifamnews.com\/en\/#website","url":"https:\/\/ifamnews.com\/en\/","name":"IFN","description":"International Family News Network","publisher":{"@id":"https:\/\/ifamnews.com\/en\/#organization"},"potentialAction":[{"@type":"SearchAction","target":{"@type":"EntryPoint","urlTemplate":"https:\/\/ifamnews.com\/en\/?s={search_term_string}"},"query-input":{"@type":"PropertyValueSpecification","valueRequired":true,"valueName":"search_term_string"}}],"inLanguage":"de"},{"@type":"Organization","@id":"https:\/\/ifamnews.com\/en\/#organization","name":"iFamNews","url":"https:\/\/ifamnews.com\/en\/","logo":{"@type":"ImageObject","inLanguage":"de","@id":"https:\/\/ifamnews.com\/en\/#\/schema\/logo\/image\/","url":"https:\/\/ifamnews.com\/wp-content\/uploads\/2020\/01\/Share-logo.png","contentUrl":"https:\/\/ifamnews.com\/wp-content\/uploads\/2020\/01\/Share-logo.png","width":200,"height":200,"caption":"iFamNews"},"image":{"@id":"https:\/\/ifamnews.com\/en\/#\/schema\/logo\/image\/"},"sameAs":["https:\/\/www.facebook.com\/iFamNews","https:\/\/x.com\/iFamNewsEN"]},{"@type":"Person","@id":"https:\/\/ifamnews.com\/en\/#\/schema\/person\/ce4f7fd8e66bf7ecb51fc4e1d97dbcfd","name":"Luca Marcolivio","image":{"@type":"ImageObject","inLanguage":"de","@id":"https:\/\/secure.gravatar.com\/avatar\/4aa297a11beb7510b2301ae9c8bbe9e7eb035156e7c8f0d92c718bc695d102d7?s=96&d=mm&r=g","url":"https:\/\/secure.gravatar.com\/avatar\/4aa297a11beb7510b2301ae9c8bbe9e7eb035156e7c8f0d92c718bc695d102d7?s=96&d=mm&r=g","contentUrl":"https:\/\/secure.gravatar.com\/avatar\/4aa297a11beb7510b2301ae9c8bbe9e7eb035156e7c8f0d92c718bc695d102d7?s=96&d=mm&r=g","caption":"Luca Marcolivio"},"description":"A professional journalist, Luca Marcolivio has been accredited to the Holy See Press Office since 2011. Director of the webmagazine of religious information Cristiani Today, e collaborates with La nuova Bussola Quotidiana, Pro Vita &amp; Famiglia and the blog of the Centro Machiavelli. From 2011 to 2017 he was Editor-in-Chief of the Italian edition of Zenit. He is the author of Contro Garibaldi. Quello che a scuola non vi hanno raccontato and the editor of La societ\u00e0 dell\u2019allegria. Don Bosco raccontato dai salesiani del XXI Secolo","sameAs":["https:\/\/x.com\/https:\/\/twitter.com\/luketto2"],"url":"https:\/\/ifamnews.com\/de\/author\/luca-marcolivio"}]}},"amp_enabled":true,"_links":{"self":[{"href":"https:\/\/ifamnews.com\/de\/wp-json\/wp\/v2\/posts\/135618","targetHints":{"allow":["GET"]}}],"collection":[{"href":"https:\/\/ifamnews.com\/de\/wp-json\/wp\/v2\/posts"}],"about":[{"href":"https:\/\/ifamnews.com\/de\/wp-json\/wp\/v2\/types\/post"}],"author":[{"embeddable":true,"href":"https:\/\/ifamnews.com\/de\/wp-json\/wp\/v2\/users\/545"}],"replies":[{"embeddable":true,"href":"https:\/\/ifamnews.com\/de\/wp-json\/wp\/v2\/comments?post=135618"}],"version-history":[{"count":3,"href":"https:\/\/ifamnews.com\/de\/wp-json\/wp\/v2\/posts\/135618\/revisions"}],"predecessor-version":[{"id":135645,"href":"https:\/\/ifamnews.com\/de\/wp-json\/wp\/v2\/posts\/135618\/revisions\/135645"}],"wp:featuredmedia":[{"embeddable":true,"href":"https:\/\/ifamnews.com\/de\/wp-json\/wp\/v2\/media\/134428"}],"wp:attachment":[{"href":"https:\/\/ifamnews.com\/de\/wp-json\/wp\/v2\/media?parent=135618"}],"wp:term":[{"taxonomy":"category","embeddable":true,"href":"https:\/\/ifamnews.com\/de\/wp-json\/wp\/v2\/categories?post=135618"},{"taxonomy":"post_tag","embeddable":true,"href":"https:\/\/ifamnews.com\/de\/wp-json\/wp\/v2\/tags?post=135618"}],"curies":[{"name":"wp","href":"https:\/\/api.w.org\/{rel}","templated":true}]}}