{"id":132685,"date":"2022-03-29T02:00:00","date_gmt":"2022-03-29T06:00:00","guid":{"rendered":"https:\/\/ifamnews.com\/?p=132685"},"modified":"2022-03-23T06:45:17","modified_gmt":"2022-03-23T10:45:17","slug":"disney-ja-zu-schwulen-k-ssen","status":"publish","type":"post","link":"https:\/\/ifamnews.com\/de\/disney-ja-zu-schwulen-k-ssen","title":{"rendered":"Disney: Ja zu schwulen K\u00fcssen"},"content":{"rendered":"\n<p>Ein Kuss zwischen zwei Frauen vor den Augen der Kinder. LGBT+ Ausfluss wird in <em>Animationsfilm<\/em>stattfinden  <em>Lightyear. Die wahre Geschichte von Buzz<\/em>der am 17. Juni in die Kinos kommen soll. Der Film der Pixar Animation Studios (im Besitz von Disney) erz\u00e4hlt die Geschichte des <em>Films<\/em>, der die Spielzeuglinie der gleichnamigen Figur aus dem Toy Story-Universum inspiriert hat und dessen <em>Vorgeschichte<\/em> er ist.<\/p>\n\n\n\n<h3 class=\"wp-block-heading\" id=\"h-dietrofront-della-disney\"><strong>Disneys Trendwende<\/strong><\/h3>\n\n\n\n<p>Einige Pixar-Mitarbeiter hatten die Unternehmensleitung beschuldigt, den Kuss zwischen Hawthorne, einer der Hauptfiguren des <em>Disney-Films<\/em>, und einer anderen Frau zensiert zu haben. Die Beziehung zwischen den beiden Personen wurde nie in Frage gestellt, aber ein Kuss zwischen den beiden wurde entfernt. Nach Angaben der Mitarbeiter wird &#8222;auf Gehei\u00df des oberen Managements fast jede Zurschaustellung<em> homosexueller<\/em> Zuneigung zensiert, ohne R\u00fccksicht auf Proteste von <em>Kreativteams<\/em> und<em> F\u00fchrungskr\u00e4ften<\/em>&#8222;.<\/p>\n\n\n\n<h3 class=\"wp-block-heading\" id=\"h-don-t-say-gay\"><strong>&#8222;Sag nicht schwul&#8220;<\/strong><\/h3>\n\n\n\n<p>Die Mitarbeiter protestierten gegen Disney und gleichzeitig gegen das umbenannte Gesetz <a href=\"https:\/\/www.nbcnews.com\/nbc-out\/out-politics-and-policy\/dont-say-gay-bill-florida-senate-passes-controversial-lgbtq-school-mea-rcna19133\" target=\"_blank\" rel=\"noreferrer noopener\">\n  <em>&#8222;Sag nicht schwul&#8220;<\/em>\n<\/a> (&#8222;Don&#8217;t Say <em>Gay<\/em>&#8222;) protestiert, das k\u00fcrzlich in Florida verabschiedet wurde und das es Verb\u00e4nden in Schulen erst ab der dritten Klasse erlaubt, \u00fcber Geschlechtsumwandlung und <em>Geschlechterideologie<\/em> zu sprechen. Wie er erkl\u00e4rt, ist dieIn der<a href=\"https:\/\/ifamnews.com\/de\/disney-will-ihre-kinder-mit-der-radikalen-lgbt-agenda-indoktrinieren\" target=\"_blank\" rel=\"noreferrer noopener\">englischsprachigen Ausgabe von &#8222;iFamNews&#8220; wird das Thema<\/a> von Tag zu Tag<a href=\"https:\/\/ifamnews.com\/de\/disney-will-ihre-kinder-mit-der-radikalen-lgbt-agenda-indoktrinieren\" target=\"{wpml_trans_unit_10_0_8_-1_1}\" rel=\"{wpml_trans_unit_10_0_8_-1_2} noopener\">hei\u00dfer<\/a>, mit kulturellen und politischen Implikationen von gr\u00f6\u00dfter Wichtigkeit, allein schon aufgrund der Tatsache, dass, wenn man Disney sagt, man auch Kindheit sagt, und jeder Angriff  Das<em>Geschlecht<\/em> in der Kindheit ist doppelt abscheulich und zudem h\u00f6chst ideologisch.<\/p>\n\n\n\n<h3 class=\"wp-block-heading\" id=\"h-la-disney-contro-la-florida\"><strong>Disney vs. Florida<\/strong><\/h3>\n\n\n\n<p>Der Protest der Besch\u00e4ftigten hatte ein Eingreifen der Unternehmensleitung erforderlich gemacht. Am 11. M\u00e4rz <a href=\"https:\/\/ifamnews.com\/de\/disney-will-ihre-kinder-mit-der-radikalen-lgbt-agenda-indoktrinieren\" target=\"_blank\" rel=\"noreferrer noopener\">sagte<\/a> Bob Chapek, CEO von Disney <a href=\"https:\/\/ifamnews.com\/de\/disney-will-ihre-kinder-mit-der-radikalen-lgbt-agenda-indoktrinieren\" target=\"{wpml_trans_unit_12_0_2_-1_1}\" rel=\"{wpml_trans_unit_12_0_2_-1_2} noopener\">, dass<\/a> das Gesetz in Florida eine &#8222;weitere Herausforderung f\u00fcr die Menschenrechte&#8220; darstelle und f\u00fcgte hinzu, dass das Unternehmen die Unterst\u00fctzung f\u00fcr Aktivisten, die gegen \u00e4hnliche Gesetze in anderen Staaten k\u00e4mpfen, verst\u00e4rken und politische Spenden in Florida aussetzen werde. &#8222;Aber ich wei\u00df, dass es noch viel zu tun gibt. Ich engagiere mich f\u00fcr diese Arbeit und f\u00fcr Sie alle und werde mich weiterhin mit der LGBTQ+-Gemeinschaft auseinandersetzen, damit wir bessere Verb\u00fcndete werden k\u00f6nnen.<\/p>\n","protected":false},"excerpt":{"rendered":"<p>In dem Film \u201eLightyear\u201c kommt es zu einem \u201eEreignis\u201c zwischen zwei Frauen. Und das Unternehmen klagt gegen ein Gesetz in Florida.<\/p>\n","protected":false},"author":46,"featured_media":132351,"comment_status":"open","ping_status":"open","sticky":false,"template":"","format":"standard","meta":{"give_campaign_id":0,"om_disable_all_campaigns":false,"_monsterinsights_skip_tracking":false,"_monsterinsights_sitenote_active":false,"_monsterinsights_sitenote_note":"","_monsterinsights_sitenote_category":0,"mc4wp_mailchimp_campaign":[],"jnews-multi-image_gallery":[],"jnews_single_post":{"subtitle":"In dem Film \u201eLightyear\u201c kommt es zu einem \u201eEreignis\u201c zwischen zwei Frauen. Und das Unternehmen klagt gegen ein Gesetz in Florida.","format":"standard","video":"","gallery":"","source_name":"","source_url":"","via_name":"","via_url":"","override":[{"template":"1","single_blog_custom":"","parallax":"1","fullscreen":"1","layout":"right-sidebar","sidebar":"default-sidebar","second_sidebar":"default-sidebar","sticky_sidebar":"1","share_position":"top","share_float_style":"share-monocrhome","show_share_counter":"1","show_view_counter":"1","show_featured":"1","show_post_meta":"1","show_post_author":"1","show_post_author_image":"1","show_post_date":"1","post_date_format":"default","post_date_format_custom":"Y\/m\/d","show_post_category":"1","post_reading_time_wpm":"300","zoom_button_out_step":"2","zoom_button_in_step":"3","show_post_tag":"1","show_prev_next_post":"1","show_popup_post":"1","number_popup_post":"1"}],"image_override":[{"single_post_thumbnail_size":"crop-500","single_post_gallery_size":"crop-500"}],"trending_post_position":"meta","trending_post_label":"Trending","sponsored_post_label":"Sponsored by","sponsored_post_name":"","sponsored_post_url":"","sponsored_post_logo":"","sponsored_post_desc":""},"jnews_primary_category":{"id":"769"},"jnews_social_meta":{"fb_title":"","fb_description":"","fb_image":"","twitter_title":"","twitter_description":"","twitter_image":""},"jnews_override_counter":{"view_counter_number":"0","share_counter_number":"0","like_counter_number":"0","dislike_counter_number":"0"},"footnotes":""},"categories":[816,769,811],"tags":[17770],"class_list":["post-132685","post","type-post","status-publish","format-standard","has-post-thumbnail","hentry","category-breaking-news-de","category-unterhaltung","category-foreground-de","tag-kuessen"],"yoast_head":"<!-- This site is optimized with the Yoast SEO Premium plugin v25.9 (Yoast SEO v27.3) - https:\/\/yoast.com\/product\/yoast-seo-premium-wordpress\/ -->\n<title>Disney: Ja zu schwulen K\u00fcssen - &quot;iFamNews&quot;<\/title>\n<meta name=\"description\" content=\"In dem Disney-Film &quot;Lightyear&quot; wird ein Eklat zwischen zwei Frauen nachgestellt. Und das Unternehmen bestreitet ein Anti-Gender-Gesetz in Florida\" \/>\n<meta name=\"robots\" content=\"index, follow, max-snippet:-1, max-image-preview:large, max-video-preview:-1\" \/>\n<link rel=\"canonical\" href=\"https:\/\/ifamnews.com\/de\/disney-ja-zu-schwulen-k-ssen\" \/>\n<meta property=\"og:locale\" content=\"de_DE\" \/>\n<meta property=\"og:type\" content=\"article\" \/>\n<meta property=\"og:title\" content=\"Disney: Ja zu schwulen K\u00fcssen\" \/>\n<meta property=\"og:description\" content=\"In dem Disney-Film &quot;Lightyear&quot; wird ein Eklat zwischen zwei Frauen nachgestellt. Und das Unternehmen bestreitet ein Anti-Gender-Gesetz in Florida\" \/>\n<meta property=\"og:url\" content=\"https:\/\/ifamnews.com\/de\/disney-ja-zu-schwulen-k-ssen\" \/>\n<meta property=\"og:site_name\" content=\"IFN\" \/>\n<meta property=\"article:publisher\" content=\"https:\/\/www.facebook.com\/iFamNews\" \/>\n<meta property=\"article:author\" content=\"https:\/\/www.facebook.com\/iFamNews\/\" \/>\n<meta property=\"article:published_time\" content=\"2022-03-29T06:00:00+00:00\" \/>\n<meta property=\"og:image\" content=\"https:\/\/ifamnews.com\/wp-content\/uploads\/2022\/03\/Image-from-Flickr-2-1.jpg\" \/>\n\t<meta property=\"og:image:width\" content=\"1200\" \/>\n\t<meta property=\"og:image:height\" content=\"675\" \/>\n\t<meta property=\"og:image:type\" content=\"image\/jpeg\" \/>\n<meta name=\"author\" content=\"iFamNews Italia\" \/>\n<meta name=\"twitter:card\" content=\"summary_large_image\" \/>\n<meta name=\"twitter:creator\" content=\"@https:\/\/twitter.com\/iFamNewsIT\" \/>\n<meta name=\"twitter:site\" content=\"@iFamNewsEN\" \/>\n<meta name=\"twitter:label1\" content=\"Verfasst von\" \/>\n\t<meta name=\"twitter:data1\" content=\"IFN Italien\" \/>\n\t<meta name=\"twitter:label2\" content=\"Gesch\u00e4tzte Lesezeit\" \/>\n\t<meta name=\"twitter:data2\" content=\"2\u00a0Minuten\" \/>\n<!-- \/ Yoast SEO Premium plugin. -->","yoast_head_json":{"title":"Disney: Ja zu schwulen K\u00fcssen - \"iFamNews\"","description":"In dem Disney-Film \"Lightyear\" wird ein Eklat zwischen zwei Frauen nachgestellt. Und das Unternehmen bestreitet ein Anti-Gender-Gesetz in Florida","robots":{"index":"index","follow":"follow","max-snippet":"max-snippet:-1","max-image-preview":"max-image-preview:large","max-video-preview":"max-video-preview:-1"},"canonical":"https:\/\/ifamnews.com\/de\/disney-ja-zu-schwulen-k-ssen","og_locale":"de_DE","og_type":"article","og_title":"Disney: Ja zu schwulen K\u00fcssen","og_description":"In dem Disney-Film \"Lightyear\" wird ein Eklat zwischen zwei Frauen nachgestellt. Und das Unternehmen bestreitet ein Anti-Gender-Gesetz in Florida","og_url":"https:\/\/ifamnews.com\/de\/disney-ja-zu-schwulen-k-ssen","og_site_name":"IFN","article_publisher":"https:\/\/www.facebook.com\/iFamNews","article_author":"https:\/\/www.facebook.com\/iFamNews\/","article_published_time":"2022-03-29T06:00:00+00:00","og_image":[{"width":1200,"height":675,"url":"https:\/\/ifamnews.com\/wp-content\/uploads\/2022\/03\/Image-from-Flickr-2-1.jpg","type":"image\/jpeg"}],"author":"iFamNews Italia","twitter_card":"summary_large_image","twitter_creator":"@https:\/\/twitter.com\/iFamNewsIT","twitter_site":"@iFamNewsEN","twitter_misc":{"Verfasst von":"IFN Italien","Gesch\u00e4tzte Lesezeit":"2\u00a0Minuten"},"schema":{"@context":"https:\/\/schema.org","@graph":[{"@type":"NewsArticle","@id":"https:\/\/ifamnews.com\/de\/disney-ja-zu-schwulen-k-ssen#article","isPartOf":{"@id":"https:\/\/ifamnews.com\/de\/disney-ja-zu-schwulen-k-ssen"},"author":{"name":"iFamNews Italia","@id":"https:\/\/ifamnews.com\/en\/#\/schema\/person\/fafda7d79212f3690f4af10238556aac"},"headline":"Disney: Ja zu schwulen K\u00fcssen","datePublished":"2022-03-29T06:00:00+00:00","mainEntityOfPage":{"@id":"https:\/\/ifamnews.com\/de\/disney-ja-zu-schwulen-k-ssen"},"wordCount":348,"commentCount":0,"publisher":{"@id":"https:\/\/ifamnews.com\/en\/#organization"},"image":{"@id":"https:\/\/ifamnews.com\/de\/disney-ja-zu-schwulen-k-ssen#primaryimage"},"thumbnailUrl":"https:\/\/ifamnews.com\/wp-content\/uploads\/2022\/03\/Image-from-Flickr-2-1.jpg","keywords":["K\u00fcssen"],"articleSection":["Breaking News","Unterhaltung","Vordergrund"],"inLanguage":"de","potentialAction":[{"@type":"CommentAction","name":"Comment","target":["https:\/\/ifamnews.com\/de\/disney-ja-zu-schwulen-k-ssen#respond"]}]},{"@type":"WebPage","@id":"https:\/\/ifamnews.com\/de\/disney-ja-zu-schwulen-k-ssen","url":"https:\/\/ifamnews.com\/de\/disney-ja-zu-schwulen-k-ssen","name":"Disney: Ja zu schwulen K\u00fcssen - \"iFamNews\"","isPartOf":{"@id":"https:\/\/ifamnews.com\/en\/#website"},"primaryImageOfPage":{"@id":"https:\/\/ifamnews.com\/de\/disney-ja-zu-schwulen-k-ssen#primaryimage"},"image":{"@id":"https:\/\/ifamnews.com\/de\/disney-ja-zu-schwulen-k-ssen#primaryimage"},"thumbnailUrl":"https:\/\/ifamnews.com\/wp-content\/uploads\/2022\/03\/Image-from-Flickr-2-1.jpg","datePublished":"2022-03-29T06:00:00+00:00","description":"In dem Disney-Film \"Lightyear\" wird ein Eklat zwischen zwei Frauen nachgestellt. Und das Unternehmen bestreitet ein Anti-Gender-Gesetz in Florida","breadcrumb":{"@id":"https:\/\/ifamnews.com\/de\/disney-ja-zu-schwulen-k-ssen#breadcrumb"},"inLanguage":"de","potentialAction":[{"@type":"ReadAction","target":["https:\/\/ifamnews.com\/de\/disney-ja-zu-schwulen-k-ssen"]}]},{"@type":"ImageObject","inLanguage":"de","@id":"https:\/\/ifamnews.com\/de\/disney-ja-zu-schwulen-k-ssen#primaryimage","url":"https:\/\/ifamnews.com\/wp-content\/uploads\/2022\/03\/Image-from-Flickr-2-1.jpg","contentUrl":"https:\/\/ifamnews.com\/wp-content\/uploads\/2022\/03\/Image-from-Flickr-2-1.jpg","width":1200,"height":675,"caption":"Bild von Flickr - \"Lightyear - Die wahre Geschichte von Buzz\"."},{"@type":"BreadcrumbList","@id":"https:\/\/ifamnews.com\/de\/disney-ja-zu-schwulen-k-ssen#breadcrumb","itemListElement":[{"@type":"ListItem","position":1,"name":"Home","item":"https:\/\/ifamnews.com\/de"},{"@type":"ListItem","position":2,"name":"Cultura","item":"https:\/\/ifamnews.com\/it\/categoria\/cultura"},{"@type":"ListItem","position":3,"name":"Disney: Ja zu schwulen K\u00fcssen"}]},{"@type":"WebSite","@id":"https:\/\/ifamnews.com\/en\/#website","url":"https:\/\/ifamnews.com\/en\/","name":"IFN","description":"International Family News Network","publisher":{"@id":"https:\/\/ifamnews.com\/en\/#organization"},"potentialAction":[{"@type":"SearchAction","target":{"@type":"EntryPoint","urlTemplate":"https:\/\/ifamnews.com\/en\/?s={search_term_string}"},"query-input":{"@type":"PropertyValueSpecification","valueRequired":true,"valueName":"search_term_string"}}],"inLanguage":"de"},{"@type":"Organization","@id":"https:\/\/ifamnews.com\/en\/#organization","name":"iFamNews","url":"https:\/\/ifamnews.com\/en\/","logo":{"@type":"ImageObject","inLanguage":"de","@id":"https:\/\/ifamnews.com\/en\/#\/schema\/logo\/image\/","url":"https:\/\/ifamnews.com\/wp-content\/uploads\/2020\/01\/Share-logo.png","contentUrl":"https:\/\/ifamnews.com\/wp-content\/uploads\/2020\/01\/Share-logo.png","width":200,"height":200,"caption":"iFamNews"},"image":{"@id":"https:\/\/ifamnews.com\/en\/#\/schema\/logo\/image\/"},"sameAs":["https:\/\/www.facebook.com\/iFamNews","https:\/\/x.com\/iFamNewsEN"]},{"@type":"Person","@id":"https:\/\/ifamnews.com\/en\/#\/schema\/person\/fafda7d79212f3690f4af10238556aac","name":"iFamNews Italia","image":{"@type":"ImageObject","inLanguage":"de","@id":"https:\/\/secure.gravatar.com\/avatar\/2e50539bc89809bc22a0b2bb9dc3d7f67ffd1e564e5461707f0153146f8c99b5?s=96&d=mm&r=g","url":"https:\/\/secure.gravatar.com\/avatar\/2e50539bc89809bc22a0b2bb9dc3d7f67ffd1e564e5461707f0153146f8c99b5?s=96&d=mm&r=g","contentUrl":"https:\/\/secure.gravatar.com\/avatar\/2e50539bc89809bc22a0b2bb9dc3d7f67ffd1e564e5461707f0153146f8c99b5?s=96&d=mm&r=g","caption":"iFamNews Italia"},"description":"Articles published by the Italian iFamNews editorial team.","sameAs":["https:\/\/ifamnews.com\/it","https:\/\/www.facebook.com\/iFamNews\/","https:\/\/x.com\/https:\/\/twitter.com\/iFamNewsIT","https:\/\/www.youtube.com\/channel\/UCMVyIt4z9BANW3d09kwfUpw"],"url":"https:\/\/ifamnews.com\/de\/author\/redazioneit"}]}},"amp_enabled":true,"_links":{"self":[{"href":"https:\/\/ifamnews.com\/de\/wp-json\/wp\/v2\/posts\/132685","targetHints":{"allow":["GET"]}}],"collection":[{"href":"https:\/\/ifamnews.com\/de\/wp-json\/wp\/v2\/posts"}],"about":[{"href":"https:\/\/ifamnews.com\/de\/wp-json\/wp\/v2\/types\/post"}],"author":[{"embeddable":true,"href":"https:\/\/ifamnews.com\/de\/wp-json\/wp\/v2\/users\/46"}],"replies":[{"embeddable":true,"href":"https:\/\/ifamnews.com\/de\/wp-json\/wp\/v2\/comments?post=132685"}],"version-history":[{"count":2,"href":"https:\/\/ifamnews.com\/de\/wp-json\/wp\/v2\/posts\/132685\/revisions"}],"predecessor-version":[{"id":132818,"href":"https:\/\/ifamnews.com\/de\/wp-json\/wp\/v2\/posts\/132685\/revisions\/132818"}],"wp:featuredmedia":[{"embeddable":true,"href":"https:\/\/ifamnews.com\/de\/wp-json\/wp\/v2\/media\/132351"}],"wp:attachment":[{"href":"https:\/\/ifamnews.com\/de\/wp-json\/wp\/v2\/media?parent=132685"}],"wp:term":[{"taxonomy":"category","embeddable":true,"href":"https:\/\/ifamnews.com\/de\/wp-json\/wp\/v2\/categories?post=132685"},{"taxonomy":"post_tag","embeddable":true,"href":"https:\/\/ifamnews.com\/de\/wp-json\/wp\/v2\/tags?post=132685"}],"curies":[{"name":"wp","href":"https:\/\/api.w.org\/{rel}","templated":true}]}}