{"id":13242,"date":"2020-04-03T11:32:52","date_gmt":"2020-04-03T15:32:52","guid":{"rendered":"https:\/\/ifamnews.com\/?p=13242"},"modified":"2021-01-21T10:37:52","modified_gmt":"2021-01-21T15:37:52","slug":"die-welt-braucht-immer-gute-leute","status":"publish","type":"post","link":"https:\/\/ifamnews.com\/de\/die-welt-braucht-immer-gute-leute","title":{"rendered":"Die Welt braucht immer gute Leute"},"content":{"rendered":"<p class=\"last-updated\">Last updated on Januar 21st, 2021 at 10:37 a.m.<\/p>\n<p>Serbien ist das gr\u00f6\u00dfte Land in S\u00fcdosteuropa. In Bezug auf alle unpopul\u00e4ren Parameter bleibt es jedoch nicht hinter dem Rest Europas zur\u00fcck: Es weist eine negative Wachstumsrate auf und seine Bev\u00f6lkerung schrumpft j\u00e4hrlich um fast 40.000 Menschen. Das Durchschnittsalter betr\u00e4gt 43,2 Jahre. Nach Angaben des&nbsp;<a href=\"https:\/\/data.stat.gov.rs\/Home\/Result\/180402?languageCode=en-US\">serbischen Statistikamtes<\/a> gab es im Jahr 2018 36.000 neue Ehen, wobei das Durchschnittsalter des Br\u00e4utigams bei 34 Jahren und das der Braut bei 31 Jahren lag.Dass die Gesellschaft vor einer schweren Krise steht, zeigt die Tatsache, dass es 275 Scheidungen pro 1.000 Ehen gibt.<\/p>\n\n\n\n<p>Es ist allgemein bekannt, dass in einem Land durchschnittlich zwei Kinder pro Frau f\u00fcr eine Ersatzfertilit\u00e4t erforderlich sind. Die Gesamtfertilit\u00e4tsrate in Serbien betr\u00e4gt jedoch durchschnittlich 1,48 Kinder pro Frau.<\/p>\n\n\n\n<p>Die d\u00fcstere Statistik endet hier nicht. Die offizielle Zahl der Abtreibungen in Serbien liegt bei 17.000, aber die inoffiziellen Daten f\u00fchren zu einer d\u00fcsteren Zahl von 150.000 bis 200.000 pro Jahr! In den \u00f6ffentlichen Krankenh\u00e4usern wird die Abtreibung mit 35 Euro berechnet, in den Privatkliniken liegt der Preis zwischen 50 und 500 Euro. Wenn die inoffiziellen Daten korrekt sind, und es gibt viele Gr\u00fcnde, dies anzunehmen, folgt daraus, dass jede f\u00fcnfte Frau in Serbien jedes Jahr eine Abtreibung vornimmt. Das Gesetz erlaubt M\u00e4dchen ab 16 Jahren eine Abtreibung ohne Zustimmung der Eltern. T-Shirts und Notizb\u00fccher mit Bildern von Zeichentrickfiguren, die M\u00e4dchen im Teenageralter h\u00e4ufig tragen, sprechen ausreichend \u00fcber ihre Reife, um solche lebensver\u00e4ndernden Entscheidungen zu treffen.<\/p>\n\n\n\n<p>Serbien hatte jahrhundertelang Tradition und sch\u00e4tzte die nat\u00fcrliche Familie. Heute ist es ein Land, in dem 85% der Bev\u00f6lkerung ostorthodoxe Christen, 5% Katholiken, 3% Muslime und 1% Protestanten sind, w\u00e4hrend sein Premierminister ist offen homosexuell ist und unverfroren die \u201eGeschlechterideologie\u201c f\u00f6rdert. Nat\u00fcrlich wurde ein solcher Premierminister von niemandem bei irgendwelchen Wahlen gew\u00e4hlt; das Volk wurde get\u00e4uscht, und der Premierminister wurde ihm durch eine Entscheidung von &#8222;oben&#8220; untergeschoben, d.h. von denselben Personen, die danach streben, die Kultur des Lebens zu ersetzen und allen Nationen eine Kultur des Todes aufzuzwingen.<\/p>\n\n\n\n<p>Das Thema Euthanasie ist in der serbischen Gesellschaft noch nicht gesetzlich verankert, obwohl es in den Entwurf des neuen B\u00fcrgerrechts aufgenommen wurde. Bei 60.000 Menschen, die jedes Jahr auf der Suche nach einem besseren Leben aus Serbien auswandern, kann man mit Sicherheit sagen, dass wir in demographischer und sozialer Hinsicht bereits allein euthanasiert werden.<\/p>\n\n\n\n<p>Die serbische Gesellschaft und die Medien verbergen kunstvoll jahrzehntelange Probleme der Alkohol-, Tabak- und Spielsucht &#8211; und seit kurzem auch der Internetabh\u00e4ngigkeit -, die den gesunden Kern der Familie aufbrechen. Dar\u00fcber hinaus werden verschiedene Formen von Fehlverhalten als bevorzugter Lebensstil beworben, und Bet\u00e4ubungsmittel sind weit verbreitet &#8211; sogar auf Schulh\u00f6fen. Die serbischen Medien sind von Reality-Shows \u00fcberflutet, die von billiger Unterhaltung und selbsts\u00fcchtiger Verantwortungslosigkeit gegen\u00fcber der eigenen Gesundheit und dem eigenen Leben gepr\u00e4gt sind und die Konsequenzen eines solchen Verhaltens f\u00fcr die Gesellschaft insgesamt nicht ber\u00fccksichtigen &#8211; ihr einziges Ziel ist ein enormer und leicht zu erzielender Gewinn. Soziale Verantwortung und ein p\u00e4dagogischer Einfluss auf Menschen, insbesondere Kinder und Jugendliche, gibt es praktisch nicht.<\/p>\n\n\n\n<p>Wenn wir die schlechte wirtschaftliche und finanzielle Lage der Menschen, die allgemein zunehmende Korruption und Kriminalit\u00e4t, die nicht geheilte Wunden aus den j\u00fcngsten B\u00fcrgerkriegen auf dem Balkan, die bedrohten Rechte auf Religionsfreiheit und die Beschlagnahmung des&nbsp;<a href=\"https:\/\/en.wikipedia.org\/wiki\/2019%E2%80%9320_Montenegrin_crisis\">Eigentums der serbisch-orthodoxen Kirche in Montenegro<\/a> hinzurechnen, wie auch die soziodemographische Entwicklung durch die globalen neoliberalen M\u00e4chte, die eine&nbsp;<a href=\"https:\/\/balkaninsight.com\/2020\/02\/07\/migrant-convoy-in-serbia-turned-back-at-hungarian-border\/\">Migrantenkrise<\/a> und die st\u00e4ndigen sozialen und politischen Unruhen auf dem Balkan hervorgerufen hat, ist es klar, dass die Familie in Serbien bedroht ist, und das Familienleben ist die unattraktivste Form einer Union, in der die Menschen, vor allem die Jugend, ihre Lebensziele erreichen wollen.<\/p>\n\n\n\n<p>Obwohl der Alarm schon vor langer Zeit ausgel\u00f6st wurde, haben wir kein Recht, uns zur\u00fcckzuziehen. Die falsche Erz\u00e4hlung \u00fcber \u00dcberbev\u00f6lkerung und das neoliberale demografische Engineering wird von immer mehr L\u00e4ndern in Europa und dar\u00fcber hinaus abgelehnt. Die Welt braucht immer gute Menschen &#8211; wir k\u00f6nnen nie genug von denen haben. Daher besteht die einzige L\u00f6sung f\u00fcr uns alle darin, uns \u00fcber die Meridiane hinweg zusammenzuschlie\u00dfen und das Familienmodell der Gesellschaft wieder an seinen rechtm\u00e4\u00dfigen Platz an der Spitze zu bringen. Dieser Kampf wird erfordern, dass wir alle unseren Beitrag leisten &#8211; jeder einzelne von uns als Menschheit, als Menschen, die nach dem Bild und der \u00c4hnlichkeit Gottes geschaffen wurden, ungeachtet unserer vielen Unterschiede. Ich f\u00fchle mich daher geehrt und bin stolz, Teil des von Brian Brown und der IOF geleiteten Teams in diesem dramatischen Kampf um jedes menschliche Leben und um die Wiederherstellung des Wertes des Lebens in einer Gemeinschaft zu sein.<\/p>\n\n\n\n<p>In unserer neueren Geschichte hat uns unser geliebter serbischer Patriarch Pavle der gesegneten Erinnerung ein gro\u00dfes Geheimnis der Lebensfreude in diesen weisen Worten offenbart:<\/p>\n\n\n\n<p>&#8222;Wenn ein Mensch geboren wird, freut sich die ganze Welt, und nur er weint. M\u00f6ge er ein solches Leben f\u00fchren, dass, wenn er stirbt, die ganze Welt weint und nur er sich freut.&#8220;<\/p>\n","protected":false},"excerpt":{"rendered":"<p>Ich werde und kann nicht glauben, dass das B\u00f6se der normale Zustand der Menschheit ist.<br \/>\nFjodor M. Dostojewski<\/p>\n","protected":false},"author":93,"featured_media":11227,"comment_status":"open","ping_status":"open","sticky":false,"template":"","format":"standard","meta":{"give_campaign_id":0,"om_disable_all_campaigns":false,"_monsterinsights_skip_tracking":false,"_monsterinsights_sitenote_active":false,"_monsterinsights_sitenote_note":"","_monsterinsights_sitenote_category":0,"mc4wp_mailchimp_campaign":[],"jnews-multi-image_gallery":[],"jnews_single_post":{"subtitle":"Ich werde und kann nicht glauben, dass das B\u00f6se der normale Zustand der Menschheit ist. Fjodor M. Dostojewski","format":"standard","video":"","gallery":"","source_name":"","source_url":"","via_name":"","via_url":"","override":[{"single_blog_custom":"","sidebar":"","second_sidebar":"","share_position":"","share_float_style":"","post_date_format":"","post_date_format_custom":"","post_reading_time_wpm":"","zoom_button_out_step":"1","zoom_button_in_step":"1","number_popup_post":"1"}],"image_override":[{"single_post_thumbnail_size":"","single_post_gallery_size":""}],"trending_post_position":"","trending_post_label":""},"jnews_primary_category":{"id":"820"},"jnews_social_meta":{"fb_title":"","fb_description":"","fb_image":"","twitter_title":"","twitter_description":"","twitter_image":""},"jnews_override_counter":{"view_counter_number":"0","share_counter_number":"0","like_counter_number":"0","dislike_counter_number":"0"},"footnotes":""},"categories":[816,820,767,811],"tags":[2276,2583,1907],"class_list":["post-13242","post","type-post","status-publish","format-standard","has-post-thumbnail","hentry","category-breaking-news-de","category-leben","category-meinung","category-foreground-de","tag-kinder","tag-serbien","tag-statistik"],"yoast_head":"<!-- This site is optimized with the Yoast SEO Premium plugin v25.9 (Yoast SEO v27.3) - https:\/\/yoast.com\/product\/yoast-seo-premium-wordpress\/ -->\n<title>Die Welt braucht immer gute Leute - IFN<\/title>\n<meta name=\"description\" content=\"Ich werde und kann nicht glauben, dass das B\u00f6se der normale Zustand der Menschheit ist.Fjodor M. Dostojewski\" \/>\n<meta name=\"robots\" content=\"index, follow, max-snippet:-1, max-image-preview:large, max-video-preview:-1\" \/>\n<link rel=\"canonical\" href=\"https:\/\/ifamnews.com\/de\/die-welt-braucht-immer-gute-leute\" \/>\n<meta property=\"og:locale\" content=\"de_DE\" \/>\n<meta property=\"og:type\" content=\"article\" \/>\n<meta property=\"og:title\" content=\"Die Welt braucht immer gute Leute\" \/>\n<meta property=\"og:description\" content=\"Ich werde und kann nicht glauben, dass das B\u00f6se der normale Zustand der Menschheit ist.Fjodor M. Dostojewski\" \/>\n<meta property=\"og:url\" content=\"https:\/\/ifamnews.com\/de\/die-welt-braucht-immer-gute-leute\" \/>\n<meta property=\"og:site_name\" content=\"IFN\" \/>\n<meta property=\"article:publisher\" content=\"https:\/\/www.facebook.com\/iFamNews\" \/>\n<meta property=\"article:published_time\" content=\"2020-04-03T15:32:52+00:00\" \/>\n<meta property=\"article:modified_time\" content=\"2021-01-21T15:37:52+00:00\" \/>\n<meta property=\"og:image\" content=\"https:\/\/ifamnews.com\/wp-content\/uploads\/2020\/03\/Header_09-1.jpg\" \/>\n\t<meta property=\"og:image:width\" content=\"1200\" \/>\n\t<meta property=\"og:image:height\" content=\"675\" \/>\n\t<meta property=\"og:image:type\" content=\"image\/jpeg\" \/>\n<meta name=\"author\" content=\"Jugoslav Kiprijanovi\u0107\" \/>\n<meta name=\"twitter:card\" content=\"summary_large_image\" \/>\n<meta name=\"twitter:creator\" content=\"@iFamNewsEN\" \/>\n<meta name=\"twitter:site\" content=\"@iFamNewsEN\" \/>\n<meta name=\"twitter:label1\" content=\"Verfasst von\" \/>\n\t<meta name=\"twitter:data1\" content=\"Jugoslav Kiprijanovi\u0107\" \/>\n\t<meta name=\"twitter:label2\" content=\"Gesch\u00e4tzte Lesezeit\" \/>\n\t<meta name=\"twitter:data2\" content=\"4\u00a0Minuten\" \/>\n<!-- \/ Yoast SEO Premium plugin. -->","yoast_head_json":{"title":"Die Welt braucht immer gute Leute - IFN","description":"Ich werde und kann nicht glauben, dass das B\u00f6se der normale Zustand der Menschheit ist.Fjodor M. Dostojewski","robots":{"index":"index","follow":"follow","max-snippet":"max-snippet:-1","max-image-preview":"max-image-preview:large","max-video-preview":"max-video-preview:-1"},"canonical":"https:\/\/ifamnews.com\/de\/die-welt-braucht-immer-gute-leute","og_locale":"de_DE","og_type":"article","og_title":"Die Welt braucht immer gute Leute","og_description":"Ich werde und kann nicht glauben, dass das B\u00f6se der normale Zustand der Menschheit ist.Fjodor M. Dostojewski","og_url":"https:\/\/ifamnews.com\/de\/die-welt-braucht-immer-gute-leute","og_site_name":"IFN","article_publisher":"https:\/\/www.facebook.com\/iFamNews","article_published_time":"2020-04-03T15:32:52+00:00","article_modified_time":"2021-01-21T15:37:52+00:00","og_image":[{"width":1200,"height":675,"url":"https:\/\/ifamnews.com\/wp-content\/uploads\/2020\/03\/Header_09-1.jpg","type":"image\/jpeg"}],"author":"Jugoslav Kiprijanovi\u0107","twitter_card":"summary_large_image","twitter_creator":"@iFamNewsEN","twitter_site":"@iFamNewsEN","twitter_misc":{"Verfasst von":"Jugoslav Kiprijanovi\u0107","Gesch\u00e4tzte Lesezeit":"4\u00a0Minuten"},"schema":{"@context":"https:\/\/schema.org","@graph":[{"@type":"NewsArticle","@id":"https:\/\/ifamnews.com\/de\/die-welt-braucht-immer-gute-leute#article","isPartOf":{"@id":"https:\/\/ifamnews.com\/de\/die-welt-braucht-immer-gute-leute"},"author":{"name":"Jugoslav Kiprijanovi\u0107","@id":"https:\/\/ifamnews.com\/en\/#\/schema\/person\/5f70c88645c87b667da50bd86bd0f3cd"},"headline":"Die Welt braucht immer gute Leute","datePublished":"2020-04-03T15:32:52+00:00","dateModified":"2021-01-21T15:37:52+00:00","mainEntityOfPage":{"@id":"https:\/\/ifamnews.com\/de\/die-welt-braucht-immer-gute-leute"},"wordCount":850,"commentCount":0,"publisher":{"@id":"https:\/\/ifamnews.com\/en\/#organization"},"image":{"@id":"https:\/\/ifamnews.com\/de\/die-welt-braucht-immer-gute-leute#primaryimage"},"thumbnailUrl":"https:\/\/ifamnews.com\/wp-content\/uploads\/2020\/03\/Header_09-1.jpg","keywords":["Kinder","Serbien","Statistik"],"articleSection":["Breaking News","Leben","Meinung","Vordergrund"],"inLanguage":"de","potentialAction":[{"@type":"CommentAction","name":"Comment","target":["https:\/\/ifamnews.com\/de\/die-welt-braucht-immer-gute-leute#respond"]}]},{"@type":"WebPage","@id":"https:\/\/ifamnews.com\/de\/die-welt-braucht-immer-gute-leute","url":"https:\/\/ifamnews.com\/de\/die-welt-braucht-immer-gute-leute","name":"Die Welt braucht immer gute Leute - IFN","isPartOf":{"@id":"https:\/\/ifamnews.com\/en\/#website"},"primaryImageOfPage":{"@id":"https:\/\/ifamnews.com\/de\/die-welt-braucht-immer-gute-leute#primaryimage"},"image":{"@id":"https:\/\/ifamnews.com\/de\/die-welt-braucht-immer-gute-leute#primaryimage"},"thumbnailUrl":"https:\/\/ifamnews.com\/wp-content\/uploads\/2020\/03\/Header_09-1.jpg","datePublished":"2020-04-03T15:32:52+00:00","dateModified":"2021-01-21T15:37:52+00:00","description":"Ich werde und kann nicht glauben, dass das B\u00f6se der normale Zustand der Menschheit ist.Fjodor M. Dostojewski","breadcrumb":{"@id":"https:\/\/ifamnews.com\/de\/die-welt-braucht-immer-gute-leute#breadcrumb"},"inLanguage":"de","potentialAction":[{"@type":"ReadAction","target":["https:\/\/ifamnews.com\/de\/die-welt-braucht-immer-gute-leute"]}]},{"@type":"ImageObject","inLanguage":"de","@id":"https:\/\/ifamnews.com\/de\/die-welt-braucht-immer-gute-leute#primaryimage","url":"https:\/\/ifamnews.com\/wp-content\/uploads\/2020\/03\/Header_09-1.jpg","contentUrl":"https:\/\/ifamnews.com\/wp-content\/uploads\/2020\/03\/Header_09-1.jpg","width":1200,"height":675},{"@type":"BreadcrumbList","@id":"https:\/\/ifamnews.com\/de\/die-welt-braucht-immer-gute-leute#breadcrumb","itemListElement":[{"@type":"ListItem","position":1,"name":"Home","item":"https:\/\/ifamnews.com\/de"},{"@type":"ListItem","position":2,"name":"Life","item":"https:\/\/ifamnews.com\/en\/category\/life"},{"@type":"ListItem","position":3,"name":"Die Welt braucht immer gute Leute"}]},{"@type":"WebSite","@id":"https:\/\/ifamnews.com\/en\/#website","url":"https:\/\/ifamnews.com\/en\/","name":"IFN","description":"International Family News Network","publisher":{"@id":"https:\/\/ifamnews.com\/en\/#organization"},"potentialAction":[{"@type":"SearchAction","target":{"@type":"EntryPoint","urlTemplate":"https:\/\/ifamnews.com\/en\/?s={search_term_string}"},"query-input":{"@type":"PropertyValueSpecification","valueRequired":true,"valueName":"search_term_string"}}],"inLanguage":"de"},{"@type":"Organization","@id":"https:\/\/ifamnews.com\/en\/#organization","name":"iFamNews","url":"https:\/\/ifamnews.com\/en\/","logo":{"@type":"ImageObject","inLanguage":"de","@id":"https:\/\/ifamnews.com\/en\/#\/schema\/logo\/image\/","url":"https:\/\/ifamnews.com\/wp-content\/uploads\/2020\/01\/Share-logo.png","contentUrl":"https:\/\/ifamnews.com\/wp-content\/uploads\/2020\/01\/Share-logo.png","width":200,"height":200,"caption":"iFamNews"},"image":{"@id":"https:\/\/ifamnews.com\/en\/#\/schema\/logo\/image\/"},"sameAs":["https:\/\/www.facebook.com\/iFamNews","https:\/\/x.com\/iFamNewsEN"]},{"@type":"Person","@id":"https:\/\/ifamnews.com\/en\/#\/schema\/person\/5f70c88645c87b667da50bd86bd0f3cd","name":"Jugoslav Kiprijanovi\u0107","image":{"@type":"ImageObject","inLanguage":"de","@id":"https:\/\/secure.gravatar.com\/avatar\/090de7fa6366d2cf13e641b8abd268f51ed04bb201339a0690c70953b34d4e98?s=96&d=mm&r=g","url":"https:\/\/secure.gravatar.com\/avatar\/090de7fa6366d2cf13e641b8abd268f51ed04bb201339a0690c70953b34d4e98?s=96&d=mm&r=g","contentUrl":"https:\/\/secure.gravatar.com\/avatar\/090de7fa6366d2cf13e641b8abd268f51ed04bb201339a0690c70953b34d4e98?s=96&d=mm&r=g","caption":"Jugoslav Kiprijanovi\u0107"},"description":"Jugoslav Kiprijanovi\u0107 A Serb by nationality, a social activist and a producer, he graduated from the Faculty of Organizational Sciences, University of Belgrade. He is an associate of the\u00a0International Organization for the Family and the\u00a0World Congress of Families since 2013. He was the editor of the International Family News in Serbian from February 2020 until November 2023. One of the founders of charity organization\u00a0Friends of \u0110ur\u0111evi Stupovi Monastery in Ras in 2001, he was also the organization\u2019s president in 2006\u20132008. He coordinated the media campaign to collect funds for the\u00a0reconstruction and renovation of \u0110ur\u0111evi Stupovi Monastery in Ras, dating back to 1171, which met with countrywide acceptance and is remembered as one of the most successful campaigns in the entire Serbia and the region. He organized and produced a number of concerts, lectures, events,\u00a0shows,\u00a0films,\u00a0audio, video and printed\u00a0editions for\u00a0children and adults in Serbia and the Republic of Srpska (Bosnia and Herzegovina).\u00a0Between 2008 and 2012 he worked for the\u00a0Press Office of the Holy Synod of the Serbian Orthodox Church in the Serbian Patriarchate in Belgrade. From 2016 until 2019 he was a Senior Advisor\/Consultant for Dveri in the Serbian Parliament. With his wife, they are proud parents of four children. He lives and works in Belgrade.","url":"https:\/\/ifamnews.com\/de\/author\/jkiprijanovicifamnews-com"}]}},"amp_enabled":true,"_links":{"self":[{"href":"https:\/\/ifamnews.com\/de\/wp-json\/wp\/v2\/posts\/13242","targetHints":{"allow":["GET"]}}],"collection":[{"href":"https:\/\/ifamnews.com\/de\/wp-json\/wp\/v2\/posts"}],"about":[{"href":"https:\/\/ifamnews.com\/de\/wp-json\/wp\/v2\/types\/post"}],"author":[{"embeddable":true,"href":"https:\/\/ifamnews.com\/de\/wp-json\/wp\/v2\/users\/93"}],"replies":[{"embeddable":true,"href":"https:\/\/ifamnews.com\/de\/wp-json\/wp\/v2\/comments?post=13242"}],"version-history":[{"count":2,"href":"https:\/\/ifamnews.com\/de\/wp-json\/wp\/v2\/posts\/13242\/revisions"}],"predecessor-version":[{"id":13325,"href":"https:\/\/ifamnews.com\/de\/wp-json\/wp\/v2\/posts\/13242\/revisions\/13325"}],"wp:featuredmedia":[{"embeddable":true,"href":"https:\/\/ifamnews.com\/de\/wp-json\/wp\/v2\/media\/11227"}],"wp:attachment":[{"href":"https:\/\/ifamnews.com\/de\/wp-json\/wp\/v2\/media?parent=13242"}],"wp:term":[{"taxonomy":"category","embeddable":true,"href":"https:\/\/ifamnews.com\/de\/wp-json\/wp\/v2\/categories?post=13242"},{"taxonomy":"post_tag","embeddable":true,"href":"https:\/\/ifamnews.com\/de\/wp-json\/wp\/v2\/tags?post=13242"}],"curies":[{"name":"wp","href":"https:\/\/api.w.org\/{rel}","templated":true}]}}