{"id":129497,"date":"2022-03-10T01:49:00","date_gmt":"2022-03-10T06:49:00","guid":{"rendered":"https:\/\/ifamnews.com\/?p=129497"},"modified":"2022-03-08T05:05:20","modified_gmt":"2022-03-08T10:05:20","slug":"der-niedergang-der-meinungsfreiheit","status":"publish","type":"post","link":"https:\/\/ifamnews.com\/de\/der-niedergang-der-meinungsfreiheit","title":{"rendered":"Der Niedergang der Meinungsfreiheit"},"content":{"rendered":"\n<p><a href=\"https:\/\/www.senato.it\/istituzione\/la-costituzione\/parte-i\/titolo-i\/articolo-21#:~:text=Tutti%20hanno%20diritto%20di%20manifestare,soggetta%20ad%20autorizzazioni%20o%20censure.\" target=\"_blank\" rel=\"noreferrer noopener\">Die italienische <em>Verfassung<\/em><\/a>, die am 27. Dezember 1947 von Staatspr\u00e4sident Enrico De Nicola (1877-1959) verk\u00fcndet wurde und am darauffolgenden 1. Januar in Kraft trat, besagt in Artikel 21: &#8222;Jeder hat das Recht, seine Gedanken in Wort, Schrift und durch jedes andere Mittel der Verbreitung frei zu \u00e4u\u00dfern&#8220;.<\/p>\n\n\n\n<p>Das gleiche Konzept findet sich in Artikel 19 der <a href=\"https:\/\/www.ohchr.org\/en\/udhr\/pages\/Language.aspx?LangID=itn\" target=\"_blank\" rel=\"noreferrer noopener\">\n  <em>Allgemeine Erkl\u00e4rung der Menschenrechte<\/em>\n<\/a>die von der Generalversammlung der Vereinten Nationen am 10. Dezember 1948 angenommen wurde und in der es hei\u00dft: &#8222;Jeder hat das Recht auf Meinungsfreiheit und freie Meinungs\u00e4u\u00dferung, einschlie\u00dflich des Rechts, nicht wegen seiner Meinung bel\u00e4stigt zu werden, und des Rechts, \u00fcber Medien jeder Art und ohne R\u00fccksicht auf Grenzen Informationen und Gedankengut zu suchen, zu empfangen und zu verbreiten.<\/p>\n\n\n\n<p>\u00dcber das Recht auf freie Meinungs\u00e4u\u00dferung, von der griechischen Antike bis zur Gegenwart, wurde ein ganzes Buch geschrieben, unter anderem von Jacob Mchangama, Autor, Gr\u00fcnder und Direktor von <a href=\"https:\/\/justitia-int.org\/\" target=\"_blank\" rel=\"noreferrer noopener\">&#8222;Justitia&#8220;, einer in Kopenhagen ans\u00e4ssigen <em>Denkfabrik<\/em><\/a>, die sich mit Menschenrechten, Redefreiheit und Rechtsstaatlichkeit besch\u00e4ftigt. Der Band tr\u00e4gt den Titel <em>\n  <a href=\"https:\/\/www.amazon.it\/Free-Speech-History-Socrates-Social\/dp\/1541600495\/ref=sr_1_1?__mk_it_IT=%C3%85M%C3%85%C5%BD%C3%95%C3%91&amp;crid=2GGGJC22NNL1F&amp;keywords=Free+Speech%3A+A+History+From+Socrates+to+Social+Media&amp;qid=1645508627&amp;sprefix=free+speech+a+history+from+socrates+to+social+media%2Caps%2C122&amp;sr=8-1\" target=\"_blank\" rel=\"noreferrer noopener\">Freie Meinungs\u00e4u\u00dferung: Eine Geschichte von Sokrates bis zu den sozialen Medien <\/a>\n<\/em>und wurde vor ein paar Tagen vom amerikanischen Verlag Basic Books ver\u00f6ffentlicht.<\/p>\n\n\n\n<p id=\"h-il-periodico-foreign-affairs-ne-ha-tratto-the-war-on-free-speech-censorship-s-global-rise-un-saggio-interessante-sullo-stato-della-libert-di-parola-oggi-nel-mondo\">Die Zeitschrift <em>Foreign Affairs <\/em>hat die  <a href=\"https:\/\/www.foreignaffairs.com\/articles\/world\/2022-02-09\/war-free-speech-censorship\" target=\"_blank\" rel=\"noreferrer noopener\"><em>Der Krieg gegen die freie Meinungs\u00e4u\u00dferung. Globaler Aufstieg der Zensur<\/em><\/a>ein interessantes Essay \u00fcber den Zustand der Redefreiheit in der heutigen Welt.<\/p>\n\n\n\n<p id=\"h-per-una-libert-di-parola-monca-e-muta-quella-di-cui-parla-mchangama-nonostante-grazie-al-lavoro-di-pionieri-che-sono-stati-diffamati-e-perseguitati-per-idee-che-molti-dei-loro-contemporanei-consideravano-radicali-e-pericolose-nel-mondo-attuale-le-persone-nelle-democrazie-sviluppate-danno-per-scontato-che-la-libert-di-parola-sia-un-diritto-fondamentale-anche-grazie-all-aiuto-che-deriva-da-progressi-nella-tecnologia-delle-comunicazioni-inimmaginabili-al-principio-dell-et-moderna\">Es ist jedoch eine verk\u00fcmmerte und ged\u00e4mpfte Redefreiheit, von der Mchangama spricht, trotz der Tatsache, dass dank der &#8222;Arbeit von Pionieren, die f\u00fcr Ideen, die viele ihrer Zeitgenossen als radikal und gef\u00e4hrlich ansahen, verleumdet und verfolgt wurden&#8220;, in der heutigen Welt &#8222;die Menschen in entwickelten Demokratien es als selbstverst\u00e4ndlich ansehen, dass Redefreiheit ein Grundrecht ist&#8220;, auch dank der Hilfe, die von &#8222;Fortschritten in der Kommunikationstechnologie ausgeht, die zu Beginn des modernen Zeitalters unvorstellbar waren&#8220;.<\/p>\n\n\n\n<p id=\"h-oggi-afferma-l-autore-stiamo-assistendo-all-alba-di-una-recessione-della-libert-di-parola\">&#8222;Heute&#8220;, so der Autor, &#8222;erleben wir den Beginn einer Rezession der Meinungsfreiheit&#8220;.<\/p>\n\n\n\n<p>Laut einem Bericht des Forschungsinstituts<a href=\"https:\/\/www.v-dem.net\/\" target=\"_blank\" rel=\"noreferrer noopener\">&#8222;Varieties of Democracy<\/a>&#8220; (V-Dem) gab es im Jahr 2020 &#8222;[&#8230;] in 32 L\u00e4ndern einen erheblichen R\u00fcckgang der Achtung der Meinungsfreiheit; im Vorjahr hatte sich die Zensur in 37 L\u00e4ndern versch\u00e4rft. Diese Entwicklungen haben schwerwiegende Folgen f\u00fcr die <em>Medien<\/em> und Journalisten&#8220;. Das <a href=\"https:\/\/cpj.org\/it\/\" target=\"_blank\" rel=\"noreferrer noopener\">Komitee zum Schutz von Journalisten (Committee to Protect Journalists<\/a>, CPJ) hat in der Tat &#8222;[&#8230;] die Inhaftierung von 1.010 einzelnen Journalisten zwischen 2011 und 2020 dokumentiert, ein alarmierender Anstieg von 78 % gegen\u00fcber dem vorangegangenen Jahrzehnt.&#8220;  <\/p>\n\n\n\n<p id=\"h-mchangama-si-riferisce-per-esempio-al-caso-dell-india-dove-il-governo-sfrutta-il-retaggio-delle-leggi-coloniali-contro-la-sedizione-emanate-dall-impero-britannico-per-mettere-a-tacere-attivisti-ambientali-politici-giornalisti-accademici-e-minoranze\">Mchangama verweist zum Beispiel auf den Fall Indien, wo die Regierung das Erbe der kolonialen Gesetze gegen &#8222;Aufwiegelung&#8220; aus dem britischen Empire ausnutzt, um &#8222;[&#8230;] Umweltaktivisten, Politiker, Journalisten, Akademiker und Minderheiten zum Schweigen zu bringen&#8220;.<\/p>\n\n\n\n<p id=\"h-ancora-peggiore-la-situazione-a-hong-kong-dove-il-partito-comunista-cinese-ha-completato-una-sorprendente-trasformazione-della-citt-da-quando-ha-represso-le-proteste-a-favore-della-democrazia-nel-2019-prosegue-l-autore-quella-che-era-stata-una-piccola-oasi-di-libert-di-espressione-con-una-vivace-societ-civile-e-una-stampa-critica-ora-un-deserto-arido-in-cui-attivisti-per-la-democrazia-accademici-e-media-indipendenti-sono-puniti-con-leggi-draconiane-contro-ci-che-il-pcc-considera-terrorismo-secessione-o-sedizione\">Noch schlimmer ist die Situation in Hongkong, &#8222;[&#8230;] wo die Kommunistische Partei Chinas seit der Niederschlagung der pro-demokratischen Proteste im Jahr 2019 eine erstaunliche Umgestaltung der Stadt vollzogen hat&#8220;, so der Autor weiter. &#8222;Was fr\u00fcher eine kleine Oase der Meinungsfreiheit war, mit einer lebendigen Zivilgesellschaft und einer kritischen Presse, ist heute eine karge W\u00fcste, in der Demokratieaktivisten, Akademiker und unabh\u00e4ngige <em>Medien<\/em> mit drakonischen Gesetzen gegen das bestraft werden, was die KPCh als Terrorismus, Abspaltung oder Aufruhr betrachtet.&#8220;<\/p>\n\n\n\n<p id=\"h-per-non-parlare-della-cina-continentale-dove-la-libert-di-parola-e-finanche-di-pensiero-un-sogno-e-un-utopia-sfregiata-dall-artiglio-del-dragone-xi-jinping-e-schiacciata-dal-peso-della-sua-zampata-come-quotidianamente-si-impegna-a-registrare-il-portale-d-informazione-bitter-winter-a-magazine-on-religious-liberty-and-human-rights\">Ganz zu schweigen von Festlandchina, wo Rede- und sogar Gedankenfreiheit ein Traum und eine Utopie sind, die von der Klaue des Drachen Xi Jinping vernarbt und vom Gewicht seiner Pranke erdr\u00fcckt werden, wie das Informationsportal <a href=\"https:\/\/bitterwinter.org\/\" target=\"_blank\" rel=\"noreferrer noopener\"><em>Bitter Winter: Eine Zeitschrift f\u00fcr Religionsfreiheit und Menschenrechte<\/em><\/a>.<\/p>\n\n\n\n<p id=\"h-preoccupa-per-anche-la-deriva-presa-dall-europa-sottolinea-mchangama-dove-la-libert-di-parola-viene-conculcata-in-maniera-strisciante-e-per-questo-non-meno-pericolosa-negli-ultimi-anni-scrive-sia-la-commissione-europea-che-i-governi-di-austria-danimarca-francia-e-regno-unito-hanno-perseguito-quella-che-il-politologo-tedesco-karl-loewenstein-1891-1973-ha-definito-democrazia-militante-l-idea-che-le-democrazie-debbano-negare-le-libert-democratiche-fondamentali-a-coloro-che-rifiutano-valori-democratici-fondamentali\">Besorgniserregend sei aber auch die Entwicklung in Europa, betont Mchangama, wo die Meinungsfreiheit auf schleichende und nicht minder gef\u00e4hrliche Art und Weise beschnitten werde: &#8222;In den letzten Jahren&#8220;, schreibt er, &#8222;haben sowohl die Europ\u00e4ische Kommission als auch die Regierungen \u00d6sterreichs, D\u00e4nemarks, Frankreichs und des Vereinigten K\u00f6nigreichs das verfolgt, was der deutsche Politikwissenschaftler Karl Loewenstein  [1891-1973]  militante Demokratie&#8216; genannt: die Idee, dass Demokratien denjenigen, die grundlegende demokratische Werte ablehnen, grundlegende demokratische Freiheiten verweigern sollten&#8220;.<\/p>\n\n\n\n<p id=\"h-in-francia-per-esempio-il-governo-transalpino-ha-adottato-una-legge-che-vieta-la-manipolazione-delle-informazioni-online-durante-le-elezioni-emmanuel-macron-ha-anche-emesso-decreti-che-vietano-l-organizzazione-anti-immigrati-di-destra-g-n-ration-identitaire-citando-presunti-discorsi-di-odio-e-il-gruppo-antidiscriminazione-collettivo-contro-l-islamofobia-in-francia-citando-quella-che-era-considerata-la-difesa-del-gruppo-del-terrorismo-e-dell-antisemitismo-anche-criticare-lo-stesso-macron-rischioso-di-questi-tempi\">In Frankreich zum Beispiel hat die transalpine Regierung &#8222;ein Gesetz verabschiedet, das das <em>Online<\/em>  Informationsmanipulation&#8216; w\u00e4hrend der Wahlen&#8220;. [&#8230;] Emmanuel Macron erlie\u00df auch Dekrete zum Verbot der rechtsgerichteten Anti-Immigranten-Organisation G\u00e9n\u00e9ration Identitaire (unter Berufung auf angebliche Hassreden) und der Antidiskriminierungsgruppe Collective Against Islamophobia in France (unter Berufung auf die angebliche Verteidigung von Terrorismus und Antisemitismus durch die Gruppe). Sogar Macron selbst zu kritisieren ist heutzutage riskant.&#8220;  <\/p>\n\n\n\n<p id=\"h-non-diverso-il-caso-della-germania-e-dei-paesi-scandinavi-ifamnews-si-occupato-sin-dall-inizio-del-caso-di-p-ivi-r-s-nen-ex-ministro-finlandese-tuttora-a-processo-accusata-di-incitamento-all-odio-la-sua-colpa-aver-pubblicato-nel-2004-un-libro-intitolato-mieheksi-ja-naiseksi-h-n-heid-t-loi-ovvero-il-versetto-27-del-primo-capitolo-della-genesi-maschio-e-femmina-li-cre\">Das ist in Deutschland und den skandinavischen L\u00e4ndern nicht anders. &#8222;iFamNews&#8220; hat den <a href=\"https:\/\/ifamnews.com\/de\/wird-finnland-eine-ehemalige-ministerin-verhaften-weil-sie-christin-ist\" target=\"_blank\" rel=\"noreferrer noopener\">Fall von P\u00e4ivi R\u00e4s\u00e4nen<\/a>, einem ehemaligen finnischen Minister, der <a href=\"https:\/\/ifamnews.com\/de\/der-r-s-nen-prozess-die-religionsfreiheit-steht-auf-dem-spiel\" target=\"_blank\" rel=\"noreferrer noopener\">noch immer vor Gericht steht<\/a> und wegen Aufstachelung zum Hass angeklagt ist, von Anfang an begleitet. &#8222;Sein &#8218;Fehler&#8216;? Im Jahr 2004 ver\u00f6ffentlichte er ein Buch mit dem Titel <em>Mieheksi ja naiseksi h\u00e4n heid\u00e4t loi<\/em> oder Vers 27 des ersten Kapitels der <em>Genesis<\/em>: &#8218;Er schuf sie als Mann und Frau'&#8220;.<\/p>\n\n\n\n<p id=\"h-si-respira-la-stessa-aria-negli-stati-uniti-d-america-dove-nonostante-il-principio-del-liberalismo-americano-secondo-cui-la-libert-di-parola-necessaria-per-proteggere-le-minoranze-storicamente-perseguitate-contro-le-esplosioni-di-intolleranza-maggioritaria-questo-ideale-civile-libertario-non-persuade-pi-una-nuova-generazione-di-progressisti-che-vogliono-eliminare-una-collezione-sempre-pi-ampia-di-idee-e-opinioni-che-considerano-razziste-e-sessiste-o-anti-lgbt-da-universit-media-e-istituzioni-culturali\">Die gleiche Luft atmet man in den Vereinigten Staaten von Amerika, wo &#8222;trotz des Grundsatzes des amerikanischen Liberalismus, dass die freie Meinungs\u00e4u\u00dferung notwendig ist, um historisch verfolgte Minderheiten vor Explosionen mehrheitlicher Intoleranz zu sch\u00fctzen, dieses b\u00fcrgerlich-libert\u00e4re Ideal eine neue Generation von Progressiven nicht mehr \u00fcberzeugt, die eine immer breiter werdende Sammlung von Ideen und Meinungen, die sie als rassistisch und sexistisch oder Anti-LGBT+ betrachten, von den Universit\u00e4ten entfernen wollen,  <em>Medien<\/em> und Kultureinrichtungen&#8220;.  <\/p>\n\n\n\n<p id=\"h-l-onda-devastatrice-della-cancel-culture-che-abbatte-le-statue-dei-maschio-bianco-colonizzatore-prevaricatore-e-ancor-peggio-fa-alle-persone-in-carne-e-ossa-se-la-foundation-for-individual-rights-in-education-ha-documentato-pi-di-500-tentativi-tra-il-2015-e-il-2021-di-sanzionare-professionalmente-gli-studiosi-per-essersi-impegnati-in-forme-di-discorso-costituzionalmente-protette-oltre-i-due-terzi-degli-studiosi-presi-di-mira-per-discorsi-che-coinvolgono-razza-o-genere-hanno-dovuto-affrontare-indagini-sospensione-censura-retrocessione-o-licenziamento\">Es ist die verheerende Welle der  <em>Kulturen zu annullieren<\/em>, die Statuen des &#8222;wei\u00dfen m\u00e4nnlichen Kolonisators&#8220; einzurei\u00dfen und noch Schlimmeres mit den Menschen in Fleisch und Blut zu tun, wenn &#8222;die  Die<a href=\"https:\/\/www.thefire.org\/\" target=\"_blank\" rel=\"noreferrer noopener\">Foundation for Individual Rights in Education (Stiftung f\u00fcr individuelle Rechte im Bildungswesen<\/a> ) hat zwischen 2015 und 2021 mehr als 500 Versuche dokumentiert, Wissenschaftler wegen verfassungsrechtlich gesch\u00fctzter Meinungs\u00e4u\u00dferungen beruflich zu sanktionieren. Mehr als zwei Drittel der Wissenschaftler, die wegen rassistischer oder geschlechtsspezifischer \u00c4u\u00dferungen ins Visier genommen wurden, mussten mit Untersuchungen, Suspendierung, Zensur, Degradierung oder Entlassung rechnen.&#8220;<\/p>\n\n\n\n<p>Was ist mit Italien? Die <a href=\"https:\/\/ifamnews.com\/de\/tag\/testo-unico-zan-de\" target=\"_blank\" rel=\"noreferrer noopener\">komplexe Aff\u00e4re des &#8222;Zan ddl&#8220;, ein illiberaler Knebel<\/a>, der sich dem Willen der LGBT+-Propaganda beugt und die Stimmen zum Schweigen bringen will, die sich erlauben, die Realit\u00e4t zu bejahen, und mit dem sich &#8222;iFamNews&#8220; ausf\u00fchrlich befasst hat, best\u00e4tigt nur das Gef\u00fchl, dass die Redefreiheit in einem heiklen Zustand ist. Die Praxis ist auch nicht archiviert, denn die <a href=\"https:\/\/ifamnews.com\/it\/pdancora-il-ddl-zan-a-volte-tornano\" target=\"_blank\" rel=\"noreferrer noopener\">Demokratische Partei hat sie gerade wiederbelebt<\/a>.<\/p>\n","protected":false},"excerpt":{"rendered":"<p>Das linke Gedankengut wird zunehmend gef\u00f6rdert. Eine Analyse des Ph\u00e4nomens auf globaler Ebene<\/p>\n","protected":false},"author":14,"featured_media":126557,"comment_status":"open","ping_status":"open","sticky":false,"template":"","format":"standard","meta":{"give_campaign_id":0,"om_disable_all_campaigns":false,"_monsterinsights_skip_tracking":false,"_monsterinsights_sitenote_active":false,"_monsterinsights_sitenote_note":"","_monsterinsights_sitenote_category":0,"mc4wp_mailchimp_campaign":[],"jnews-multi-image_gallery":[],"jnews_single_post":{"subtitle":"Das linke Gedankengut wird zunehmend gef\u00f6rdert. Eine Analyse des Ph\u00e4nomens auf globaler Ebene.","format":"standard","video":"","gallery":"","source_name":"","source_url":"","via_name":"","via_url":"","override":[{"template":"1","single_blog_custom":"","parallax":"1","fullscreen":"1","layout":"right-sidebar","sidebar":"default-sidebar","second_sidebar":"default-sidebar","sticky_sidebar":"1","share_position":"top","share_float_style":"share-monocrhome","show_share_counter":"1","show_view_counter":"1","show_featured":"1","show_post_meta":"1","show_post_author":"1","show_post_author_image":"1","show_post_date":"1","post_date_format":"default","post_date_format_custom":"Y\/m\/d","show_post_category":"1","post_reading_time_wpm":"300","zoom_button_out_step":"2","zoom_button_in_step":"3","show_post_tag":"1","show_prev_next_post":"1","show_popup_post":"1","number_popup_post":"1"}],"image_override":[{"single_post_thumbnail_size":"crop-500","single_post_gallery_size":"crop-500"}],"trending_post_position":"meta","trending_post_label":"Trending","sponsored_post_label":"Sponsored by","sponsored_post_name":"","sponsored_post_url":"","sponsored_post_logo":"","sponsored_post_desc":""},"jnews_primary_category":{"id":"763"},"jnews_social_meta":{"fb_title":"","fb_description":"","fb_image":"","twitter_title":"","twitter_description":"","twitter_image":""},"jnews_override_counter":{"view_counter_number":"0","share_counter_number":"0","like_counter_number":"0","dislike_counter_number":"0"},"footnotes":""},"categories":[763,811],"tags":[8502],"class_list":["post-129497","post","type-post","status-publish","format-standard","has-post-thumbnail","hentry","category-kultur","category-foreground-de","tag-freie-meinungsaeusserung"],"yoast_head":"<!-- This site is optimized with the Yoast SEO Premium plugin v25.9 (Yoast SEO v27.3) - https:\/\/yoast.com\/product\/yoast-seo-premium-wordpress\/ -->\n<title>Der Niedergang der Meinungsfreiheit - &quot;iFamNews&quot;<\/title>\n<meta name=\"description\" content=\"Das liberale Gedankengut wird zunehmend gef\u00f6rdert. Eine Analyse des Ph\u00e4nomens auf globaler Ebene\" \/>\n<meta name=\"robots\" content=\"index, follow, max-snippet:-1, max-image-preview:large, max-video-preview:-1\" \/>\n<link rel=\"canonical\" href=\"https:\/\/ifamnews.com\/de\/der-niedergang-der-meinungsfreiheit\" \/>\n<meta property=\"og:locale\" content=\"de_DE\" \/>\n<meta property=\"og:type\" content=\"article\" \/>\n<meta property=\"og:title\" content=\"Der Niedergang der Meinungsfreiheit\" \/>\n<meta property=\"og:description\" content=\"Das liberale Gedankengut wird zunehmend gef\u00f6rdert. Eine Analyse des Ph\u00e4nomens auf globaler Ebene\" \/>\n<meta property=\"og:url\" content=\"https:\/\/ifamnews.com\/de\/der-niedergang-der-meinungsfreiheit\" \/>\n<meta property=\"og:site_name\" content=\"IFN\" \/>\n<meta property=\"article:publisher\" content=\"https:\/\/www.facebook.com\/iFamNews\" \/>\n<meta property=\"article:published_time\" content=\"2022-03-10T06:49:00+00:00\" \/>\n<meta property=\"og:image\" content=\"https:\/\/ifamnews.com\/wp-content\/uploads\/2022\/02\/Freedom-of-expression-Flickr-August-2002-2.jpg\" \/>\n\t<meta property=\"og:image:width\" content=\"1200\" \/>\n\t<meta property=\"og:image:height\" content=\"675\" \/>\n\t<meta property=\"og:image:type\" content=\"image\/jpeg\" \/>\n<meta name=\"author\" content=\"Barbara Santambrogio\" \/>\n<meta name=\"twitter:card\" content=\"summary_large_image\" \/>\n<meta name=\"twitter:creator\" content=\"@iFamNewsEN\" \/>\n<meta name=\"twitter:site\" content=\"@iFamNewsEN\" \/>\n<meta name=\"twitter:label1\" content=\"Verfasst von\" \/>\n\t<meta name=\"twitter:data1\" content=\"Barbara Santambrogio\" \/>\n\t<meta name=\"twitter:label2\" content=\"Gesch\u00e4tzte Lesezeit\" \/>\n\t<meta name=\"twitter:data2\" content=\"5\u00a0Minuten\" \/>\n<!-- \/ Yoast SEO Premium plugin. -->","yoast_head_json":{"title":"Der Niedergang der Meinungsfreiheit - \"iFamNews\"","description":"Das liberale Gedankengut wird zunehmend gef\u00f6rdert. Eine Analyse des Ph\u00e4nomens auf globaler Ebene","robots":{"index":"index","follow":"follow","max-snippet":"max-snippet:-1","max-image-preview":"max-image-preview:large","max-video-preview":"max-video-preview:-1"},"canonical":"https:\/\/ifamnews.com\/de\/der-niedergang-der-meinungsfreiheit","og_locale":"de_DE","og_type":"article","og_title":"Der Niedergang der Meinungsfreiheit","og_description":"Das liberale Gedankengut wird zunehmend gef\u00f6rdert. Eine Analyse des Ph\u00e4nomens auf globaler Ebene","og_url":"https:\/\/ifamnews.com\/de\/der-niedergang-der-meinungsfreiheit","og_site_name":"IFN","article_publisher":"https:\/\/www.facebook.com\/iFamNews","article_published_time":"2022-03-10T06:49:00+00:00","og_image":[{"width":1200,"height":675,"url":"https:\/\/ifamnews.com\/wp-content\/uploads\/2022\/02\/Freedom-of-expression-Flickr-August-2002-2.jpg","type":"image\/jpeg"}],"author":"Barbara Santambrogio","twitter_card":"summary_large_image","twitter_creator":"@iFamNewsEN","twitter_site":"@iFamNewsEN","twitter_misc":{"Verfasst von":"Barbara Santambrogio","Gesch\u00e4tzte Lesezeit":"5\u00a0Minuten"},"schema":{"@context":"https:\/\/schema.org","@graph":[{"@type":"NewsArticle","@id":"https:\/\/ifamnews.com\/de\/der-niedergang-der-meinungsfreiheit#article","isPartOf":{"@id":"https:\/\/ifamnews.com\/de\/der-niedergang-der-meinungsfreiheit"},"author":{"name":"Barbara Santambrogio","@id":"https:\/\/ifamnews.com\/en\/#\/schema\/person\/17118599da2799311b3611609a244572"},"headline":"Der Niedergang der Meinungsfreiheit","datePublished":"2022-03-10T06:49:00+00:00","mainEntityOfPage":{"@id":"https:\/\/ifamnews.com\/de\/der-niedergang-der-meinungsfreiheit"},"wordCount":1023,"commentCount":0,"publisher":{"@id":"https:\/\/ifamnews.com\/en\/#organization"},"image":{"@id":"https:\/\/ifamnews.com\/de\/der-niedergang-der-meinungsfreiheit#primaryimage"},"thumbnailUrl":"https:\/\/ifamnews.com\/wp-content\/uploads\/2022\/02\/Freedom-of-expression-Flickr-August-2002-2.jpg","keywords":["Freie Meinungs\u00e4u\u00dferung"],"articleSection":["Kultur","Vordergrund"],"inLanguage":"de","potentialAction":[{"@type":"CommentAction","name":"Comment","target":["https:\/\/ifamnews.com\/de\/der-niedergang-der-meinungsfreiheit#respond"]}]},{"@type":"WebPage","@id":"https:\/\/ifamnews.com\/de\/der-niedergang-der-meinungsfreiheit","url":"https:\/\/ifamnews.com\/de\/der-niedergang-der-meinungsfreiheit","name":"Der Niedergang der Meinungsfreiheit - \"iFamNews\"","isPartOf":{"@id":"https:\/\/ifamnews.com\/en\/#website"},"primaryImageOfPage":{"@id":"https:\/\/ifamnews.com\/de\/der-niedergang-der-meinungsfreiheit#primaryimage"},"image":{"@id":"https:\/\/ifamnews.com\/de\/der-niedergang-der-meinungsfreiheit#primaryimage"},"thumbnailUrl":"https:\/\/ifamnews.com\/wp-content\/uploads\/2022\/02\/Freedom-of-expression-Flickr-August-2002-2.jpg","datePublished":"2022-03-10T06:49:00+00:00","description":"Das liberale Gedankengut wird zunehmend gef\u00f6rdert. Eine Analyse des Ph\u00e4nomens auf globaler Ebene","breadcrumb":{"@id":"https:\/\/ifamnews.com\/de\/der-niedergang-der-meinungsfreiheit#breadcrumb"},"inLanguage":"de","potentialAction":[{"@type":"ReadAction","target":["https:\/\/ifamnews.com\/de\/der-niedergang-der-meinungsfreiheit"]}]},{"@type":"ImageObject","inLanguage":"de","@id":"https:\/\/ifamnews.com\/de\/der-niedergang-der-meinungsfreiheit#primaryimage","url":"https:\/\/ifamnews.com\/wp-content\/uploads\/2022\/02\/Freedom-of-expression-Flickr-August-2002-2.jpg","contentUrl":"https:\/\/ifamnews.com\/wp-content\/uploads\/2022\/02\/Freedom-of-expression-Flickr-August-2002-2.jpg","width":1200,"height":675,"caption":"Freiheit der Meinungs\u00e4u\u00dferung"},{"@type":"BreadcrumbList","@id":"https:\/\/ifamnews.com\/de\/der-niedergang-der-meinungsfreiheit#breadcrumb","itemListElement":[{"@type":"ListItem","position":1,"name":"Home","item":"https:\/\/ifamnews.com\/de"},{"@type":"ListItem","position":2,"name":"Cultura","item":"https:\/\/ifamnews.com\/it\/categoria\/cultura"},{"@type":"ListItem","position":3,"name":"Der Niedergang der Meinungsfreiheit"}]},{"@type":"WebSite","@id":"https:\/\/ifamnews.com\/en\/#website","url":"https:\/\/ifamnews.com\/en\/","name":"IFN","description":"International Family News Network","publisher":{"@id":"https:\/\/ifamnews.com\/en\/#organization"},"potentialAction":[{"@type":"SearchAction","target":{"@type":"EntryPoint","urlTemplate":"https:\/\/ifamnews.com\/en\/?s={search_term_string}"},"query-input":{"@type":"PropertyValueSpecification","valueRequired":true,"valueName":"search_term_string"}}],"inLanguage":"de"},{"@type":"Organization","@id":"https:\/\/ifamnews.com\/en\/#organization","name":"iFamNews","url":"https:\/\/ifamnews.com\/en\/","logo":{"@type":"ImageObject","inLanguage":"de","@id":"https:\/\/ifamnews.com\/en\/#\/schema\/logo\/image\/","url":"https:\/\/ifamnews.com\/wp-content\/uploads\/2020\/01\/Share-logo.png","contentUrl":"https:\/\/ifamnews.com\/wp-content\/uploads\/2020\/01\/Share-logo.png","width":200,"height":200,"caption":"iFamNews"},"image":{"@id":"https:\/\/ifamnews.com\/en\/#\/schema\/logo\/image\/"},"sameAs":["https:\/\/www.facebook.com\/iFamNews","https:\/\/x.com\/iFamNewsEN"]},{"@type":"Person","@id":"https:\/\/ifamnews.com\/en\/#\/schema\/person\/17118599da2799311b3611609a244572","name":"Barbara Santambrogio","image":{"@type":"ImageObject","inLanguage":"de","@id":"https:\/\/secure.gravatar.com\/avatar\/e82fde821e1707b5acb9fe7ab0a5d6e32d42db6117e73021c2fc05cc90dad32f?s=96&d=mm&r=g","url":"https:\/\/secure.gravatar.com\/avatar\/e82fde821e1707b5acb9fe7ab0a5d6e32d42db6117e73021c2fc05cc90dad32f?s=96&d=mm&r=g","contentUrl":"https:\/\/secure.gravatar.com\/avatar\/e82fde821e1707b5acb9fe7ab0a5d6e32d42db6117e73021c2fc05cc90dad32f?s=96&d=mm&r=g","caption":"Barbara Santambrogio"},"description":"After an original and varied working path, in the field of advertising and publishing, but also in the world of wine, she finally came to deal with what she is most passionate about. Today she writes (for the web, but not only), deals with translations and teaches in elementary school. Biological and adoptive mother, she loves reading and running.","url":"https:\/\/ifamnews.com\/de\/author\/bsantambrogio"}]}},"amp_enabled":true,"_links":{"self":[{"href":"https:\/\/ifamnews.com\/de\/wp-json\/wp\/v2\/posts\/129497","targetHints":{"allow":["GET"]}}],"collection":[{"href":"https:\/\/ifamnews.com\/de\/wp-json\/wp\/v2\/posts"}],"about":[{"href":"https:\/\/ifamnews.com\/de\/wp-json\/wp\/v2\/types\/post"}],"author":[{"embeddable":true,"href":"https:\/\/ifamnews.com\/de\/wp-json\/wp\/v2\/users\/14"}],"replies":[{"embeddable":true,"href":"https:\/\/ifamnews.com\/de\/wp-json\/wp\/v2\/comments?post=129497"}],"version-history":[{"count":3,"href":"https:\/\/ifamnews.com\/de\/wp-json\/wp\/v2\/posts\/129497\/revisions"}],"predecessor-version":[{"id":129514,"href":"https:\/\/ifamnews.com\/de\/wp-json\/wp\/v2\/posts\/129497\/revisions\/129514"}],"wp:featuredmedia":[{"embeddable":true,"href":"https:\/\/ifamnews.com\/de\/wp-json\/wp\/v2\/media\/126557"}],"wp:attachment":[{"href":"https:\/\/ifamnews.com\/de\/wp-json\/wp\/v2\/media?parent=129497"}],"wp:term":[{"taxonomy":"category","embeddable":true,"href":"https:\/\/ifamnews.com\/de\/wp-json\/wp\/v2\/categories?post=129497"},{"taxonomy":"post_tag","embeddable":true,"href":"https:\/\/ifamnews.com\/de\/wp-json\/wp\/v2\/tags?post=129497"}],"curies":[{"name":"wp","href":"https:\/\/api.w.org\/{rel}","templated":true}]}}