{"id":129486,"date":"2022-03-11T02:00:00","date_gmt":"2022-03-11T07:00:00","guid":{"rendered":"https:\/\/ifamnews.com\/?p=129486"},"modified":"2022-03-08T05:25:36","modified_gmt":"2022-03-08T10:25:36","slug":"italiens-ex-wirtschaftsminister-die-familie-als-wesentlicher-bestandteil-der-sozialstruktur","status":"publish","type":"post","link":"https:\/\/ifamnews.com\/de\/italiens-ex-wirtschaftsminister-die-familie-als-wesentlicher-bestandteil-der-sozialstruktur","title":{"rendered":"Italiens Ex-Wirtschaftsminister: \u201eDie Familie als wesentlicher Bestandteil der Sozialstruktur\u201c"},"content":{"rendered":"\n<p>&#8222;Im <a href=\"https:\/\/www.consilium.europa.eu\/media\/50361\/carbis-bay-g7-summit-communique.pdf\" target=\"_blank\" rel=\"noreferrer noopener\">Abschlusskommuniqu\u00e9 der G7 vom 13. Juni<\/a> finden sich zwei kurze Abs\u00e4tze zu Russland und der Ukraine und zwei ganze Seiten zur Gleichstellung <em>der Geschlechter&#8230;.<\/em>&#8222;. Giulio Tremonti untersucht auf \u00e4tzende Weise die Unf\u00e4higkeit der gro\u00dfen F\u00fchrer der Welt, die Herausforderungen der Gegenwart zu meistern. Der ehemalige Wirtschaftsminister spart nicht mit Kritik: Der &#8222;unheilvolle Individualismus vieler  <a href=\"https:\/\/www.romanoimpero.com\/2009\/07\/eliogabalo-218-222.html\" target=\"_blank\" rel=\"noreferrer noopener\">Heliogabal<\/a> sexuell fl\u00fcssig&#8220;; auf den neuen &#8222;digitalen, \u00f6kologischen und sozialen Leviathan&#8220;; auf die Welt des Metaversums, &#8222;k\u00fcnstlich und alternativ zur realen&#8220;, in der wir die &#8222;Umwandlung des menschlichen Geschlechts von Verantwortung zu Vergn\u00fcgen&#8220; und, als Folge davon, &#8222;die Mutation der traditionellen Familie in eine neue  <em>horizontale Familie<\/em>&#8222;. Tremonti sprach gestern im Vatikan anl\u00e4sslich der Pr\u00e4sentation von Band VIII der<em>Opera Omnia<\/em> von Papst Benedikt XVI:<a href=\"https:\/\/www.libreriaeditricevaticana.va\/it\/blog\/presentazione-vol-81-dell-opera-omnia-di-joseph-ratzinger-n80\" target=\"_blank\" rel=\"noreferrer noopener\"> <em>&#8222;Kirche: Zeichen unter den V\u00f6lkern&#8220;.<\/em> <\/a>.<\/p>\n\n\n\n<p><strong>Herr Professor, in Ihrer Rede haben Sie \u00fcber die Enzyklika<\/strong><em><strong> <a href=\"https:\/\/www.vatican.va\/content\/benedict-xvi\/it\/encyclicals\/documents\/hf_ben-xvi_enc_20090629_caritas-in-veritate.html\" target=\"_blank\" rel=\"noreferrer noopener\">Caritas in Veritate<\/a>  <\/strong><\/em><strong>Wie wichtig ist diese Botschaft von Benedikt XVI. in dieser historischen Phase?<\/strong><br> <em>Caritas in Veritate<\/em> wurde 2009 geschrieben, im Jahr nach der ersten Globalisierungskrise. Es ist eine Analyse des Geschehens und bietet eine Alternative, die immer noch m\u00f6glich ist. Von dem, was Benedikt XVI. analysiert und vorgeschlagen hat, ist jedoch wenig oder gar nichts umgesetzt worden. Die Welt hat sich ohne Regeln entwickelt oder mit der einzigen Regel, dass es keine Regeln gibt.<\/p>\n\n\n\n<p><strong>2009 war also ein Wendepunkt in der Geschichte.<\/strong><br>Lassen Sie mich Ihnen eine Tatsache sagen. Im Jahr 2009 wurden zwei Visionen miteinander verglichen: Die eine, von der italienischen Regierung vorgeschlagen, wurde als <a href=\"https:\/\/www.corriere.it\/politica\/09_febbraio_14\/sensini_tamburello_tremonti_deficit_regole_a24f81cc-fa6d-11dd-a8db-00144f02aabc.shtml\" target=\"_blank\" rel=\"noreferrer noopener\">&#8222;Global Legal Standard&#8220;<\/a> bezeichnet. Sie enthielt grundlegende Regeln f\u00fcr Finanzen und Wirtschaft, wie den \u00dcbergang vom <em>Freihandel<\/em> zum <em>fairen Handel<\/em>. Aber nicht nur das: In einem Artikel des ausgearbeiteten Entwurfs hie\u00df es: &#8222;Einhaltung der Umwelt- und Hygienevorschriften&#8220;. Hat das eine Bedeutung f\u00fcr Sie?<\/p>\n\n\n\n<p><strong>Diese Themen sind sehr aktuell. Was war die andere Vision?<\/strong><br>Das andere war der &#8222;Finanzstabilit\u00e4tsrat&#8220;, der auf der Idee beruhte, dass wir keine Regeln f\u00fcr die Wirtschaft, sondern nur einige Kriterien f\u00fcr die Finanzen brauchen. Das ist die Idee, die sich durchgesetzt hat. Seitdem ist jedoch keine gro\u00dfe Stabilit\u00e4t mehr zu verzeichnen. Und fragen Sie mich nicht, wer der Vorsitzende des &#8222;Finanzstabilit\u00e4tsrates&#8220; war.<\/p>\n\n\n\n<p><strong>Ja, das war Mario Draghi&#8230; Worauf f\u00fchren Sie den Sieg dieser zweiten Vision zur\u00fcck?<\/strong><br>Auf die Macht der Wall Street.<\/p>\n\n\n\n<p><strong>Welchen Platz sollte die <a href=\"https:\/\/ifamnews.com\/it\/assegno-unico-appello-delle-famiglie-al-governo\" target=\"_blank\" rel=\"noreferrer noopener\">Familienpolitik<\/a> in der Wirtschaft einnehmen?<\/strong><br>Sie sind der wesentliche Teil der sozialen Struktur. Es gibt nicht nur das Individuum und den Staat: Es gibt die so genannten intermedi\u00e4ren Instanzen, die die soziale Aggregation schaffen.<\/p>\n\n\n\n<p><strong>Welche Ma\u00dfnahmen sollten in diesem Zusammenhang ergriffen werden?<\/strong><br>Erstens das Steuersystem, das sich lohnen sollte, sich aber nicht genug lohnt. Vor vielen Jahren habe ich &#8211; in Anf\u00fchrungszeichen &#8211; die 5XMille &#8222;erfunden&#8220;, ein System zur Finanzierung zwischengeschalteter Einrichtungen, zun\u00e4chst f\u00fcr ehrenamtliche Arbeit und Forschung. Ich w\u00fcrde daraus eine 10XMille machen.<\/p>\n","protected":false},"excerpt":{"rendered":"<p>Exklusives Interview mit iFamNews: Wir brauchen ein familienfreundliches Steuersystem<\/p>\n","protected":false},"author":15,"featured_media":128227,"comment_status":"open","ping_status":"open","sticky":false,"template":"","format":"standard","meta":{"give_campaign_id":0,"om_disable_all_campaigns":false,"_monsterinsights_skip_tracking":false,"_monsterinsights_sitenote_active":false,"_monsterinsights_sitenote_note":"","_monsterinsights_sitenote_category":0,"mc4wp_mailchimp_campaign":[],"jnews-multi-image_gallery":[],"jnews_single_post":{"subtitle":"Exklusives Interview mit iFamNews: Wir brauchen ein familienfreundliches Steuersystem","format":"standard","video":"","gallery":"","source_name":"","source_url":"","via_name":"","via_url":"","override":[{"template":"1","single_blog_custom":"","parallax":"1","fullscreen":"1","layout":"right-sidebar","sidebar":"default-sidebar","second_sidebar":"default-sidebar","sticky_sidebar":"1","share_position":"top","share_float_style":"share-monocrhome","show_share_counter":"1","show_view_counter":"1","show_featured":"1","show_post_meta":"1","show_post_author":"1","show_post_author_image":"1","show_post_date":"1","post_date_format":"default","post_date_format_custom":"Y\/m\/d","show_post_category":"1","post_reading_time_wpm":"300","zoom_button_out_step":"2","zoom_button_in_step":"3","show_post_tag":"1","show_prev_next_post":"1","show_popup_post":"1","number_popup_post":"1"}],"image_override":[{"single_post_thumbnail_size":"crop-500","single_post_gallery_size":"crop-500"}],"trending_post_position":"meta","trending_post_label":"Trending","sponsored_post_label":"Sponsored by","sponsored_post_name":"","sponsored_post_url":"","sponsored_post_logo":"","sponsored_post_desc":""},"jnews_primary_category":{"id":"768"},"jnews_social_meta":{"fb_title":"","fb_description":"","fb_image":"","twitter_title":"","twitter_description":"","twitter_image":""},"jnews_override_counter":{"view_counter_number":"0","share_counter_number":"0","like_counter_number":"0","dislike_counter_number":"0"},"footnotes":""},"categories":[768,811],"tags":[17313,17314],"class_list":["post-129486","post","type-post","status-publish","format-standard","has-post-thumbnail","hentry","category-politik","category-foreground-de","tag-benedikt-xvi-de","tag-giulio-tremonti-de"],"yoast_head":"<!-- This site is optimized with the Yoast SEO Premium plugin v25.9 (Yoast SEO v27.3) - https:\/\/yoast.com\/product\/yoast-seo-premium-wordpress\/ -->\n<title>Italiens Ex-Wirtschaftsminister: \u201eDie Familie als wesentlicher Bestandteil der Sozialstruktur\u201c - &quot;iFamNews&quot;.<\/title>\n<meta name=\"description\" content=\"&quot;iFamNews&quot; interviewt den ehemaligen Wirtschaftsminister. Kein Zweifel: Wir brauchen jetzt ein wirklich familienfreundliches Steuersystem\" \/>\n<meta name=\"robots\" content=\"index, follow, max-snippet:-1, max-image-preview:large, max-video-preview:-1\" \/>\n<link rel=\"canonical\" href=\"https:\/\/ifamnews.com\/de\/italiens-ex-wirtschaftsminister-die-familie-als-wesentlicher-bestandteil-der-sozialstruktur\" \/>\n<meta property=\"og:locale\" content=\"de_DE\" \/>\n<meta property=\"og:type\" content=\"article\" \/>\n<meta property=\"og:title\" content=\"Italiens Ex-Wirtschaftsminister: \u201eDie Familie als wesentlicher Bestandteil der Sozialstruktur\u201c\" \/>\n<meta property=\"og:description\" content=\"&quot;iFamNews&quot; interviewt den ehemaligen Wirtschaftsminister. Kein Zweifel: Wir brauchen jetzt ein wirklich familienfreundliches Steuersystem\" \/>\n<meta property=\"og:url\" content=\"https:\/\/ifamnews.com\/de\/italiens-ex-wirtschaftsminister-die-familie-als-wesentlicher-bestandteil-der-sozialstruktur\" \/>\n<meta property=\"og:site_name\" content=\"IFN\" \/>\n<meta property=\"article:publisher\" content=\"https:\/\/www.facebook.com\/iFamNews\" \/>\n<meta property=\"article:published_time\" content=\"2022-03-11T07:00:00+00:00\" \/>\n<meta property=\"og:image\" content=\"https:\/\/ifamnews.com\/wp-content\/uploads\/2022\/03\/Giulio-Tremonti.jpg\" \/>\n\t<meta property=\"og:image:width\" content=\"1200\" \/>\n\t<meta property=\"og:image:height\" content=\"675\" \/>\n\t<meta property=\"og:image:type\" content=\"image\/jpeg\" \/>\n<meta name=\"author\" content=\"Federico Cenci\" \/>\n<meta name=\"twitter:card\" content=\"summary_large_image\" \/>\n<meta name=\"twitter:creator\" content=\"@https:\/\/twitter.com\/fedecenci\" \/>\n<meta name=\"twitter:site\" content=\"@iFamNewsEN\" \/>\n<meta name=\"twitter:label1\" content=\"Verfasst von\" \/>\n\t<meta name=\"twitter:data1\" content=\"Federico Cenci\" \/>\n\t<meta name=\"twitter:label2\" content=\"Gesch\u00e4tzte Lesezeit\" \/>\n\t<meta name=\"twitter:data2\" content=\"2\u00a0Minuten\" \/>\n<!-- \/ Yoast SEO Premium plugin. -->","yoast_head_json":{"title":"Italiens Ex-Wirtschaftsminister: \u201eDie Familie als wesentlicher Bestandteil der Sozialstruktur\u201c - \"iFamNews\".","description":"\"iFamNews\" interviewt den ehemaligen Wirtschaftsminister. Kein Zweifel: Wir brauchen jetzt ein wirklich familienfreundliches Steuersystem","robots":{"index":"index","follow":"follow","max-snippet":"max-snippet:-1","max-image-preview":"max-image-preview:large","max-video-preview":"max-video-preview:-1"},"canonical":"https:\/\/ifamnews.com\/de\/italiens-ex-wirtschaftsminister-die-familie-als-wesentlicher-bestandteil-der-sozialstruktur","og_locale":"de_DE","og_type":"article","og_title":"Italiens Ex-Wirtschaftsminister: \u201eDie Familie als wesentlicher Bestandteil der Sozialstruktur\u201c","og_description":"\"iFamNews\" interviewt den ehemaligen Wirtschaftsminister. Kein Zweifel: Wir brauchen jetzt ein wirklich familienfreundliches Steuersystem","og_url":"https:\/\/ifamnews.com\/de\/italiens-ex-wirtschaftsminister-die-familie-als-wesentlicher-bestandteil-der-sozialstruktur","og_site_name":"IFN","article_publisher":"https:\/\/www.facebook.com\/iFamNews","article_published_time":"2022-03-11T07:00:00+00:00","og_image":[{"width":1200,"height":675,"url":"https:\/\/ifamnews.com\/wp-content\/uploads\/2022\/03\/Giulio-Tremonti.jpg","type":"image\/jpeg"}],"author":"Federico Cenci","twitter_card":"summary_large_image","twitter_creator":"@https:\/\/twitter.com\/fedecenci","twitter_site":"@iFamNewsEN","twitter_misc":{"Verfasst von":"Federico Cenci","Gesch\u00e4tzte Lesezeit":"2\u00a0Minuten"},"schema":{"@context":"https:\/\/schema.org","@graph":[{"@type":"NewsArticle","@id":"https:\/\/ifamnews.com\/de\/italiens-ex-wirtschaftsminister-die-familie-als-wesentlicher-bestandteil-der-sozialstruktur#article","isPartOf":{"@id":"https:\/\/ifamnews.com\/de\/italiens-ex-wirtschaftsminister-die-familie-als-wesentlicher-bestandteil-der-sozialstruktur"},"author":{"name":"Federico Cenci","@id":"https:\/\/ifamnews.com\/en\/#\/schema\/person\/555378c4ec9e01d40ab9f2b5cee0c318"},"headline":"Italiens Ex-Wirtschaftsminister: \u201eDie Familie als wesentlicher Bestandteil der Sozialstruktur\u201c","datePublished":"2022-03-11T07:00:00+00:00","mainEntityOfPage":{"@id":"https:\/\/ifamnews.com\/de\/italiens-ex-wirtschaftsminister-die-familie-als-wesentlicher-bestandteil-der-sozialstruktur"},"wordCount":488,"commentCount":0,"publisher":{"@id":"https:\/\/ifamnews.com\/en\/#organization"},"image":{"@id":"https:\/\/ifamnews.com\/de\/italiens-ex-wirtschaftsminister-die-familie-als-wesentlicher-bestandteil-der-sozialstruktur#primaryimage"},"thumbnailUrl":"https:\/\/ifamnews.com\/wp-content\/uploads\/2022\/03\/Giulio-Tremonti.jpg","keywords":["Benedikt XVI.","Giulio Tremonti"],"articleSection":["Politik","Vordergrund"],"inLanguage":"de","potentialAction":[{"@type":"CommentAction","name":"Comment","target":["https:\/\/ifamnews.com\/de\/italiens-ex-wirtschaftsminister-die-familie-als-wesentlicher-bestandteil-der-sozialstruktur#respond"]}]},{"@type":"WebPage","@id":"https:\/\/ifamnews.com\/de\/italiens-ex-wirtschaftsminister-die-familie-als-wesentlicher-bestandteil-der-sozialstruktur","url":"https:\/\/ifamnews.com\/de\/italiens-ex-wirtschaftsminister-die-familie-als-wesentlicher-bestandteil-der-sozialstruktur","name":"Italiens Ex-Wirtschaftsminister: \u201eDie Familie als wesentlicher Bestandteil der Sozialstruktur\u201c - \"iFamNews\".","isPartOf":{"@id":"https:\/\/ifamnews.com\/en\/#website"},"primaryImageOfPage":{"@id":"https:\/\/ifamnews.com\/de\/italiens-ex-wirtschaftsminister-die-familie-als-wesentlicher-bestandteil-der-sozialstruktur#primaryimage"},"image":{"@id":"https:\/\/ifamnews.com\/de\/italiens-ex-wirtschaftsminister-die-familie-als-wesentlicher-bestandteil-der-sozialstruktur#primaryimage"},"thumbnailUrl":"https:\/\/ifamnews.com\/wp-content\/uploads\/2022\/03\/Giulio-Tremonti.jpg","datePublished":"2022-03-11T07:00:00+00:00","description":"\"iFamNews\" interviewt den ehemaligen Wirtschaftsminister. Kein Zweifel: Wir brauchen jetzt ein wirklich familienfreundliches Steuersystem","breadcrumb":{"@id":"https:\/\/ifamnews.com\/de\/italiens-ex-wirtschaftsminister-die-familie-als-wesentlicher-bestandteil-der-sozialstruktur#breadcrumb"},"inLanguage":"de","potentialAction":[{"@type":"ReadAction","target":["https:\/\/ifamnews.com\/de\/italiens-ex-wirtschaftsminister-die-familie-als-wesentlicher-bestandteil-der-sozialstruktur"]}]},{"@type":"ImageObject","inLanguage":"de","@id":"https:\/\/ifamnews.com\/de\/italiens-ex-wirtschaftsminister-die-familie-als-wesentlicher-bestandteil-der-sozialstruktur#primaryimage","url":"https:\/\/ifamnews.com\/wp-content\/uploads\/2022\/03\/Giulio-Tremonti.jpg","contentUrl":"https:\/\/ifamnews.com\/wp-content\/uploads\/2022\/03\/Giulio-Tremonti.jpg","width":1200,"height":675,"caption":"Giulio Tremonti"},{"@type":"BreadcrumbList","@id":"https:\/\/ifamnews.com\/de\/italiens-ex-wirtschaftsminister-die-familie-als-wesentlicher-bestandteil-der-sozialstruktur#breadcrumb","itemListElement":[{"@type":"ListItem","position":1,"name":"Home","item":"https:\/\/ifamnews.com\/de"},{"@type":"ListItem","position":2,"name":"Famiglia","item":"https:\/\/ifamnews.com\/it\/categoria\/famiglia"},{"@type":"ListItem","position":3,"name":"Italiens Ex-Wirtschaftsminister: \u201eDie Familie als wesentlicher Bestandteil der Sozialstruktur\u201c"}]},{"@type":"WebSite","@id":"https:\/\/ifamnews.com\/en\/#website","url":"https:\/\/ifamnews.com\/en\/","name":"IFN","description":"International Family News Network","publisher":{"@id":"https:\/\/ifamnews.com\/en\/#organization"},"potentialAction":[{"@type":"SearchAction","target":{"@type":"EntryPoint","urlTemplate":"https:\/\/ifamnews.com\/en\/?s={search_term_string}"},"query-input":{"@type":"PropertyValueSpecification","valueRequired":true,"valueName":"search_term_string"}}],"inLanguage":"de"},{"@type":"Organization","@id":"https:\/\/ifamnews.com\/en\/#organization","name":"iFamNews","url":"https:\/\/ifamnews.com\/en\/","logo":{"@type":"ImageObject","inLanguage":"de","@id":"https:\/\/ifamnews.com\/en\/#\/schema\/logo\/image\/","url":"https:\/\/ifamnews.com\/wp-content\/uploads\/2020\/01\/Share-logo.png","contentUrl":"https:\/\/ifamnews.com\/wp-content\/uploads\/2020\/01\/Share-logo.png","width":200,"height":200,"caption":"iFamNews"},"image":{"@id":"https:\/\/ifamnews.com\/en\/#\/schema\/logo\/image\/"},"sameAs":["https:\/\/www.facebook.com\/iFamNews","https:\/\/x.com\/iFamNewsEN"]},{"@type":"Person","@id":"https:\/\/ifamnews.com\/en\/#\/schema\/person\/555378c4ec9e01d40ab9f2b5cee0c318","name":"Federico Cenci","image":{"@type":"ImageObject","inLanguage":"de","@id":"https:\/\/secure.gravatar.com\/avatar\/535f77b8447d05f39d4ca941654f7a7b7d712f3d72f0b4b185747785f5a8e745?s=96&d=mm&r=g","url":"https:\/\/secure.gravatar.com\/avatar\/535f77b8447d05f39d4ca941654f7a7b7d712f3d72f0b4b185747785f5a8e745?s=96&d=mm&r=g","contentUrl":"https:\/\/secure.gravatar.com\/avatar\/535f77b8447d05f39d4ca941654f7a7b7d712f3d72f0b4b185747785f5a8e745?s=96&d=mm&r=g","caption":"Federico Cenci"},"description":"Federico Cenci worked from 2013 to 2017 at the Catholic Zenit press agency dealing with social and religious issues, bioethics, family policies, as well as domestic and international politics. He then continued his business with In Terris, and currently with various newspapers and periodicals. In 2020 he wrote the novel \"East Berlin 2.0 - Notes between dystopia and reality\"","sameAs":["https:\/\/x.com\/https:\/\/twitter.com\/fedecenci"],"url":"https:\/\/ifamnews.com\/de\/author\/fcenci"}]}},"amp_enabled":true,"_links":{"self":[{"href":"https:\/\/ifamnews.com\/de\/wp-json\/wp\/v2\/posts\/129486","targetHints":{"allow":["GET"]}}],"collection":[{"href":"https:\/\/ifamnews.com\/de\/wp-json\/wp\/v2\/posts"}],"about":[{"href":"https:\/\/ifamnews.com\/de\/wp-json\/wp\/v2\/types\/post"}],"author":[{"embeddable":true,"href":"https:\/\/ifamnews.com\/de\/wp-json\/wp\/v2\/users\/15"}],"replies":[{"embeddable":true,"href":"https:\/\/ifamnews.com\/de\/wp-json\/wp\/v2\/comments?post=129486"}],"version-history":[{"count":4,"href":"https:\/\/ifamnews.com\/de\/wp-json\/wp\/v2\/posts\/129486\/revisions"}],"predecessor-version":[{"id":129522,"href":"https:\/\/ifamnews.com\/de\/wp-json\/wp\/v2\/posts\/129486\/revisions\/129522"}],"wp:featuredmedia":[{"embeddable":true,"href":"https:\/\/ifamnews.com\/de\/wp-json\/wp\/v2\/media\/128227"}],"wp:attachment":[{"href":"https:\/\/ifamnews.com\/de\/wp-json\/wp\/v2\/media?parent=129486"}],"wp:term":[{"taxonomy":"category","embeddable":true,"href":"https:\/\/ifamnews.com\/de\/wp-json\/wp\/v2\/categories?post=129486"},{"taxonomy":"post_tag","embeddable":true,"href":"https:\/\/ifamnews.com\/de\/wp-json\/wp\/v2\/tags?post=129486"}],"curies":[{"name":"wp","href":"https:\/\/api.w.org\/{rel}","templated":true}]}}