{"id":128669,"date":"2022-03-03T12:22:38","date_gmt":"2022-03-03T17:22:38","guid":{"rendered":"https:\/\/ifamnews.com\/?p=128669"},"modified":"2022-03-03T12:22:40","modified_gmt":"2022-03-03T17:22:40","slug":"p-dophilen-razzia-facebook-manager-auf-frischer-tat-ertappt-polizei-und-bigtech-vertuschen","status":"publish","type":"post","link":"https:\/\/ifamnews.com\/de\/p-dophilen-razzia-facebook-manager-auf-frischer-tat-ertappt-polizei-und-bigtech-vertuschen","title":{"rendered":"P\u00e4dophilen-Razzia: Facebook-Manager auf frischer Tat ertappt, Polizei und BigTech vertuschen"},"content":{"rendered":"\n<p>Facebooks <em>Meta <\/em>ist in Schwierigkeiten. Einer der leitenden Angestellten des Unternehmens soll dem 13-j\u00e4hrigen &#8222;Corey&#8220; <em>Avancen<\/em> gemacht haben. Jeren Miles (35), Leiter des <em>Rechenzentrumsmanagements<\/em> von Mark Zuckerbergs multinationalem Unternehmen, wird beschuldigt, obsz\u00f6ne Nachrichten an einen Jungen geschickt zu haben, mit dem er sich dann in einem <em>Hotelzimmer<\/em> in Columbus (Ohio) verabredete. &#8222;Corey&#8220; existiert nicht wirklich: Es ist nur der fiktive Name eines <em>Kontos<\/em>, das von einer kleinen Organisation p\u00e4dophiler Stalker, den<a href=\"https:\/\/www.facebook.com\/PredatorCatchersIndianapolis\/\" target=\"_blank\" rel=\"noreferrer noopener\">&#8222;Predator Catchers Indianapolis<\/a>&#8222;, betrieben wird.<\/p>\n\n\n\n<p>Die Geschichte wurde von der britischen Zeitung <em><a href=\"https:\/\/www.dailymail.co.uk\/news\/article-10535191\/Facebook-exec-caught-pedophile-sting-allegedly-grooming-boy-13.html\" target=\"_blank\" rel=\"noreferrer noopener\">Daily Mail<\/a><\/em> rekonstruiert. Ein Mann und eine Frau von der <em>Task Force <\/em>tauchten im Hotel auf und \u00fcberzeugten Miles, sich zu stellen, w\u00e4hrend sie ihr Gespr\u00e4ch auf Facebook <em>\u00fcbertrugen<\/em>. Die F\u00fchrungskraft wurde umgehend von Meta entlassen, die daraufhin eine Untersuchung einleitete. Der Mann wurde jedoch weder verhaftet, noch wird er derzeit eines Verbrechens angeklagt. Miles gab zu, seine anz\u00fcglichen Nachrichten verschickt zu haben, bestritt aber, dass er die Absicht hatte, an Minderj\u00e4hrigen sexuelle Handlungen vorzunehmen.<\/p>\n\n\n\n<p>Miles begann Berichten zufolge am 22. November mit einer privaten Nachricht an &#8222;Corey&#8220; mit einem einfachen &#8222;Hey, kennen wir uns?&#8220; Obwohl der Nutzer ein Alter von nur dreizehn Jahren angab, machte der Meta-Manager eine Reihe von Anspielungen auf den Gespr\u00e4chspartner und sagte sogar, dass er &#8222;versuchen wolle, sich \u00c4rger einzuhandeln&#8220;, n\u00e4mlich den, &#8222;mit einer Minderj\u00e4hrigen gesprochen zu haben&#8220;. Nachdem er Vertrauen gefasst hatte, \u00e4u\u00dferte Miles den Wunsch, den Jungen mit &#8222;s\u00fc\u00dfen Streicheleinheiten&#8220; zu \u00fcberh\u00e4ufen, und lie\u00df sich sogar zu anderen expliziten und beunruhigenden Formulierungen hinrei\u00dfen, wie z. B.: &#8222;Ich werde vor dir keine Bremse haben, wenn ich es tue. Ich bin geil.&#8220;<\/p>\n\n\n\n<h3 class=\"wp-block-heading\" id=\"h-von-den-sternen-zu-den-st-llen\"><strong>Von den Sternen zu den St\u00e4llen<\/strong><\/h3>\n\n\n\n<p>Nachdem Miles im Columbushotel enttarnt worden war, nahmen ihn Eric Schmutte und Shanda Nolley, die beiden &#8222;Predator Catchers Indianapolis&#8220;-Agenten, unter die Lupe: &#8222;Du hast also kein Problem damit, online \u00fcber Sex zu reden, solange du die Kinder nicht triffst?&#8220; fragte Nolley ihn. &#8222;Das ist das einzige Mal, dass ich das getan habe&#8220;, antwortete der Meta-Manager.<\/p>\n\n\n\n<p>Obwohl Schmutte und Nolley die obsz\u00f6nen Nachrichten der Polizei in Columbus und in Palm Springs, Kalifornien, wo Miles wohnt, \u00fcbergaben, erhielten sie keine Antwort von den Strafverfolgungsbeh\u00f6rden. Der Polizeisprecher von Palm Springs, Mike Casavan, sagte: &#8222;Uns ist niemand mit diesem Namen gemeldet worden.&#8220; Nolley teilte jedoch einen <em>Screenshot<\/em> einer E-Mail, die am 17. Februar um 21 Uhr an die Polizei geschickt wurde. <em>Die Daily Mail<\/em> bat das Columbus Police Department um eine Stellungnahme, erhielt jedoch keine Antwort.<\/p>\n\n\n\n<p>Inzwischen distanziert sich der Kreis der Freunde, Nachbarn und Gesch\u00e4ftspartner von Jeren Miles. Ein Mann, der die T\u00fcr zu einer Immobilie \u00f6ffnete, die der Facebook-Manager 2019 gekauft hatte, sagte, er kenne Miles nicht und lehnte einen weiteren Kommentar ab.<\/p>\n\n\n\n<p>Nachbarn berichten, dass Miles auf dem Grundst\u00fcck wohnt und es an Wochenenden an Touristen vermietet. Ein Sprecher von Meta erkl\u00e4rt: &#8222;Die Schwere dieser Vorw\u00fcrfe ist nicht \u00fcbertrieben.&#8220; Er best\u00e4tigte dann, dass Miles nicht mehr f\u00fcr Zuckerbergs Unternehmen arbeitet und dass es laufende Ermittlungen gibt, weigerte sich jedoch, weitere Details zu nennen.<\/p>\n\n\n\n<h3 class=\"wp-block-heading\"><strong>Verd\u00e4chtige Pl\u00fcnderungen<\/strong><\/h3>\n\n\n\n<p>In einem Interview mit der <em>Daily Mail<\/em> zog Shanda Nolley eine Bilanz der zweij\u00e4hrigen Arbeit ihrer <em>Task Force<\/em>. Viele der von ihnen enttarnten M\u00e4nner sind &#8222;Wiederholungst\u00e4ter&#8220;, sagt er. Zu den Personen, die bei den verschiedenen &#8222;Predator Catchers Indianapolis&#8220; <em>-Razzien<\/em> in Handschellen landeten, geh\u00f6rt Brian J. Boyer, 40, ein Highschool-Lehrer aus Indiana. Der Mann wurde wegen Aufforderung zur Kontaktaufnahme mit Minderj\u00e4hrigen verurteilt, nachdem er sexuell eindeutige Nachrichten an eine angeblich 14-j\u00e4hrige Mitsch\u00fclerin geschickt hatte. Boyer lie\u00df sich sp\u00e4ter auf einen Deal ein, der 18 Monate Gef\u00e4ngnis und zweieinhalb Jahre Bew\u00e4hrung vorsah.<\/p>\n\n\n\n<p>&#8222;Predator Catchers Indianapolis&#8220; ist Teil von Predator Catchers Incorporated&#8220;, einer als gemeinn\u00fctzig anerkannten Organisation, die sich ausschlie\u00dflich durch Spenden finanziert. Die Mitarbeiter sind ehrenamtlich t\u00e4tig, und Noelly selbst arbeitet als Finanzmanagerin in einem Bauunternehmen.<\/p>\n\n\n\n<p>Bei der Aktion, mit der Miles entlarvt wurde, ging nicht alles glatt: Facebook l\u00f6schte das Konto von &#8222;Corey&#8220;, das wichtige Informationen \u00fcber andere Sexualstraft\u00e4ter und P\u00e4dophile enthielt. Als ob das nicht genug w\u00e4re, hat der <a href=\"https:\/\/www.youtube.com\/channel\/UCmUTnV4KGVI5yPqTNS51XgQ\/videos\" target=\"_blank\" rel=\"noreferrer noopener\">YouTube-Kanal<\/a> &#8222;Predator Catchers PA&#8220; bereits zwei Verwarnungen wegen Verst\u00f6\u00dfen gegen die Nutzungsbedingungen erhalten. &#8222;Wenn wir noch eine Warnung bekommen, werden sie unseren Kanal abschalten&#8220;, beklagt Noelly. &#8222;Es ist schwierig f\u00fcr uns, Plattformen zu finden, auf denen wir diese Informationen weitergeben k\u00f6nnen. Wir versuchen, die Gemeinschaften aufzukl\u00e4ren und das Bewusstsein f\u00fcr dieses Thema zu sch\u00e4rfen.<\/p>\n\n\n\n<p>Gutes und Unentgeltliches zu tun, l\u00f6st nicht immer Dankbarkeit aus. In manchen F\u00e4llen werden Sie sogar nur verpr\u00fcgelt. Wenn jedoch zwei Giganten der Weltwirtschaft wie Facebook <a href=\"https:\/\/ifamnews.com\/de\/das-facebook-doppelgesicht-corona-kritische-nachrichten-werden-zensiert-kinderpornographie-nicht\" target=\"_blank\" rel=\"noreferrer noopener\">(dem undurchsichtige Gesch\u00e4fte nicht fremd sind<\/a>) und YouTube in die Quere kommen, gibt es Anlass zur Sorge. Sehr beunruhigt.<\/p>\n","protected":false},"excerpt":{"rendered":"<p>Ein kleines Einsatzteam von Freiwilligen hat Jeren Miles auf frischer Tat ertappt. Dennoch hat die Polizei den leitenden Facebook-Mitarbeiter weder verhaftet noch wegen eines Verbrechens angeklagt, w\u00e4hrend YouTube und Facebook sich einmischen.<\/p>\n","protected":false},"author":545,"featured_media":127813,"comment_status":"open","ping_status":"open","sticky":false,"template":"","format":"standard","meta":{"give_campaign_id":0,"om_disable_all_campaigns":false,"_monsterinsights_skip_tracking":false,"_monsterinsights_sitenote_active":false,"_monsterinsights_sitenote_note":"","_monsterinsights_sitenote_category":0,"mc4wp_mailchimp_campaign":[],"jnews-multi-image_gallery":[],"jnews_single_post":{"subtitle":"Ein kleines Einsatzteam von Freiwilligen hat Jeren Miles auf frischer Tat ertappt. Dennoch hat die Polizei den leitenden Facebook-Mitarbeiter weder verhaftet noch wegen eines Verbrechens angeklagt, w\u00e4hrend YouTube und Facebook sich einmischen.","format":"standard","video":"","gallery":"","source_name":"","source_url":"","via_name":"","via_url":"","override":[{"template":"1","single_blog_custom":"","parallax":"1","fullscreen":"1","layout":"right-sidebar","sidebar":"default-sidebar","second_sidebar":"default-sidebar","sticky_sidebar":"1","share_position":"top","share_float_style":"share-monocrhome","show_share_counter":"1","show_view_counter":"1","show_featured":"1","show_post_meta":"1","show_post_author":"1","show_post_author_image":"1","show_post_date":"1","post_date_format":"default","post_date_format_custom":"Y\/m\/d","show_post_category":"1","post_reading_time_wpm":"300","zoom_button_out_step":"2","zoom_button_in_step":"3","show_post_tag":"1","show_prev_next_post":"1","show_popup_post":"1","number_popup_post":"1"}],"image_override":[{"single_post_thumbnail_size":"crop-500","single_post_gallery_size":"crop-500"}],"trending_post_position":"meta","trending_post_label":"Trending","sponsored_post_label":"Sponsored by","sponsored_post_name":"","sponsored_post_url":"","sponsored_post_logo":"","sponsored_post_desc":""},"jnews_primary_category":{"id":"769"},"jnews_social_meta":{"fb_title":"","fb_description":"","fb_image":"","twitter_title":"","twitter_description":"","twitter_image":""},"jnews_override_counter":{"view_counter_number":"0","share_counter_number":"0","like_counter_number":"0","dislike_counter_number":"0"},"footnotes":""},"categories":[816,769],"tags":[17209,14973,17207,17206,17210,17211,5384],"class_list":["post-128669","post","type-post","status-publish","format-standard","has-post-thumbnail","hentry","category-breaking-news-de","category-unterhaltung","tag-corey-de","tag-facebook-de","tag-jeren-miles-de","tag-mark-zuckerberg-de","tag-meta-de","tag-mike-casavan-de","tag-paedophilie"],"yoast_head":"<!-- This site is optimized with the Yoast SEO Premium plugin v25.9 (Yoast SEO v27.3) - https:\/\/yoast.com\/product\/yoast-seo-premium-wordpress\/ -->\n<title>P\u00e4dophilen-Razzia: Facebook-Manager auf frischer Tat ertappt, Polizei und BigTech vertuschen - &quot;iFamNews&quot;<\/title>\n<meta name=\"description\" content=\"Eine Arbeitsgruppe von Freiwilligen hat den Facebook-Manager Jeren Miles enttarnt. Zuckerbergs Unternehmen feuerte ihn, aber er revanchierte sich mit...\" \/>\n<meta name=\"robots\" content=\"index, follow, max-snippet:-1, max-image-preview:large, max-video-preview:-1\" \/>\n<link rel=\"canonical\" href=\"https:\/\/ifamnews.com\/de\/p-dophilen-razzia-facebook-manager-auf-frischer-tat-ertappt-polizei-und-bigtech-vertuschen\" \/>\n<meta property=\"og:locale\" content=\"de_DE\" \/>\n<meta property=\"og:type\" content=\"article\" \/>\n<meta property=\"og:title\" content=\"P\u00e4dophilen-Razzia: Facebook-Manager auf frischer Tat ertappt, Polizei und BigTech vertuschen\" \/>\n<meta property=\"og:description\" content=\"Eine Arbeitsgruppe von Freiwilligen hat den Facebook-Manager Jeren Miles enttarnt. Zuckerbergs Unternehmen feuerte ihn, aber er revanchierte sich mit...\" \/>\n<meta property=\"og:url\" content=\"https:\/\/ifamnews.com\/de\/p-dophilen-razzia-facebook-manager-auf-frischer-tat-ertappt-polizei-und-bigtech-vertuschen\" \/>\n<meta property=\"og:site_name\" content=\"IFN\" \/>\n<meta property=\"article:publisher\" content=\"https:\/\/www.facebook.com\/iFamNews\" \/>\n<meta property=\"article:published_time\" content=\"2022-03-03T17:22:38+00:00\" \/>\n<meta property=\"article:modified_time\" content=\"2022-03-03T17:22:40+00:00\" \/>\n<meta property=\"og:image\" content=\"https:\/\/ifamnews.com\/wp-content\/uploads\/2022\/02\/i1645204937988060-1.jpg\" \/>\n\t<meta property=\"og:image:width\" content=\"1200\" \/>\n\t<meta property=\"og:image:height\" content=\"675\" \/>\n\t<meta property=\"og:image:type\" content=\"image\/jpeg\" \/>\n<meta name=\"author\" content=\"Luca Marcolivio\" \/>\n<meta name=\"twitter:card\" content=\"summary_large_image\" \/>\n<meta name=\"twitter:creator\" content=\"@https:\/\/twitter.com\/luketto2\" \/>\n<meta name=\"twitter:site\" content=\"@iFamNewsEN\" \/>\n<meta name=\"twitter:label1\" content=\"Verfasst von\" \/>\n\t<meta name=\"twitter:data1\" content=\"Luca Marcolivio\" \/>\n\t<meta name=\"twitter:label2\" content=\"Gesch\u00e4tzte Lesezeit\" \/>\n\t<meta name=\"twitter:data2\" content=\"4\u00a0Minuten\" \/>\n<!-- \/ Yoast SEO Premium plugin. -->","yoast_head_json":{"title":"P\u00e4dophilen-Razzia: Facebook-Manager auf frischer Tat ertappt, Polizei und BigTech vertuschen - \"iFamNews\"","description":"Eine Arbeitsgruppe von Freiwilligen hat den Facebook-Manager Jeren Miles enttarnt. Zuckerbergs Unternehmen feuerte ihn, aber er revanchierte sich mit...","robots":{"index":"index","follow":"follow","max-snippet":"max-snippet:-1","max-image-preview":"max-image-preview:large","max-video-preview":"max-video-preview:-1"},"canonical":"https:\/\/ifamnews.com\/de\/p-dophilen-razzia-facebook-manager-auf-frischer-tat-ertappt-polizei-und-bigtech-vertuschen","og_locale":"de_DE","og_type":"article","og_title":"P\u00e4dophilen-Razzia: Facebook-Manager auf frischer Tat ertappt, Polizei und BigTech vertuschen","og_description":"Eine Arbeitsgruppe von Freiwilligen hat den Facebook-Manager Jeren Miles enttarnt. Zuckerbergs Unternehmen feuerte ihn, aber er revanchierte sich mit...","og_url":"https:\/\/ifamnews.com\/de\/p-dophilen-razzia-facebook-manager-auf-frischer-tat-ertappt-polizei-und-bigtech-vertuschen","og_site_name":"IFN","article_publisher":"https:\/\/www.facebook.com\/iFamNews","article_published_time":"2022-03-03T17:22:38+00:00","article_modified_time":"2022-03-03T17:22:40+00:00","og_image":[{"width":1200,"height":675,"url":"https:\/\/ifamnews.com\/wp-content\/uploads\/2022\/02\/i1645204937988060-1.jpg","type":"image\/jpeg"}],"author":"Luca Marcolivio","twitter_card":"summary_large_image","twitter_creator":"@https:\/\/twitter.com\/luketto2","twitter_site":"@iFamNewsEN","twitter_misc":{"Verfasst von":"Luca Marcolivio","Gesch\u00e4tzte Lesezeit":"4\u00a0Minuten"},"schema":{"@context":"https:\/\/schema.org","@graph":[{"@type":"NewsArticle","@id":"https:\/\/ifamnews.com\/de\/p-dophilen-razzia-facebook-manager-auf-frischer-tat-ertappt-polizei-und-bigtech-vertuschen#article","isPartOf":{"@id":"https:\/\/ifamnews.com\/de\/p-dophilen-razzia-facebook-manager-auf-frischer-tat-ertappt-polizei-und-bigtech-vertuschen"},"author":{"name":"Luca Marcolivio","@id":"https:\/\/ifamnews.com\/en\/#\/schema\/person\/ce4f7fd8e66bf7ecb51fc4e1d97dbcfd"},"headline":"P\u00e4dophilen-Razzia: Facebook-Manager auf frischer Tat ertappt, Polizei und BigTech vertuschen","datePublished":"2022-03-03T17:22:38+00:00","dateModified":"2022-03-03T17:22:40+00:00","mainEntityOfPage":{"@id":"https:\/\/ifamnews.com\/de\/p-dophilen-razzia-facebook-manager-auf-frischer-tat-ertappt-polizei-und-bigtech-vertuschen"},"wordCount":807,"commentCount":0,"publisher":{"@id":"https:\/\/ifamnews.com\/en\/#organization"},"image":{"@id":"https:\/\/ifamnews.com\/de\/p-dophilen-razzia-facebook-manager-auf-frischer-tat-ertappt-polizei-und-bigtech-vertuschen#primaryimage"},"thumbnailUrl":"https:\/\/ifamnews.com\/wp-content\/uploads\/2022\/02\/i1645204937988060-1.jpg","keywords":["Corey","Facebook","Jeren Miles","Mark Zuckerberg","Meta","Mike Casavan","P\u00e4dophilie"],"articleSection":["Breaking News","Unterhaltung"],"inLanguage":"de","potentialAction":[{"@type":"CommentAction","name":"Comment","target":["https:\/\/ifamnews.com\/de\/p-dophilen-razzia-facebook-manager-auf-frischer-tat-ertappt-polizei-und-bigtech-vertuschen#respond"]}]},{"@type":"WebPage","@id":"https:\/\/ifamnews.com\/de\/p-dophilen-razzia-facebook-manager-auf-frischer-tat-ertappt-polizei-und-bigtech-vertuschen","url":"https:\/\/ifamnews.com\/de\/p-dophilen-razzia-facebook-manager-auf-frischer-tat-ertappt-polizei-und-bigtech-vertuschen","name":"P\u00e4dophilen-Razzia: Facebook-Manager auf frischer Tat ertappt, Polizei und BigTech vertuschen - \"iFamNews\"","isPartOf":{"@id":"https:\/\/ifamnews.com\/en\/#website"},"primaryImageOfPage":{"@id":"https:\/\/ifamnews.com\/de\/p-dophilen-razzia-facebook-manager-auf-frischer-tat-ertappt-polizei-und-bigtech-vertuschen#primaryimage"},"image":{"@id":"https:\/\/ifamnews.com\/de\/p-dophilen-razzia-facebook-manager-auf-frischer-tat-ertappt-polizei-und-bigtech-vertuschen#primaryimage"},"thumbnailUrl":"https:\/\/ifamnews.com\/wp-content\/uploads\/2022\/02\/i1645204937988060-1.jpg","datePublished":"2022-03-03T17:22:38+00:00","dateModified":"2022-03-03T17:22:40+00:00","description":"Eine Arbeitsgruppe von Freiwilligen hat den Facebook-Manager Jeren Miles enttarnt. Zuckerbergs Unternehmen feuerte ihn, aber er revanchierte sich mit...","breadcrumb":{"@id":"https:\/\/ifamnews.com\/de\/p-dophilen-razzia-facebook-manager-auf-frischer-tat-ertappt-polizei-und-bigtech-vertuschen#breadcrumb"},"inLanguage":"de","potentialAction":[{"@type":"ReadAction","target":["https:\/\/ifamnews.com\/de\/p-dophilen-razzia-facebook-manager-auf-frischer-tat-ertappt-polizei-und-bigtech-vertuschen"]}]},{"@type":"ImageObject","inLanguage":"de","@id":"https:\/\/ifamnews.com\/de\/p-dophilen-razzia-facebook-manager-auf-frischer-tat-ertappt-polizei-und-bigtech-vertuschen#primaryimage","url":"https:\/\/ifamnews.com\/wp-content\/uploads\/2022\/02\/i1645204937988060-1.jpg","contentUrl":"https:\/\/ifamnews.com\/wp-content\/uploads\/2022\/02\/i1645204937988060-1.jpg","width":1200,"height":675},{"@type":"BreadcrumbList","@id":"https:\/\/ifamnews.com\/de\/p-dophilen-razzia-facebook-manager-auf-frischer-tat-ertappt-polizei-und-bigtech-vertuschen#breadcrumb","itemListElement":[{"@type":"ListItem","position":1,"name":"Home","item":"https:\/\/ifamnews.com\/de"},{"@type":"ListItem","position":2,"name":"Famiglia","item":"https:\/\/ifamnews.com\/it\/categoria\/famiglia"},{"@type":"ListItem","position":3,"name":"P\u00e4dophilen-Razzia: Facebook-Manager auf frischer Tat ertappt, Polizei und BigTech vertuschen"}]},{"@type":"WebSite","@id":"https:\/\/ifamnews.com\/en\/#website","url":"https:\/\/ifamnews.com\/en\/","name":"IFN","description":"International Family News Network","publisher":{"@id":"https:\/\/ifamnews.com\/en\/#organization"},"potentialAction":[{"@type":"SearchAction","target":{"@type":"EntryPoint","urlTemplate":"https:\/\/ifamnews.com\/en\/?s={search_term_string}"},"query-input":{"@type":"PropertyValueSpecification","valueRequired":true,"valueName":"search_term_string"}}],"inLanguage":"de"},{"@type":"Organization","@id":"https:\/\/ifamnews.com\/en\/#organization","name":"iFamNews","url":"https:\/\/ifamnews.com\/en\/","logo":{"@type":"ImageObject","inLanguage":"de","@id":"https:\/\/ifamnews.com\/en\/#\/schema\/logo\/image\/","url":"https:\/\/ifamnews.com\/wp-content\/uploads\/2020\/01\/Share-logo.png","contentUrl":"https:\/\/ifamnews.com\/wp-content\/uploads\/2020\/01\/Share-logo.png","width":200,"height":200,"caption":"iFamNews"},"image":{"@id":"https:\/\/ifamnews.com\/en\/#\/schema\/logo\/image\/"},"sameAs":["https:\/\/www.facebook.com\/iFamNews","https:\/\/x.com\/iFamNewsEN"]},{"@type":"Person","@id":"https:\/\/ifamnews.com\/en\/#\/schema\/person\/ce4f7fd8e66bf7ecb51fc4e1d97dbcfd","name":"Luca Marcolivio","image":{"@type":"ImageObject","inLanguage":"de","@id":"https:\/\/secure.gravatar.com\/avatar\/4aa297a11beb7510b2301ae9c8bbe9e7eb035156e7c8f0d92c718bc695d102d7?s=96&d=mm&r=g","url":"https:\/\/secure.gravatar.com\/avatar\/4aa297a11beb7510b2301ae9c8bbe9e7eb035156e7c8f0d92c718bc695d102d7?s=96&d=mm&r=g","contentUrl":"https:\/\/secure.gravatar.com\/avatar\/4aa297a11beb7510b2301ae9c8bbe9e7eb035156e7c8f0d92c718bc695d102d7?s=96&d=mm&r=g","caption":"Luca Marcolivio"},"description":"A professional journalist, Luca Marcolivio has been accredited to the Holy See Press Office since 2011. Director of the webmagazine of religious information Cristiani Today, e collaborates with La nuova Bussola Quotidiana, Pro Vita &amp; Famiglia and the blog of the Centro Machiavelli. From 2011 to 2017 he was Editor-in-Chief of the Italian edition of Zenit. He is the author of Contro Garibaldi. Quello che a scuola non vi hanno raccontato and the editor of La societ\u00e0 dell\u2019allegria. Don Bosco raccontato dai salesiani del XXI Secolo","sameAs":["https:\/\/x.com\/https:\/\/twitter.com\/luketto2"],"url":"https:\/\/ifamnews.com\/de\/author\/luca-marcolivio"}]}},"amp_enabled":true,"_links":{"self":[{"href":"https:\/\/ifamnews.com\/de\/wp-json\/wp\/v2\/posts\/128669","targetHints":{"allow":["GET"]}}],"collection":[{"href":"https:\/\/ifamnews.com\/de\/wp-json\/wp\/v2\/posts"}],"about":[{"href":"https:\/\/ifamnews.com\/de\/wp-json\/wp\/v2\/types\/post"}],"author":[{"embeddable":true,"href":"https:\/\/ifamnews.com\/de\/wp-json\/wp\/v2\/users\/545"}],"replies":[{"embeddable":true,"href":"https:\/\/ifamnews.com\/de\/wp-json\/wp\/v2\/comments?post=128669"}],"version-history":[{"count":2,"href":"https:\/\/ifamnews.com\/de\/wp-json\/wp\/v2\/posts\/128669\/revisions"}],"predecessor-version":[{"id":128674,"href":"https:\/\/ifamnews.com\/de\/wp-json\/wp\/v2\/posts\/128669\/revisions\/128674"}],"wp:featuredmedia":[{"embeddable":true,"href":"https:\/\/ifamnews.com\/de\/wp-json\/wp\/v2\/media\/127813"}],"wp:attachment":[{"href":"https:\/\/ifamnews.com\/de\/wp-json\/wp\/v2\/media?parent=128669"}],"wp:term":[{"taxonomy":"category","embeddable":true,"href":"https:\/\/ifamnews.com\/de\/wp-json\/wp\/v2\/categories?post=128669"},{"taxonomy":"post_tag","embeddable":true,"href":"https:\/\/ifamnews.com\/de\/wp-json\/wp\/v2\/tags?post=128669"}],"curies":[{"name":"wp","href":"https:\/\/api.w.org\/{rel}","templated":true}]}}