{"id":126787,"date":"2022-03-09T01:40:00","date_gmt":"2022-03-09T06:40:00","guid":{"rendered":"https:\/\/ifamnews.com\/?p=126787"},"modified":"2022-03-08T04:42:38","modified_gmt":"2022-03-08T09:42:38","slug":"-politischer-messianismus-die-hintergr-nde-der-christenverfolgung-in-nicaragua","status":"publish","type":"post","link":"https:\/\/ifamnews.com\/de\/-politischer-messianismus-die-hintergr-nde-der-christenverfolgung-in-nicaragua","title":{"rendered":"\u201ePolitischer Messianismus\u201c: Die Hintergr\u00fcnde der Christenverfolgung in Nicaragua"},"content":{"rendered":"\n<p>In Nicaragua findet ein &#8222;Angriff auf die Religionsfreiheit&#8220; statt, der vom &#8222;politischen Messianismus&#8220; diktiert wird. Die Anprangerung stammt von Christopher Ljungquist, Berater f\u00fcr Lateinamerika im B\u00fcro f\u00fcr internationale Gerechtigkeit und Frieden der <a href=\"https:\/\/www.usccb.org\/\" target=\"_blank\" rel=\"noreferrer noopener\">Katholischen Bischofskonferenz der Vereinigten Staaten<\/a>. Der amerikanische Quisdian gibt Nachrichten dar\u00fcber <a href=\"https:\/\/www.christianpost.com\/news\/whats-behind-christian-persecution-in-nicaragua.html\" target=\"_blank\" rel=\"noreferrer noopener\">\n  <em>Die christliche Post<\/em>\n<\/a>.<\/p>\n\n\n\n<h3 class=\"wp-block-heading\" id=\"h-le-proteste-del-2018\"><strong>Die Proteste von 2018<\/strong><\/h3>\n\n\n\n<p>Das Wiederaufleben der Verfolgung begann in Nicaragua nach den Protesten gegen die Reformen des \u00f6ffentlichen Rentensystems im April 2018. Die Demonstrationen fanden statt, nachdem sich die wirtschaftlichen Bedingungen im Land seit etwa einem Jahrzehnt verschlechtert hatten. Die Demonstranten, zumeist Studenten, forderten demokratische Reformen und den R\u00fccktritt von Pr\u00e4sident Daniel Ortega und seiner Frau, Vizepr\u00e4sidentin Rosario Murillo, da sie eine von Vetternwirtschaft und Repression gepr\u00e4gte Willk\u00fcrherrschaft etablieren w\u00fcrden. Infolge der Proteste gab es Hunderte von Opfern.<\/p>\n\n\n\n<h3 class=\"wp-block-heading\" id=\"h-messianismo-politico\"><strong>Politischer Messianismus<\/strong><\/h3>\n\n\n\n<p>Im Jahr 2021 w\u00e4re der Hintergrund f\u00fcr die Verletzungen der Religionsfreiheit jedoch nicht die Proteste gewesen, sondern die Zeit vor den allgemeinen Wahlen im November, die Ortega f\u00fcr eine vierte Amtszeit in Folge gewann. Ljungquist stellt fest, dass sich die Regierung heute als &#8222;Retter des Vaterlandes, als nationaler Befreier&#8220; sieht.<\/p>\n\n\n\n<h3 class=\"wp-block-heading\" id=\"h-l-accusa-alla-chiesa-cattolica\"><strong>Die Anschuldigung gegen die katholische Kirche<\/strong><\/h3>\n\n\n\n<p>In den ersten Tagen der Proteste 2018 bat Ortega die katholische Kirche, als Vermittler zu fungieren. Doch seine Regierung begann auch, mit brutaler Gewalt gegen die Demonstranten und sp\u00e4ter gegen die Geistlichen vorzugehen, denen vorgeworfen wurde, die Demonstranten zu unterst\u00fctzen und zu verstecken.  <\/p>\n\n\n\n<h3 class=\"wp-block-heading\" id=\"h-simbologia-cristiana-e-new-age\"><strong>Christliche Symbolik und New Age<\/strong><\/h3>\n\n\n\n<p>Ortegas Reden, so Ljungquist, &#8222;sind eine theatralische und extravagante Form der politischen Predigt&#8220;, in der &#8222;christliche Symbolik und ein Okkultismus mit New-Age-Einschlag&#8220; kombiniert werden. Wie die meisten totalit\u00e4ren Ideologien ist auch der Sandinismus hegemonial&#8220;, f\u00fcgt er hinzu. Und Ortega &#8222;versucht, die gesamte nicaraguanische Gesellschaft, insbesondere die Religion, unter die ideologische Kontrolle seiner eigenen Bewegung zu bringen.&#8220; In diesem Zusammenhang ist ein Konflikt &#8222;unvermeidlich&#8220;, wenn eine Institution wie die katholische Kirche die Regierung zur Rechenschaft zieht, weil &#8222;politische Messiasse nicht gerne in Frage gestellt werden&#8220;. Laut Ljungquist ist der offensichtliche Grund f\u00fcr die antichristliche Verfolgung, &#8222;durch Einsch\u00fcchterung zum Schweigen gebracht zu werden&#8220;.<\/p>\n\n\n\n<h3 class=\"wp-block-heading\" id=\"h-gli-attacchi\"><strong>Angriffe<\/strong><\/h3>\n\n\n\n<p>Ljungquist sagt, dass 2020 eine Kathedrale angegriffen wurde, was Managuas Erzbischof, Kardinal Leopoldo Jos\u00e9 Brenes Sol\u00f3rzano, einen &#8222;terroristischen Angriff&#8220; nannte. &#8222;Ein 400 Jahre altes Kruzifix, das aus Spanien mitgebracht wurde, wurde schwer besch\u00e4digt&#8220;; und w\u00e4hrend sich die physischen Angriffe haupts\u00e4chlich auf die Jahre 2018 bis 2020 konzentrierten, gibt es weiterhin &#8222;verschl\u00fcsselte verbale Angriffe&#8220;.<\/p>\n\n\n\n<p>Im Oktober <a href=\"https:\/\/abcnews.go.com\/International\/wireStory\/nicaraguas-president-ortega-calls-bishops-terrorists-80407858\" target=\"_blank\" rel=\"noreferrer noopener\">bezeichnete Ortega ha del retso die katholischen Bisch\u00f6fe als &#8222;Terroristen<\/a>&#8220; und behauptete im klassischsten Stil des Totalitarismus, die Proteste 2018 seien ein von ausl\u00e4ndischen M\u00e4chten ausgeheckter Staatsstreich. Da Nicaragua sehr spezifische Anti-Terror-Gesetze hat, sagt Ljungquist, dass eine solche Aussage &#8222;wie eine Drohung klingt&#8220;.<\/p>\n","protected":false},"excerpt":{"rendered":"<p>Die Regierung Daniel Ortega sieht sich nicht nur als \u201enationaler Retter (und) Befreier\u201c Nicaraguas, sondern bezeichnet auch die katholischen Bisch\u00f6fe des Landes als \u201eTerroristen\u201c.<\/p>\n","protected":false},"author":46,"featured_media":125469,"comment_status":"open","ping_status":"open","sticky":false,"template":"","format":"standard","meta":{"give_campaign_id":0,"om_disable_all_campaigns":false,"_monsterinsights_skip_tracking":false,"_monsterinsights_sitenote_active":false,"_monsterinsights_sitenote_note":"","_monsterinsights_sitenote_category":0,"mc4wp_mailchimp_campaign":[],"jnews-multi-image_gallery":[],"jnews_single_post":{"subtitle":"Die Regierung Daniel Ortega sieht sich nicht nur als \u201enationaler Retter (und) Befreier\u201c Nicaraguas, sondern bezeichnet auch die katholischen Bisch\u00f6fe des Landes als \u201eTerroristen\u201c.","format":"standard","video":"","gallery":"","source_name":"","source_url":"","via_name":"","via_url":"","override":[{"template":"1","single_blog_custom":"","parallax":"1","fullscreen":"1","layout":"right-sidebar","sidebar":"default-sidebar","second_sidebar":"default-sidebar","sticky_sidebar":"1","share_position":"top","share_float_style":"share-monocrhome","show_share_counter":"1","show_view_counter":"1","show_featured":"1","show_post_meta":"1","show_post_author":"1","show_post_author_image":"1","show_post_date":"1","post_date_format":"default","post_date_format_custom":"Y\/m\/d","show_post_category":"1","post_reading_time_wpm":"300","zoom_button_out_step":"2","zoom_button_in_step":"3","show_post_tag":"1","show_prev_next_post":"1","show_popup_post":"1","number_popup_post":"1"}],"image_override":[{"single_post_thumbnail_size":"crop-500","single_post_gallery_size":"crop-500"}],"trending_post_position":"meta","trending_post_label":"Trending","sponsored_post_label":"Sponsored by","sponsored_post_name":"","sponsored_post_url":"","sponsored_post_logo":"","sponsored_post_desc":""},"jnews_primary_category":{"id":"768"},"jnews_social_meta":{"fb_title":"","fb_description":"","fb_image":"","twitter_title":"","twitter_description":"","twitter_image":""},"jnews_override_counter":{"view_counter_number":"0","share_counter_number":"0","like_counter_number":"0","dislike_counter_number":"0"},"footnotes":""},"categories":[768,811],"tags":[8267,3055],"class_list":["post-126787","post","type-post","status-publish","format-standard","has-post-thumbnail","hentry","category-politik","category-foreground-de","tag-christenverfolgung-2","tag-religionsfreiheit"],"yoast_head":"<!-- This site is optimized with the Yoast SEO Premium plugin v25.9 (Yoast SEO v27.3) - https:\/\/yoast.com\/product\/yoast-seo-premium-wordpress\/ -->\n<title>\u201ePolitischer Messianismus\u201c: Die Hintergr\u00fcnde der Christenverfolgung in Nicaragua - IFN<\/title>\n<meta name=\"description\" content=\"In Nicaragua hat Pr\u00e4sident Daniel Ortega die Geistlichen ins Fadenkreuz genommen und sie beschuldigt, die Proteste gegen die Regierung 2018 zu unterst\u00fctzen\" \/>\n<meta name=\"robots\" content=\"index, follow, max-snippet:-1, max-image-preview:large, max-video-preview:-1\" \/>\n<link rel=\"canonical\" href=\"https:\/\/ifamnews.com\/de\/-politischer-messianismus-die-hintergr-nde-der-christenverfolgung-in-nicaragua\" \/>\n<meta property=\"og:locale\" content=\"de_DE\" \/>\n<meta property=\"og:type\" content=\"article\" \/>\n<meta property=\"og:title\" content=\"\u201ePolitischer Messianismus\u201c: Die Hintergr\u00fcnde der Christenverfolgung in Nicaragua\" \/>\n<meta property=\"og:description\" content=\"In Nicaragua hat Pr\u00e4sident Daniel Ortega die Geistlichen ins Fadenkreuz genommen und sie beschuldigt, die Proteste gegen die Regierung 2018 zu unterst\u00fctzen\" \/>\n<meta property=\"og:url\" content=\"https:\/\/ifamnews.com\/de\/-politischer-messianismus-die-hintergr-nde-der-christenverfolgung-in-nicaragua\" \/>\n<meta property=\"og:site_name\" content=\"IFN\" \/>\n<meta property=\"article:publisher\" content=\"https:\/\/www.facebook.com\/iFamNews\" \/>\n<meta property=\"article:author\" content=\"https:\/\/www.facebook.com\/iFamNews\/\" \/>\n<meta property=\"article:published_time\" content=\"2022-03-09T06:40:00+00:00\" \/>\n<meta property=\"og:image\" content=\"https:\/\/ifamnews.com\/wp-content\/uploads\/2022\/02\/Image-from-Flickr-2.jpg\" \/>\n\t<meta property=\"og:image:width\" content=\"1200\" \/>\n\t<meta property=\"og:image:height\" content=\"675\" \/>\n\t<meta property=\"og:image:type\" content=\"image\/jpeg\" \/>\n<meta name=\"author\" content=\"iFamNews Italia\" \/>\n<meta name=\"twitter:card\" content=\"summary_large_image\" \/>\n<meta name=\"twitter:creator\" content=\"@https:\/\/twitter.com\/iFamNewsIT\" \/>\n<meta name=\"twitter:site\" content=\"@iFamNewsEN\" \/>\n<meta name=\"twitter:label1\" content=\"Verfasst von\" \/>\n\t<meta name=\"twitter:data1\" content=\"IFN Italien\" \/>\n\t<meta name=\"twitter:label2\" content=\"Gesch\u00e4tzte Lesezeit\" \/>\n\t<meta name=\"twitter:data2\" content=\"2\u00a0Minuten\" \/>\n<!-- \/ Yoast SEO Premium plugin. -->","yoast_head_json":{"title":"\u201ePolitischer Messianismus\u201c: Die Hintergr\u00fcnde der Christenverfolgung in Nicaragua - IFN","description":"In Nicaragua hat Pr\u00e4sident Daniel Ortega die Geistlichen ins Fadenkreuz genommen und sie beschuldigt, die Proteste gegen die Regierung 2018 zu unterst\u00fctzen","robots":{"index":"index","follow":"follow","max-snippet":"max-snippet:-1","max-image-preview":"max-image-preview:large","max-video-preview":"max-video-preview:-1"},"canonical":"https:\/\/ifamnews.com\/de\/-politischer-messianismus-die-hintergr-nde-der-christenverfolgung-in-nicaragua","og_locale":"de_DE","og_type":"article","og_title":"\u201ePolitischer Messianismus\u201c: Die Hintergr\u00fcnde der Christenverfolgung in Nicaragua","og_description":"In Nicaragua hat Pr\u00e4sident Daniel Ortega die Geistlichen ins Fadenkreuz genommen und sie beschuldigt, die Proteste gegen die Regierung 2018 zu unterst\u00fctzen","og_url":"https:\/\/ifamnews.com\/de\/-politischer-messianismus-die-hintergr-nde-der-christenverfolgung-in-nicaragua","og_site_name":"IFN","article_publisher":"https:\/\/www.facebook.com\/iFamNews","article_author":"https:\/\/www.facebook.com\/iFamNews\/","article_published_time":"2022-03-09T06:40:00+00:00","og_image":[{"width":1200,"height":675,"url":"https:\/\/ifamnews.com\/wp-content\/uploads\/2022\/02\/Image-from-Flickr-2.jpg","type":"image\/jpeg"}],"author":"iFamNews Italia","twitter_card":"summary_large_image","twitter_creator":"@https:\/\/twitter.com\/iFamNewsIT","twitter_site":"@iFamNewsEN","twitter_misc":{"Verfasst von":"IFN Italien","Gesch\u00e4tzte Lesezeit":"2\u00a0Minuten"},"schema":{"@context":"https:\/\/schema.org","@graph":[{"@type":"NewsArticle","@id":"https:\/\/ifamnews.com\/de\/-politischer-messianismus-die-hintergr-nde-der-christenverfolgung-in-nicaragua#article","isPartOf":{"@id":"https:\/\/ifamnews.com\/de\/-politischer-messianismus-die-hintergr-nde-der-christenverfolgung-in-nicaragua"},"author":{"name":"iFamNews Italia","@id":"https:\/\/ifamnews.com\/en\/#\/schema\/person\/fafda7d79212f3690f4af10238556aac"},"headline":"\u201ePolitischer Messianismus\u201c: Die Hintergr\u00fcnde der Christenverfolgung in Nicaragua","datePublished":"2022-03-09T06:40:00+00:00","mainEntityOfPage":{"@id":"https:\/\/ifamnews.com\/de\/-politischer-messianismus-die-hintergr-nde-der-christenverfolgung-in-nicaragua"},"wordCount":458,"commentCount":0,"publisher":{"@id":"https:\/\/ifamnews.com\/en\/#organization"},"image":{"@id":"https:\/\/ifamnews.com\/de\/-politischer-messianismus-die-hintergr-nde-der-christenverfolgung-in-nicaragua#primaryimage"},"thumbnailUrl":"https:\/\/ifamnews.com\/wp-content\/uploads\/2022\/02\/Image-from-Flickr-2.jpg","keywords":["Christenverfolgung","Religionsfreiheit"],"articleSection":["Politik","Vordergrund"],"inLanguage":"de","potentialAction":[{"@type":"CommentAction","name":"Comment","target":["https:\/\/ifamnews.com\/de\/-politischer-messianismus-die-hintergr-nde-der-christenverfolgung-in-nicaragua#respond"]}]},{"@type":"WebPage","@id":"https:\/\/ifamnews.com\/de\/-politischer-messianismus-die-hintergr-nde-der-christenverfolgung-in-nicaragua","url":"https:\/\/ifamnews.com\/de\/-politischer-messianismus-die-hintergr-nde-der-christenverfolgung-in-nicaragua","name":"\u201ePolitischer Messianismus\u201c: Die Hintergr\u00fcnde der Christenverfolgung in Nicaragua - IFN","isPartOf":{"@id":"https:\/\/ifamnews.com\/en\/#website"},"primaryImageOfPage":{"@id":"https:\/\/ifamnews.com\/de\/-politischer-messianismus-die-hintergr-nde-der-christenverfolgung-in-nicaragua#primaryimage"},"image":{"@id":"https:\/\/ifamnews.com\/de\/-politischer-messianismus-die-hintergr-nde-der-christenverfolgung-in-nicaragua#primaryimage"},"thumbnailUrl":"https:\/\/ifamnews.com\/wp-content\/uploads\/2022\/02\/Image-from-Flickr-2.jpg","datePublished":"2022-03-09T06:40:00+00:00","description":"In Nicaragua hat Pr\u00e4sident Daniel Ortega die Geistlichen ins Fadenkreuz genommen und sie beschuldigt, die Proteste gegen die Regierung 2018 zu unterst\u00fctzen","breadcrumb":{"@id":"https:\/\/ifamnews.com\/de\/-politischer-messianismus-die-hintergr-nde-der-christenverfolgung-in-nicaragua#breadcrumb"},"inLanguage":"de","potentialAction":[{"@type":"ReadAction","target":["https:\/\/ifamnews.com\/de\/-politischer-messianismus-die-hintergr-nde-der-christenverfolgung-in-nicaragua"]}]},{"@type":"ImageObject","inLanguage":"de","@id":"https:\/\/ifamnews.com\/de\/-politischer-messianismus-die-hintergr-nde-der-christenverfolgung-in-nicaragua#primaryimage","url":"https:\/\/ifamnews.com\/wp-content\/uploads\/2022\/02\/Image-from-Flickr-2.jpg","contentUrl":"https:\/\/ifamnews.com\/wp-content\/uploads\/2022\/02\/Image-from-Flickr-2.jpg","width":1200,"height":675,"caption":"Bild von Flickr"},{"@type":"BreadcrumbList","@id":"https:\/\/ifamnews.com\/de\/-politischer-messianismus-die-hintergr-nde-der-christenverfolgung-in-nicaragua#breadcrumb","itemListElement":[{"@type":"ListItem","position":1,"name":"Home","item":"https:\/\/ifamnews.com\/de"},{"@type":"ListItem","position":2,"name":"Politics","item":"https:\/\/ifamnews.com\/en\/category\/politics"},{"@type":"ListItem","position":3,"name":"\u201ePolitischer Messianismus\u201c: Die Hintergr\u00fcnde der Christenverfolgung in Nicaragua"}]},{"@type":"WebSite","@id":"https:\/\/ifamnews.com\/en\/#website","url":"https:\/\/ifamnews.com\/en\/","name":"IFN","description":"International Family News Network","publisher":{"@id":"https:\/\/ifamnews.com\/en\/#organization"},"potentialAction":[{"@type":"SearchAction","target":{"@type":"EntryPoint","urlTemplate":"https:\/\/ifamnews.com\/en\/?s={search_term_string}"},"query-input":{"@type":"PropertyValueSpecification","valueRequired":true,"valueName":"search_term_string"}}],"inLanguage":"de"},{"@type":"Organization","@id":"https:\/\/ifamnews.com\/en\/#organization","name":"iFamNews","url":"https:\/\/ifamnews.com\/en\/","logo":{"@type":"ImageObject","inLanguage":"de","@id":"https:\/\/ifamnews.com\/en\/#\/schema\/logo\/image\/","url":"https:\/\/ifamnews.com\/wp-content\/uploads\/2020\/01\/Share-logo.png","contentUrl":"https:\/\/ifamnews.com\/wp-content\/uploads\/2020\/01\/Share-logo.png","width":200,"height":200,"caption":"iFamNews"},"image":{"@id":"https:\/\/ifamnews.com\/en\/#\/schema\/logo\/image\/"},"sameAs":["https:\/\/www.facebook.com\/iFamNews","https:\/\/x.com\/iFamNewsEN"]},{"@type":"Person","@id":"https:\/\/ifamnews.com\/en\/#\/schema\/person\/fafda7d79212f3690f4af10238556aac","name":"iFamNews Italia","image":{"@type":"ImageObject","inLanguage":"de","@id":"https:\/\/secure.gravatar.com\/avatar\/2e50539bc89809bc22a0b2bb9dc3d7f67ffd1e564e5461707f0153146f8c99b5?s=96&d=mm&r=g","url":"https:\/\/secure.gravatar.com\/avatar\/2e50539bc89809bc22a0b2bb9dc3d7f67ffd1e564e5461707f0153146f8c99b5?s=96&d=mm&r=g","contentUrl":"https:\/\/secure.gravatar.com\/avatar\/2e50539bc89809bc22a0b2bb9dc3d7f67ffd1e564e5461707f0153146f8c99b5?s=96&d=mm&r=g","caption":"iFamNews Italia"},"description":"Articles published by the Italian iFamNews editorial team.","sameAs":["https:\/\/ifamnews.com\/it","https:\/\/www.facebook.com\/iFamNews\/","https:\/\/x.com\/https:\/\/twitter.com\/iFamNewsIT","https:\/\/www.youtube.com\/channel\/UCMVyIt4z9BANW3d09kwfUpw"],"url":"https:\/\/ifamnews.com\/de\/author\/redazioneit"}]}},"amp_enabled":true,"_links":{"self":[{"href":"https:\/\/ifamnews.com\/de\/wp-json\/wp\/v2\/posts\/126787","targetHints":{"allow":["GET"]}}],"collection":[{"href":"https:\/\/ifamnews.com\/de\/wp-json\/wp\/v2\/posts"}],"about":[{"href":"https:\/\/ifamnews.com\/de\/wp-json\/wp\/v2\/types\/post"}],"author":[{"embeddable":true,"href":"https:\/\/ifamnews.com\/de\/wp-json\/wp\/v2\/users\/46"}],"replies":[{"embeddable":true,"href":"https:\/\/ifamnews.com\/de\/wp-json\/wp\/v2\/comments?post=126787"}],"version-history":[{"count":4,"href":"https:\/\/ifamnews.com\/de\/wp-json\/wp\/v2\/posts\/126787\/revisions"}],"predecessor-version":[{"id":129480,"href":"https:\/\/ifamnews.com\/de\/wp-json\/wp\/v2\/posts\/126787\/revisions\/129480"}],"wp:featuredmedia":[{"embeddable":true,"href":"https:\/\/ifamnews.com\/de\/wp-json\/wp\/v2\/media\/125469"}],"wp:attachment":[{"href":"https:\/\/ifamnews.com\/de\/wp-json\/wp\/v2\/media?parent=126787"}],"wp:term":[{"taxonomy":"category","embeddable":true,"href":"https:\/\/ifamnews.com\/de\/wp-json\/wp\/v2\/categories?post=126787"},{"taxonomy":"post_tag","embeddable":true,"href":"https:\/\/ifamnews.com\/de\/wp-json\/wp\/v2\/tags?post=126787"}],"curies":[{"name":"wp","href":"https:\/\/api.w.org\/{rel}","templated":true}]}}