{"id":126430,"date":"2022-02-08T14:16:00","date_gmt":"2022-02-08T19:16:00","guid":{"rendered":"https:\/\/ifamnews.com\/?p=126430"},"modified":"2022-03-08T04:35:54","modified_gmt":"2022-03-08T09:35:54","slug":"usa-aufhebung-des-fahrradhelmgesetzes-es-f-rdere-rassismus","status":"publish","type":"post","link":"https:\/\/ifamnews.com\/de\/usa-aufhebung-des-fahrradhelmgesetzes-es-f-rdere-rassismus","title":{"rendered":"USA: Aufhebung des Fahrradhelmgesetzes; es f\u00f6rdere Rassismus"},"content":{"rendered":"<p class=\"last-updated\">Last updated on M\u00e4rz 8th, 2022 at 04:35 a.m.<\/p>\n<p>Wenn Minderheiten in unverh\u00e4ltnism\u00e4\u00dfig hohem Ma\u00dfe gegen ein Gesetz versto\u00dfen, sollte man das Gesetz einfach abschaffen.<\/p>\n\n\n\n<p>Ein neues Thema in wachen Kreisen ist der Vorsto\u00df, alles abzuschaffen, was sich unverh\u00e4ltnism\u00e4\u00dfig negativ auf Minderheiten auswirkt. So haben beispielsweise viele Schulbeh\u00f6rden in Virginia, New York und Massachusetts die Tests f\u00fcr den Zugang zu \u00f6ffentlichen Eliteschulen abgeschafft, weil &#8222;nicht gen\u00fcgend&#8220; Minderheiten bei den Tests gut abschnitten.<\/p>\n\n\n\n<p>Woke Seattle hat nun einen neuen Weg gefunden, diese Ansicht zu vertreten. Da die im Rahmen des Fahrradhelm-Gesetzes von King County (Seattle) vorgeladenen Personen \u00fcberproportional h\u00e4ufig Minderheiten waren, beschloss der Bezirk, das Gesetz abzuschaffen. So hei\u00dft es in der <a href=\"https:\/\/publichealthinsider.com\/2022\/02\/17\/with-a-commitment-to-equity-board-of-health-updates-king-countys-bike-helmet-policy\/\" target=\"_blank\" rel=\"noreferrer noopener\">Pressemitteilung<\/a>, in der die Aufhebung des Gesetzes angek\u00fcndigt wird:<\/p>\n\n\n\n<p>&#8222;Fahrradhelme retten Leben und helfen, schwere Verletzungen zu vermeiden. Eine \u00dcberpr\u00fcfung mehrerer ver\u00f6ffentlichter Studien ergab, dass Fahrradhelme das Risiko von Kopf- und Hirnverletzungen bei Radfahrern um 63-88 % verringern. Im Rahmen der Bewegung zur F\u00f6rderung des Tragens von Fahrradhelmen erlie\u00df die Gesundheitsbeh\u00f6rde von King County 1993 ein Gesetz, das das Tragen eines Helms f\u00fcr alle Radfahrer vorschreibt. Die dem Gesundheitsamt vorgelegten Daten haben jedoch gezeigt, dass die Durchsetzung rassistisch und diskriminierend ist. Daten des Seattle Police Department, die von Seattle Neighborhood Greenways und der Helmet Law Working Group gesammelt und analysiert wurden, zeigen, dass die Polizei unverh\u00e4ltnism\u00e4\u00dfig h\u00e4ufig schwarze, indigene und farbige Radfahrer vorgeladen hat&#8230; In Anbetracht dieser Daten und in \u00dcbereinstimmung mit dem Board of Health&#8217;s  am 17. Februar 2022 hat die Gesundheitsbeh\u00f6rde<a href=\"https:\/\/publichealthinsider.com\/2020\/06\/11\/racism-is-a-public-health-crisis\/\" target=\"_blank\" rel=\"noreferrer noopener\">das<\/a> Fahrradhelmgesetz von King County aufgehoben&#8230;.&#8220;.<\/p>\n\n\n\n<p>Der Interimsdirektor f\u00fcr \u00f6ffentliche Gesundheit f\u00fcr Seattle und King County Dennis Worsham erkl\u00e4rte:<\/p>\n\n\n\n<p>&#8222;Als wir Rassismus zu einer Krise der \u00f6ffentlichen Gesundheit erkl\u00e4rten, verpflichteten wir uns zu einer engen Zusammenarbeit mit den BIPOC-Gemeinschaften (Schwarze, Indigene und People of Color), um \u00f6ffentliche Ma\u00dfnahmen und Praktiken zu f\u00f6rdern, die eine bessere Gesundheit und Sicherheit f\u00fcr alle gew\u00e4hrleisten, ohne Schwarzen und Braunen Schaden zuzuf\u00fcgen. Die j\u00fcngste Ma\u00dfnahme der Gesundheitsbeh\u00f6rde beseitigt eine Politik, die zu einer rassistischen Durchsetzung gef\u00fchrt hat&#8230;.&#8220;<\/p>\n\n\n\n<p><em>In der Pressemitteilung wurde nicht aufgezeigt, dass das Gesetz tats\u00e4chlich in diskriminierender Weise angewendet<\/em> wurde. Sie zitierte lediglich Studien, aus denen hervorging, dass Minderheiten mit gr\u00f6\u00dferer Wahrscheinlichkeit nach dem Gesetz zitiert werden; eine unverh\u00e4ltnism\u00e4\u00dfig hohe Zahl bedeutet jedoch nicht unbedingt, dass Diskriminierung die Ursache war. Was w\u00e4re, wenn Minderheiten tats\u00e4chlich h\u00e4ufiger ohne Helm Fahrrad fahren w\u00fcrden? Die tats\u00e4chliche Wahrheit spielte keine Rolle. Denn wenn nicht alle Rassen und Ethnien proportional vertreten sind &#8211; sei es in einem Unternehmen, bei der Zulassung an einer Hochschule oder bei der Anwendung eines Fahrradhelmgesetzes &#8211; dann sind Bigotterie und Diskriminierung die einzigen Gr\u00fcnde daf\u00fcr. Eine andere Erkl\u00e4rung kann es nicht geben.<\/p>\n\n\n\n<p>Die Tatsache, dass das Helmgesetz von Seattle dazu diente, schwere Kopfverletzungen zu verhindern, spielte f\u00fcr die Bezirksbeamten keine Rolle; da die Wahrscheinlichkeit, dass Minderheiten aufgrund des Gesetzes vorgeladen wurden, gr\u00f6\u00dfer war, musste das Gesetz abgeschafft werden. Es ist besser, wenn es mehr Kopfverletzungen und mehr Leid gibt, als wenn Minderheiten h\u00e4ufiger zitiert werden. Das ist der Wahnsinn, den Wokeness hervorbringt. Und so fiel die westliche Zivilisation&#8230;.<\/p>\n","protected":false},"excerpt":{"rendered":"<p>Fahrradhelme retten Leben. Aber das ist der Stadt Seattle (USA) nicht gut genug. Das n\u00e4chstige irre Beispiel der L\u00f6sch-Kultur.<\/p>\n","protected":false},"author":651,"featured_media":126412,"comment_status":"open","ping_status":"open","sticky":false,"template":"","format":"standard","meta":{"give_campaign_id":0,"om_disable_all_campaigns":false,"_monsterinsights_skip_tracking":false,"_monsterinsights_sitenote_active":false,"_monsterinsights_sitenote_note":"","_monsterinsights_sitenote_category":0,"mc4wp_mailchimp_campaign":[],"jnews-multi-image_gallery":[],"jnews_single_post":{"subtitle":"Fahrradhelme retten Leben. Aber das ist der Stadt Seattle (USA) nicht gut genug. Das n\u00e4chstige irre Beispiel der L\u00f6sch-Kultur.","format":"standard","video":"","gallery":"","source_name":"","source_url":"","via_name":"","via_url":"","override":[{"template":"1","single_blog_custom":"","parallax":"1","fullscreen":"1","layout":"right-sidebar","sidebar":"default-sidebar","second_sidebar":"default-sidebar","sticky_sidebar":"1","share_position":"top","share_float_style":"share-monocrhome","show_share_counter":"1","show_view_counter":"1","show_featured":"1","show_post_meta":"1","show_post_author":"1","show_post_author_image":"1","show_post_date":"1","post_date_format":"default","post_date_format_custom":"Y\/m\/d","show_post_category":"1","post_reading_time_wpm":"300","zoom_button_out_step":"2","zoom_button_in_step":"3","show_post_tag":"1","show_prev_next_post":"1","show_popup_post":"1","number_popup_post":"1"}],"image_override":[{"single_post_thumbnail_size":"crop-500","single_post_gallery_size":"crop-500"}],"trending_post_position":"meta","trending_post_label":"Trending","sponsored_post_label":"Sponsored by","sponsored_post_name":"","sponsored_post_url":"","sponsored_post_logo":"","sponsored_post_desc":""},"jnews_primary_category":{"id":""},"jnews_social_meta":{"fb_title":"","fb_description":"","fb_image":"","twitter_title":"","twitter_description":"","twitter_image":""},"jnews_override_counter":{"view_counter_number":"0","share_counter_number":"0","like_counter_number":"0","dislike_counter_number":"0"},"footnotes":""},"categories":[816,763,811],"tags":[17310,17309,17311,10594],"class_list":["post-126430","post","type-post","status-publish","format-standard","has-post-thumbnail","hentry","category-breaking-news-de","category-kultur","category-foreground-de","tag-fahrradhelme","tag-loesch-kultur","tag-sicherheit","tag-wokeness-de"],"yoast_head":"<!-- This site is optimized with the Yoast SEO Premium plugin v25.9 (Yoast SEO v27.3) - https:\/\/yoast.com\/product\/yoast-seo-premium-wordpress\/ -->\n<title>USA: Aufhebung des Fahrradhelmgesetzes; es f\u00f6rdere Rassismus - IFN<\/title>\n<meta name=\"robots\" content=\"index, follow, max-snippet:-1, max-image-preview:large, max-video-preview:-1\" \/>\n<link rel=\"canonical\" href=\"https:\/\/ifamnews.com\/de\/usa-aufhebung-des-fahrradhelmgesetzes-es-f-rdere-rassismus\" \/>\n<meta property=\"og:locale\" content=\"de_DE\" \/>\n<meta property=\"og:type\" content=\"article\" \/>\n<meta property=\"og:title\" content=\"USA: Aufhebung des Fahrradhelmgesetzes; es f\u00f6rdere Rassismus\" \/>\n<meta property=\"og:description\" content=\"Fahrradhelme retten Leben. Aber das ist der Stadt Seattle (USA) nicht gut genug. Das n\u00e4chstige irre Beispiel der L\u00f6sch-Kultur.\" \/>\n<meta property=\"og:url\" content=\"https:\/\/ifamnews.com\/de\/usa-aufhebung-des-fahrradhelmgesetzes-es-f-rdere-rassismus\" \/>\n<meta property=\"og:site_name\" content=\"IFN\" \/>\n<meta property=\"article:publisher\" content=\"https:\/\/www.facebook.com\/iFamNews\" \/>\n<meta property=\"article:published_time\" content=\"2022-02-08T19:16:00+00:00\" \/>\n<meta property=\"article:modified_time\" content=\"2022-03-08T09:35:54+00:00\" \/>\n<meta property=\"og:image\" content=\"https:\/\/ifamnews.com\/wp-content\/uploads\/2022\/02\/accident-gc579f7fa9_1280.jpg\" \/>\n\t<meta property=\"og:image:width\" content=\"1280\" \/>\n\t<meta property=\"og:image:height\" content=\"853\" \/>\n\t<meta property=\"og:image:type\" content=\"image\/jpeg\" \/>\n<meta name=\"author\" content=\"Cato\" \/>\n<meta name=\"twitter:card\" content=\"summary_large_image\" \/>\n<meta name=\"twitter:creator\" content=\"@iFamNewsEN\" \/>\n<meta name=\"twitter:site\" content=\"@iFamNewsEN\" \/>\n<meta name=\"twitter:label1\" content=\"Verfasst von\" \/>\n\t<meta name=\"twitter:data1\" content=\"Cato\" \/>\n\t<meta name=\"twitter:label2\" content=\"Gesch\u00e4tzte Lesezeit\" \/>\n\t<meta name=\"twitter:data2\" content=\"3\u00a0Minuten\" \/>\n<!-- \/ Yoast SEO Premium plugin. -->","yoast_head_json":{"title":"USA: Aufhebung des Fahrradhelmgesetzes; es f\u00f6rdere Rassismus - IFN","robots":{"index":"index","follow":"follow","max-snippet":"max-snippet:-1","max-image-preview":"max-image-preview:large","max-video-preview":"max-video-preview:-1"},"canonical":"https:\/\/ifamnews.com\/de\/usa-aufhebung-des-fahrradhelmgesetzes-es-f-rdere-rassismus","og_locale":"de_DE","og_type":"article","og_title":"USA: Aufhebung des Fahrradhelmgesetzes; es f\u00f6rdere Rassismus","og_description":"Fahrradhelme retten Leben. Aber das ist der Stadt Seattle (USA) nicht gut genug. Das n\u00e4chstige irre Beispiel der L\u00f6sch-Kultur.","og_url":"https:\/\/ifamnews.com\/de\/usa-aufhebung-des-fahrradhelmgesetzes-es-f-rdere-rassismus","og_site_name":"IFN","article_publisher":"https:\/\/www.facebook.com\/iFamNews","article_published_time":"2022-02-08T19:16:00+00:00","article_modified_time":"2022-03-08T09:35:54+00:00","og_image":[{"width":1280,"height":853,"url":"https:\/\/ifamnews.com\/wp-content\/uploads\/2022\/02\/accident-gc579f7fa9_1280.jpg","type":"image\/jpeg"}],"author":"Cato","twitter_card":"summary_large_image","twitter_creator":"@iFamNewsEN","twitter_site":"@iFamNewsEN","twitter_misc":{"Verfasst von":"Cato","Gesch\u00e4tzte Lesezeit":"3\u00a0Minuten"},"schema":{"@context":"https:\/\/schema.org","@graph":[{"@type":"NewsArticle","@id":"https:\/\/ifamnews.com\/de\/usa-aufhebung-des-fahrradhelmgesetzes-es-f-rdere-rassismus#article","isPartOf":{"@id":"https:\/\/ifamnews.com\/de\/usa-aufhebung-des-fahrradhelmgesetzes-es-f-rdere-rassismus"},"author":{"name":"Cato","@id":"https:\/\/ifamnews.com\/en\/#\/schema\/person\/d0e56511b7b7caedd2922a59482440ba"},"headline":"USA: Aufhebung des Fahrradhelmgesetzes; es f\u00f6rdere Rassismus","datePublished":"2022-02-08T19:16:00+00:00","dateModified":"2022-03-08T09:35:54+00:00","mainEntityOfPage":{"@id":"https:\/\/ifamnews.com\/de\/usa-aufhebung-des-fahrradhelmgesetzes-es-f-rdere-rassismus"},"wordCount":543,"commentCount":0,"publisher":{"@id":"https:\/\/ifamnews.com\/en\/#organization"},"image":{"@id":"https:\/\/ifamnews.com\/de\/usa-aufhebung-des-fahrradhelmgesetzes-es-f-rdere-rassismus#primaryimage"},"thumbnailUrl":"https:\/\/ifamnews.com\/wp-content\/uploads\/2022\/02\/accident-gc579f7fa9_1280.jpg","keywords":["Fahrradhelme","L\u00f6sch-Kultur","Sicherheit","wokeness"],"articleSection":["Breaking News","Kultur","Vordergrund"],"inLanguage":"de","potentialAction":[{"@type":"CommentAction","name":"Comment","target":["https:\/\/ifamnews.com\/de\/usa-aufhebung-des-fahrradhelmgesetzes-es-f-rdere-rassismus#respond"]}]},{"@type":"WebPage","@id":"https:\/\/ifamnews.com\/de\/usa-aufhebung-des-fahrradhelmgesetzes-es-f-rdere-rassismus","url":"https:\/\/ifamnews.com\/de\/usa-aufhebung-des-fahrradhelmgesetzes-es-f-rdere-rassismus","name":"USA: Aufhebung des Fahrradhelmgesetzes; es f\u00f6rdere Rassismus - IFN","isPartOf":{"@id":"https:\/\/ifamnews.com\/en\/#website"},"primaryImageOfPage":{"@id":"https:\/\/ifamnews.com\/de\/usa-aufhebung-des-fahrradhelmgesetzes-es-f-rdere-rassismus#primaryimage"},"image":{"@id":"https:\/\/ifamnews.com\/de\/usa-aufhebung-des-fahrradhelmgesetzes-es-f-rdere-rassismus#primaryimage"},"thumbnailUrl":"https:\/\/ifamnews.com\/wp-content\/uploads\/2022\/02\/accident-gc579f7fa9_1280.jpg","datePublished":"2022-02-08T19:16:00+00:00","dateModified":"2022-03-08T09:35:54+00:00","breadcrumb":{"@id":"https:\/\/ifamnews.com\/de\/usa-aufhebung-des-fahrradhelmgesetzes-es-f-rdere-rassismus#breadcrumb"},"inLanguage":"de","potentialAction":[{"@type":"ReadAction","target":["https:\/\/ifamnews.com\/de\/usa-aufhebung-des-fahrradhelmgesetzes-es-f-rdere-rassismus"]}]},{"@type":"ImageObject","inLanguage":"de","@id":"https:\/\/ifamnews.com\/de\/usa-aufhebung-des-fahrradhelmgesetzes-es-f-rdere-rassismus#primaryimage","url":"https:\/\/ifamnews.com\/wp-content\/uploads\/2022\/02\/accident-gc579f7fa9_1280.jpg","contentUrl":"https:\/\/ifamnews.com\/wp-content\/uploads\/2022\/02\/accident-gc579f7fa9_1280.jpg","width":1280,"height":853},{"@type":"BreadcrumbList","@id":"https:\/\/ifamnews.com\/de\/usa-aufhebung-des-fahrradhelmgesetzes-es-f-rdere-rassismus#breadcrumb","itemListElement":[{"@type":"ListItem","position":1,"name":"Home","item":"https:\/\/ifamnews.com\/de"},{"@type":"ListItem","position":2,"name":"\u041a\u0443\u043b\u0442\u0443\u0440\u0430","item":"https:\/\/ifamnews.com\/sr\/kategorija\/kultura-sr"},{"@type":"ListItem","position":3,"name":"USA: Aufhebung des Fahrradhelmgesetzes; es f\u00f6rdere Rassismus"}]},{"@type":"WebSite","@id":"https:\/\/ifamnews.com\/en\/#website","url":"https:\/\/ifamnews.com\/en\/","name":"IFN","description":"International Family News Network","publisher":{"@id":"https:\/\/ifamnews.com\/en\/#organization"},"potentialAction":[{"@type":"SearchAction","target":{"@type":"EntryPoint","urlTemplate":"https:\/\/ifamnews.com\/en\/?s={search_term_string}"},"query-input":{"@type":"PropertyValueSpecification","valueRequired":true,"valueName":"search_term_string"}}],"inLanguage":"de"},{"@type":"Organization","@id":"https:\/\/ifamnews.com\/en\/#organization","name":"iFamNews","url":"https:\/\/ifamnews.com\/en\/","logo":{"@type":"ImageObject","inLanguage":"de","@id":"https:\/\/ifamnews.com\/en\/#\/schema\/logo\/image\/","url":"https:\/\/ifamnews.com\/wp-content\/uploads\/2020\/01\/Share-logo.png","contentUrl":"https:\/\/ifamnews.com\/wp-content\/uploads\/2020\/01\/Share-logo.png","width":200,"height":200,"caption":"iFamNews"},"image":{"@id":"https:\/\/ifamnews.com\/en\/#\/schema\/logo\/image\/"},"sameAs":["https:\/\/www.facebook.com\/iFamNews","https:\/\/x.com\/iFamNewsEN"]},{"@type":"Person","@id":"https:\/\/ifamnews.com\/en\/#\/schema\/person\/d0e56511b7b7caedd2922a59482440ba","name":"Cato","image":{"@type":"ImageObject","inLanguage":"de","@id":"https:\/\/secure.gravatar.com\/avatar\/69b258be912b2a9b1ef3917af1a950d6279239e325672d64c73a2c0dfe012d11?s=96&d=mm&r=g","url":"https:\/\/secure.gravatar.com\/avatar\/69b258be912b2a9b1ef3917af1a950d6279239e325672d64c73a2c0dfe012d11?s=96&d=mm&r=g","contentUrl":"https:\/\/secure.gravatar.com\/avatar\/69b258be912b2a9b1ef3917af1a950d6279239e325672d64c73a2c0dfe012d11?s=96&d=mm&r=g","caption":"Cato"},"description":"Cato is a staunch defender of Western Civilization and the Judeo-Christian worldview. He will end all of his articles: \"And the radical LGBT agenda must be defeated\" as this is the pre-eminent battle of our day.","url":"https:\/\/ifamnews.com\/de\/author\/rsiedlecki"}]}},"amp_enabled":true,"_links":{"self":[{"href":"https:\/\/ifamnews.com\/de\/wp-json\/wp\/v2\/posts\/126430","targetHints":{"allow":["GET"]}}],"collection":[{"href":"https:\/\/ifamnews.com\/de\/wp-json\/wp\/v2\/posts"}],"about":[{"href":"https:\/\/ifamnews.com\/de\/wp-json\/wp\/v2\/types\/post"}],"author":[{"embeddable":true,"href":"https:\/\/ifamnews.com\/de\/wp-json\/wp\/v2\/users\/651"}],"replies":[{"embeddable":true,"href":"https:\/\/ifamnews.com\/de\/wp-json\/wp\/v2\/comments?post=126430"}],"version-history":[{"count":5,"href":"https:\/\/ifamnews.com\/de\/wp-json\/wp\/v2\/posts\/126430\/revisions"}],"predecessor-version":[{"id":129464,"href":"https:\/\/ifamnews.com\/de\/wp-json\/wp\/v2\/posts\/126430\/revisions\/129464"}],"wp:featuredmedia":[{"embeddable":true,"href":"https:\/\/ifamnews.com\/de\/wp-json\/wp\/v2\/media\/126412"}],"wp:attachment":[{"href":"https:\/\/ifamnews.com\/de\/wp-json\/wp\/v2\/media?parent=126430"}],"wp:term":[{"taxonomy":"category","embeddable":true,"href":"https:\/\/ifamnews.com\/de\/wp-json\/wp\/v2\/categories?post=126430"},{"taxonomy":"post_tag","embeddable":true,"href":"https:\/\/ifamnews.com\/de\/wp-json\/wp\/v2\/tags?post=126430"}],"curies":[{"name":"wp","href":"https:\/\/api.w.org\/{rel}","templated":true}]}}