{"id":12549,"date":"2020-03-24T10:12:30","date_gmt":"2020-03-24T15:12:30","guid":{"rendered":"https:\/\/ifamnews.com\/?p=12549"},"modified":"2020-03-27T09:11:53","modified_gmt":"2020-03-27T14:11:53","slug":"wir-sind-am-ende","status":"publish","type":"post","link":"https:\/\/ifamnews.com\/de\/wir-sind-am-ende","title":{"rendered":"Wir sind am Ende"},"content":{"rendered":"<p class=\"last-updated\">Last updated on M\u00e4rz 27th, 2020 at 09:11 a.m.<\/p>\n<p>Der heutige Artikel von \u201eiFamNews\u201c soll sich\nmit der Entkriminalisierung der Abtreibung in Neuseeland besch\u00e4ftigen, der\nzweite Schritt zur <em>de facto<\/em>\nvollkommenen Freigabe des T\u00f6tens von unschuldigen Menschenleben. Das Ganze hat ein\ngrausames Aussehen. Wir haben daher f\u00fcr diesen Artikel absichtlich ein Bild\ngew\u00e4hlt, das sich auf die Abtreibung bezieht, aber aus einem anderen Land,\nn\u00e4mlich Spanien, kommt.<\/p>\n\n\n\n<p>Es handelt sich um das grausamste Gesicht der\nheutigen Globalisierung. Diese Form der Unterdr\u00fcckung des Lebens in all seinen\nFormen besteht mittlerweile \u00fcberall auf der Welt. Wir sind die Zivilisation des\nTodes, aber es wird niemals einen Historiker oder Soziologien geben, der unsere\nAufmerksamkeit in den kommenden Zeiten darauf richten wird, weil niemand \u00fcberhaupt\nmehr das Problem sp\u00fcrt (geschweige denn in kultureller, historischer oder\nsoziologischer Sicht aufarbeitet).<\/p>\n\n\n\n<p>Heute ist das Coronavirus in aller Munde. Zu\nRecht. Informationen und vor allem unsere Aufmerksamkeit werden durch die\nschreckliche neue Krankheit monopolisiert. Verst\u00e4ndlich, denn es ist\nbe\u00e4ngstigend, ja ein Terror, der uns den ganzen Tag an nichts anderes denken\nl\u00e4sst. Uns erreichen Nachrichten von Freunden aus der ganzen Welt, die sich\nnach unserer Gesundheit erkundigen. Wir h\u00f6ren von Bekannten und betroffenen\nFreunden. Wir beten f\u00fcr einen Freund und Priester, der \u2013 wie auf Facebook\nnachzulesen ist \u2013 gerade auf der Intensivstation liegt.<\/p>\n\n\n\n<p>Aber zum B\u00f6sen der neuen Krankheit gesellt\nsich ein altes B\u00f6se, das nicht kleiner ist. Es handelt sich eigentlich um ein\nanderes <em>Virus<\/em>, das sich \u00fcberall verbreitet,\neine Art der Pandemie, die sich auf gef\u00e4hrliche Weise ausbreitet, weil keiner\nsie bek\u00e4mpft. Es handelt sich um die Verachtung des menschlichen Lebens, durch Abtreibung\nund Euthanasie.<\/p>\n\n\n\n<p>Wir erw\u00e4hnten, dass der Mensch von einem \u201eb\u00f6sen\n\u00dcbel\u201c getroffen wurde. Warum sagen wir es so; gibt es vielleicht auch \u201egute\n\u00dcbel\u201c? Nehmen wir einmal an, wir f\u00fchren Krieg gegen das Virus, vor allem gegen\ndie Zerst\u00f6rung, die das Virus anrichtet. Aber ein gr\u00f6\u00dferes \u00dcbel des Kriegs ist\nes, wenn es sich um einen totalen Weltkrieg handelt, der seit Jahrzenten tobt,\naber niemand wei\u00df um ihn oder man merkt gar nicht, dass man k\u00e4mpft. <\/p>\n\n\n\n<p>Wir leben in einer Gesellschaft, die sich\nselbst bekriegt, im Versuch, sich auszul\u00f6schen. Kein Historiker oder Soziologe\nwird kommen, der sich \u00fcberhaupt bewusst wird, dass es den Kampf \u00fcberhaupt gibt,\ngeschweige denn dar\u00fcber schreiben w\u00fcrde, weder in Geschichte, der Soziologie, oder\nder Kulturgeschichte.<\/p>\n\n\n\n<p>In Zeiten vom Coronavirus denken wir an nichts\nanderes, so als ob es keine anderen Probleme in der Welt gebe, oder sogar so,\nals w\u00fcrde die Welt bald enden.<\/p>\n\n\n\n<p>Wir erkennen nicht, dass das Leben zunehmend verachtet\nwird \u2013 es wird immer schlimmer. Ja, wir sind wirklich am Ende. Wenn wir uns\nweiterhin so verhalten, weiterhin so denken, bedeutet es, dass wir wirklich am\nEnde sind.<\/p>\n\n\n\n<p>Es ist nicht das erste Mal, dass ich auf\ndiesem virtuellen Weg das Coronavirus und die Abtreibung oder Euthanasie in\neinen Zusammenhang bringe. Ich tue dies aus \u00dcberzeugung, weil ich glaube, dass\nes ein grundlegender Punkt ist und weil mir jeden Tag klarer wird, wie surreal\nes ist, sich um die Gesundheit zu sorgen (was ganz richtig ist), aber in der\nZwischenzeit die Wehrlosesten und Unschuldigsten zu massakrieren. Wie monstr\u00f6s\nist es, alles zu tun, um das chinesische Virus zu \u00fcberwinden, nur um zu einer\nSituation zur\u00fcck zu kehren, in der Babys im Mutterleib und \u201enutzlose\u201c und \u201eunbrauchbare\u201c\nSenioren ermordet werden.<\/p>\n\n\n\n<p>Ich habe einen Traum der \u2013 wie alle Tr\u00e4ume \u2013\nverr\u00fcckt ist. Ich m\u00f6chte die italienische Flagg von den Balkonen wehen sehen\nf\u00fcr die Babys, die im Mutterleib geschlachtet werden, f\u00fcr die Behinderten, die\nKranken, die Alten, die wir dem Tod \u00fcbergeben. Ich m\u00f6chte die Massen sehen, die\nsich zu einem <em>flashmob<\/em> versammeln, um\nf\u00fcr ausgel\u00f6schtes Leben einzusetzen, das durch die Abtreibung und die\nEuthanasie mit F\u00fc\u00dfen getreten wird.\n\nEs\nwird nicht geschehen. Sind wir wirklich am Ende? \n\n\n\n<\/p>\n","protected":false},"excerpt":{"rendered":"<p>In Zeiten des Coronavirus denken wir an nichts anderes &#8211; aber ein anderes Virus verbreitet sich: die Abtreibung.<\/p>\n","protected":false},"author":7,"featured_media":11937,"comment_status":"open","ping_status":"open","sticky":false,"template":"","format":"standard","meta":{"give_campaign_id":0,"om_disable_all_campaigns":false,"_monsterinsights_skip_tracking":false,"_monsterinsights_sitenote_active":false,"_monsterinsights_sitenote_note":"","_monsterinsights_sitenote_category":0,"mc4wp_mailchimp_campaign":[],"jnews-multi-image_gallery":[],"jnews_single_post":{"subtitle":"In Zeiten des Coronavirus denken wir an nichts anderes - aber ein anderes Virus verbreitet sich: die Abtreibung.","format":"standard","video":"","gallery":"","source_name":"","source_url":"","via_name":"","via_url":"","override":[{"single_blog_custom":"","sidebar":"","second_sidebar":"","share_position":"","share_float_style":"","post_date_format":"","post_date_format_custom":"","post_reading_time_wpm":"","zoom_button_out_step":"1","zoom_button_in_step":"1","number_popup_post":"1"}],"image_override":[{"single_post_thumbnail_size":"","single_post_gallery_size":""}],"trending_post_position":"","trending_post_label":""},"jnews_primary_category":{"id":"820"},"jnews_social_meta":{"fb_title":"","fb_description":"","fb_image":"","twitter_title":"","twitter_description":"","twitter_image":""},"jnews_override_counter":{"view_counter_number":"0","share_counter_number":"0","like_counter_number":"0","dislike_counter_number":"0"},"footnotes":""},"categories":[820,767],"tags":[1655],"class_list":["post-12549","post","type-post","status-publish","format-standard","has-post-thumbnail","hentry","category-leben","category-meinung","tag-euthanasie"],"yoast_head":"<!-- This site is optimized with the Yoast SEO Premium plugin v25.9 (Yoast SEO v27.3) - https:\/\/yoast.com\/product\/yoast-seo-premium-wordpress\/ -->\n<title>Wir sind am Ende - IFN<\/title>\n<meta name=\"robots\" content=\"index, follow, max-snippet:-1, max-image-preview:large, max-video-preview:-1\" \/>\n<link rel=\"canonical\" href=\"https:\/\/ifamnews.com\/de\/wir-sind-am-ende\" \/>\n<meta property=\"og:locale\" content=\"de_DE\" \/>\n<meta property=\"og:type\" content=\"article\" \/>\n<meta property=\"og:title\" content=\"Wir sind am Ende\" \/>\n<meta property=\"og:description\" content=\"In Zeiten des Coronavirus denken wir an nichts anderes - aber ein anderes Virus verbreitet sich: die Abtreibung.\" \/>\n<meta property=\"og:url\" content=\"https:\/\/ifamnews.com\/de\/wir-sind-am-ende\" \/>\n<meta property=\"og:site_name\" content=\"IFN\" \/>\n<meta property=\"article:publisher\" content=\"https:\/\/www.facebook.com\/iFamNews\" \/>\n<meta property=\"article:author\" content=\"https:\/\/facebook.com\/MarcoRespinti\" \/>\n<meta property=\"article:published_time\" content=\"2020-03-24T15:12:30+00:00\" \/>\n<meta property=\"article:modified_time\" content=\"2020-03-27T14:11:53+00:00\" \/>\n<meta property=\"og:image\" content=\"https:\/\/ifamnews.com\/wp-content\/uploads\/2020\/03\/Nuremberg_chronicles_-_Dance_of_Death_CCLXIIIIv.jpg\" \/>\n\t<meta property=\"og:image:width\" content=\"1200\" \/>\n\t<meta property=\"og:image:height\" content=\"675\" \/>\n\t<meta property=\"og:image:type\" content=\"image\/jpeg\" \/>\n<meta name=\"author\" content=\"Marco Respinti\" \/>\n<meta name=\"twitter:card\" content=\"summary_large_image\" \/>\n<meta name=\"twitter:creator\" content=\"@https:\/\/twitter.com\/MarcoRespinti\" \/>\n<meta name=\"twitter:site\" content=\"@iFamNewsEN\" \/>\n<meta name=\"twitter:label1\" content=\"Verfasst von\" \/>\n\t<meta name=\"twitter:data1\" content=\"Marco Respinti\" \/>\n\t<meta name=\"twitter:label2\" content=\"Gesch\u00e4tzte Lesezeit\" \/>\n\t<meta name=\"twitter:data2\" content=\"3\u00a0Minuten\" \/>\n<!-- \/ Yoast SEO Premium plugin. -->","yoast_head_json":{"title":"Wir sind am Ende - IFN","robots":{"index":"index","follow":"follow","max-snippet":"max-snippet:-1","max-image-preview":"max-image-preview:large","max-video-preview":"max-video-preview:-1"},"canonical":"https:\/\/ifamnews.com\/de\/wir-sind-am-ende","og_locale":"de_DE","og_type":"article","og_title":"Wir sind am Ende","og_description":"In Zeiten des Coronavirus denken wir an nichts anderes - aber ein anderes Virus verbreitet sich: die Abtreibung.","og_url":"https:\/\/ifamnews.com\/de\/wir-sind-am-ende","og_site_name":"IFN","article_publisher":"https:\/\/www.facebook.com\/iFamNews","article_author":"https:\/\/facebook.com\/MarcoRespinti","article_published_time":"2020-03-24T15:12:30+00:00","article_modified_time":"2020-03-27T14:11:53+00:00","og_image":[{"width":1200,"height":675,"url":"https:\/\/ifamnews.com\/wp-content\/uploads\/2020\/03\/Nuremberg_chronicles_-_Dance_of_Death_CCLXIIIIv.jpg","type":"image\/jpeg"}],"author":"Marco Respinti","twitter_card":"summary_large_image","twitter_creator":"@https:\/\/twitter.com\/MarcoRespinti","twitter_site":"@iFamNewsEN","twitter_misc":{"Verfasst von":"Marco Respinti","Gesch\u00e4tzte Lesezeit":"3\u00a0Minuten"},"schema":{"@context":"https:\/\/schema.org","@graph":[{"@type":"NewsArticle","@id":"https:\/\/ifamnews.com\/de\/wir-sind-am-ende#article","isPartOf":{"@id":"https:\/\/ifamnews.com\/de\/wir-sind-am-ende"},"author":{"name":"Marco Respinti","@id":"https:\/\/ifamnews.com\/en\/#\/schema\/person\/f0579ab02623e80d44006c1a5d949ea9"},"headline":"Wir sind am Ende","datePublished":"2020-03-24T15:12:30+00:00","dateModified":"2020-03-27T14:11:53+00:00","mainEntityOfPage":{"@id":"https:\/\/ifamnews.com\/de\/wir-sind-am-ende"},"wordCount":659,"commentCount":0,"publisher":{"@id":"https:\/\/ifamnews.com\/en\/#organization"},"image":{"@id":"https:\/\/ifamnews.com\/de\/wir-sind-am-ende#primaryimage"},"thumbnailUrl":"https:\/\/ifamnews.com\/wp-content\/uploads\/2020\/03\/Nuremberg_chronicles_-_Dance_of_Death_CCLXIIIIv.jpg","keywords":["Euthanasie"],"articleSection":["Leben","Meinung"],"inLanguage":"de","potentialAction":[{"@type":"CommentAction","name":"Comment","target":["https:\/\/ifamnews.com\/de\/wir-sind-am-ende#respond"]}]},{"@type":"WebPage","@id":"https:\/\/ifamnews.com\/de\/wir-sind-am-ende","url":"https:\/\/ifamnews.com\/de\/wir-sind-am-ende","name":"Wir sind am Ende - IFN","isPartOf":{"@id":"https:\/\/ifamnews.com\/en\/#website"},"primaryImageOfPage":{"@id":"https:\/\/ifamnews.com\/de\/wir-sind-am-ende#primaryimage"},"image":{"@id":"https:\/\/ifamnews.com\/de\/wir-sind-am-ende#primaryimage"},"thumbnailUrl":"https:\/\/ifamnews.com\/wp-content\/uploads\/2020\/03\/Nuremberg_chronicles_-_Dance_of_Death_CCLXIIIIv.jpg","datePublished":"2020-03-24T15:12:30+00:00","dateModified":"2020-03-27T14:11:53+00:00","breadcrumb":{"@id":"https:\/\/ifamnews.com\/de\/wir-sind-am-ende#breadcrumb"},"inLanguage":"de","potentialAction":[{"@type":"ReadAction","target":["https:\/\/ifamnews.com\/de\/wir-sind-am-ende"]}]},{"@type":"ImageObject","inLanguage":"de","@id":"https:\/\/ifamnews.com\/de\/wir-sind-am-ende#primaryimage","url":"https:\/\/ifamnews.com\/wp-content\/uploads\/2020\/03\/Nuremberg_chronicles_-_Dance_of_Death_CCLXIIIIv.jpg","contentUrl":"https:\/\/ifamnews.com\/wp-content\/uploads\/2020\/03\/Nuremberg_chronicles_-_Dance_of_Death_CCLXIIIIv.jpg","width":1200,"height":675,"caption":"\"Danza della morte\""},{"@type":"BreadcrumbList","@id":"https:\/\/ifamnews.com\/de\/wir-sind-am-ende#breadcrumb","itemListElement":[{"@type":"ListItem","position":1,"name":"Home","item":"https:\/\/ifamnews.com\/de"},{"@type":"ListItem","position":2,"name":"Leben","item":"https:\/\/ifamnews.com\/de\/kategorie\/leben"},{"@type":"ListItem","position":3,"name":"Wir sind am Ende"}]},{"@type":"WebSite","@id":"https:\/\/ifamnews.com\/en\/#website","url":"https:\/\/ifamnews.com\/en\/","name":"IFN","description":"International Family News Network","publisher":{"@id":"https:\/\/ifamnews.com\/en\/#organization"},"potentialAction":[{"@type":"SearchAction","target":{"@type":"EntryPoint","urlTemplate":"https:\/\/ifamnews.com\/en\/?s={search_term_string}"},"query-input":{"@type":"PropertyValueSpecification","valueRequired":true,"valueName":"search_term_string"}}],"inLanguage":"de"},{"@type":"Organization","@id":"https:\/\/ifamnews.com\/en\/#organization","name":"iFamNews","url":"https:\/\/ifamnews.com\/en\/","logo":{"@type":"ImageObject","inLanguage":"de","@id":"https:\/\/ifamnews.com\/en\/#\/schema\/logo\/image\/","url":"https:\/\/ifamnews.com\/wp-content\/uploads\/2020\/01\/Share-logo.png","contentUrl":"https:\/\/ifamnews.com\/wp-content\/uploads\/2020\/01\/Share-logo.png","width":200,"height":200,"caption":"iFamNews"},"image":{"@id":"https:\/\/ifamnews.com\/en\/#\/schema\/logo\/image\/"},"sameAs":["https:\/\/www.facebook.com\/iFamNews","https:\/\/x.com\/iFamNewsEN"]},{"@type":"Person","@id":"https:\/\/ifamnews.com\/en\/#\/schema\/person\/f0579ab02623e80d44006c1a5d949ea9","name":"Marco Respinti","image":{"@type":"ImageObject","inLanguage":"de","@id":"https:\/\/secure.gravatar.com\/avatar\/4ab04a5127131015e13010f222e38621144dc33a5df5d977b35ceeab15ee958f?s=96&d=mm&r=g","url":"https:\/\/secure.gravatar.com\/avatar\/4ab04a5127131015e13010f222e38621144dc33a5df5d977b35ceeab15ee958f?s=96&d=mm&r=g","contentUrl":"https:\/\/secure.gravatar.com\/avatar\/4ab04a5127131015e13010f222e38621144dc33a5df5d977b35ceeab15ee958f?s=96&d=mm&r=g","caption":"Marco Respinti"},"description":"Marco Respinti was the Editor-in-Chief of International Family News until the end of 2022. He is an Italian professional journalist, member of the International Federation of Journalists (IFJ), essayist, translator, and lecturer. He has contributed and contributes to several journals and magazines both in print and online, both in Italy and abroad. Author of books, he has translated and\/or edited works by, among others, Edmund Burke, Charles Dickens, T.S. Eliot, Russell Kirk, J.R.R. Tolkien, R\u00e9gine Pernoud and Gustave Thibon. A Senior fellow at the\u00a0Russell Kirk Center for Cultural Renewal (Mecosta, Michigan) he is also a founding member as well as Board member of the Center for European Renewal (The Hague, The Netherlands). A member of the Editorial Board of The European Conservative magazine, as well as a member of the Advisory Council of the European Federation for Freedom of Belief, he serves as Director-in-Charge of the academic publication The Journal of CESNUR and the online Bitter Winter: A Magazine on Religious Liberty and Human Rights.","sameAs":["https:\/\/facebook.com\/MarcoRespinti","https:\/\/it.linkedin.com\/in\/marcorespinti","https:\/\/pinterest.it\/MarcoRespinti\/_created\/","https:\/\/x.com\/https:\/\/twitter.com\/MarcoRespinti","https:\/\/youtube.com\/channel\/UC1FbsvyQNTQ-snpsmRC12Og?view_as=subscriber"],"url":"https:\/\/ifamnews.com\/de\/author\/mrespinti"}]}},"amp_enabled":true,"_links":{"self":[{"href":"https:\/\/ifamnews.com\/de\/wp-json\/wp\/v2\/posts\/12549","targetHints":{"allow":["GET"]}}],"collection":[{"href":"https:\/\/ifamnews.com\/de\/wp-json\/wp\/v2\/posts"}],"about":[{"href":"https:\/\/ifamnews.com\/de\/wp-json\/wp\/v2\/types\/post"}],"author":[{"embeddable":true,"href":"https:\/\/ifamnews.com\/de\/wp-json\/wp\/v2\/users\/7"}],"replies":[{"embeddable":true,"href":"https:\/\/ifamnews.com\/de\/wp-json\/wp\/v2\/comments?post=12549"}],"version-history":[{"count":1,"href":"https:\/\/ifamnews.com\/de\/wp-json\/wp\/v2\/posts\/12549\/revisions"}],"predecessor-version":[{"id":12551,"href":"https:\/\/ifamnews.com\/de\/wp-json\/wp\/v2\/posts\/12549\/revisions\/12551"}],"wp:featuredmedia":[{"embeddable":true,"href":"https:\/\/ifamnews.com\/de\/wp-json\/wp\/v2\/media\/11937"}],"wp:attachment":[{"href":"https:\/\/ifamnews.com\/de\/wp-json\/wp\/v2\/media?parent=12549"}],"wp:term":[{"taxonomy":"category","embeddable":true,"href":"https:\/\/ifamnews.com\/de\/wp-json\/wp\/v2\/categories?post=12549"},{"taxonomy":"post_tag","embeddable":true,"href":"https:\/\/ifamnews.com\/de\/wp-json\/wp\/v2\/tags?post=12549"}],"curies":[{"name":"wp","href":"https:\/\/api.w.org\/{rel}","templated":true}]}}