{"id":124580,"date":"2022-02-18T02:00:00","date_gmt":"2022-02-18T07:00:00","guid":{"rendered":"https:\/\/ifamnews.com\/?p=124580"},"modified":"2022-02-14T10:11:50","modified_gmt":"2022-02-14T15:11:50","slug":"abtreibung-weltweit-eine-bersicht","status":"publish","type":"post","link":"https:\/\/ifamnews.com\/de\/abtreibung-weltweit-eine-bersicht","title":{"rendered":"Abtreibung weltweit: eine \u00dcbersicht"},"content":{"rendered":"\n<p>Der <a href=\"https:\/\/www.frc.org\/\" target=\"_blank\" rel=\"noreferrer noopener\">Family Research Council<\/a> (FRC), eine <em>gemeinn\u00fctzige<\/em> US-Organisation, die sich f\u00fcr die grundlegenden Werte des menschlichen Lebens, der Familie und der Religionsfreiheit einsetzt, hat k\u00fcrzlich <a href=\"https:\/\/www.frc.org\/issueanalysis\/us-abortion-law-in-comparison-with-the-globe\" target=\"_blank\" rel=\"noreferrer noopener\">einen durch und durch s\u00e4kularen Bericht<\/a> ver\u00f6ffentlicht, in dem die Abtreibungsgesetze in den USA mit denen im Rest der Welt verglichen werden.<\/p>\n\n\n\n<p>Der Titel lautet<em> <a href=\"https:\/\/downloads.frc.org\/EF\/EF21K55.pdf\" target=\"_blank\" rel=\"noreferrer noopener\">Das Abtreibungsrecht der Vereinigten Staaten im internationalen Vergleich<\/a> <\/em>  und der Text enth\u00e4lt einige interessante \u00dcberlegungen, die mit einer Grundannahme beginnen, die beachtet werden muss und  <em>betonen<\/em>: &#8222;[&#8230;] da der Fortschritt der pr\u00e4natalen Wissenschaft immer wieder best\u00e4tigt, dass das ungeborene Kind im Mutterleib ein menschliches Wesen ist, erweist sich die Behauptung, Abtreibung sei ein Menschenrecht, als immer weniger vernunftgetreu&#8220;.<\/p>\n\n\n\n<p>Die in dem Bericht vorgeschlagenen Daten geben Anlass zu wichtigen \u00dcberlegungen und werfen Fragen auf.<\/p>\n\n\n\n<p>Nur sechs Staaten weltweit erlauben den Schwangerschaftsabbruch in allen Phasen des Lebens eines Kindes im Mutterleib, bis hin zum perinatalen Stadium. Es handelt sich um Kanada, China, Vietnam, Nordkorea, S\u00fcdkorea und nat\u00fcrlich die Vereinigten Staaten.<\/p>\n\n\n\n<p>Nur drei europ\u00e4ische L\u00e4nder erlauben sie nach der vierzehnten Woche des Lebens des Kindes im Mutterleib.<\/p>\n\n\n\n<p>In 77 L\u00e4ndern der Welt ist ein Schwangerschaftsabbruch nicht erlaubt, entweder vollst\u00e4ndig oder mit der einzigen Ausnahme einer ernsthaften Gef\u00e4hrdung des Lebens der Mutter.<\/p>\n\n\n\n<p>In 23 L\u00e4ndern ist dies nicht erlaubt, es sei denn, es handelt sich um eine Schwangerschaft infolge von Inzest oder Vergewaltigung oder um schwere fetale Anomalien des Kindes.<\/p>\n\n\n\n<p>57 Staaten, darunter Italien, verbieten sie nach der zw\u00f6lften Lebenswoche im Mutterleib, 5 nach der vierundzwanzigsten.<\/p>\n\n\n\n<div class=\"wp-block-image\"><figure class=\"aligncenter size-large is-resized\"><img decoding=\"async\" src=\"https:\/\/ifamnews.com\/wp-content\/uploads\/2022\/02\/Cattura-2-1024x627.png\" alt=\"\" class=\"wp-image-124306\" width=\"555\" height=\"340\" srcset=\"https:\/\/ifamnews.com\/wp-content\/uploads\/2022\/02\/Cattura-2-1024x627.png 1024w, https:\/\/ifamnews.com\/wp-content\/uploads\/2022\/02\/Cattura-2-768x470.png 768w, https:\/\/ifamnews.com\/wp-content\/uploads\/2022\/02\/Cattura-2-750x459.png 750w, https:\/\/ifamnews.com\/wp-content\/uploads\/2022\/02\/Cattura-2.png 1090w\" sizes=\"(max-width: 555px) 100vw, 555px\" \/><\/figure><\/div>\n\n\n\n<p>Die Quelle dieser Daten ist in erster Linie das <a href=\"https:\/\/www.guttmacher.org\/\" target=\"_blank\" rel=\"noreferrer noopener\">Guttmacher Institute<\/a>, eine gemeinn\u00fctzige Organisation, die sich selbst als &#8222;pro-choice&#8220; bezeichnet, 1968 gegr\u00fcndet wurde und &#8222;[&#8230;] die sexuelle und reproduktive Gesundheit und Rechte f\u00f6rdert&#8220;, was als eine Rippe der ber\u00fcchtigten Planned Parenthood begann. Nichts &#8222;Bekenntnishaftes&#8220; also, ganz im Gegenteil.<\/p>\n\n\n\n<p>Einige Beobachtungen sind auff\u00e4llig. Auf dem afrikanischen Kontinent zum Beispiel ist die Abtreibung in 9 von 54 L\u00e4ndern g\u00e4nzlich verboten, in 41 L\u00e4ndern nur unter bestimmten Umst\u00e4nden und niemals freiwillig erlaubt; nur in 4 L\u00e4ndern ist die Abtreibung freiwillig und in keinem nach der zw\u00f6lften Lebenswoche im Mutterleib.<\/p>\n\n\n\n<p>Asien h\u00e4lt, wie bereits erw\u00e4hnt, den traurigen <em>Rekord<\/em> des Kontinents mit den meisten L\u00e4ndern, in denen Abtreibung legal ist.<\/p>\n\n\n\n<p>In Nordamerika und im iberoamerikanischen Raum ist neben den bereits erw\u00e4hnten Kanada und den Vereinigten Staaten, die zu den sechs Negativ-Champions geh\u00f6ren, ein besonderer Fall, \u00fcber den der Bericht Informationen liefert, der von Kuba. &#8222;Seit 1965&#8220;, schreiben die Autoren, &#8222;wird Kuba von der kommunistischen Partei unter Fidel Castro beherrscht. Es \u00fcberrascht nicht, dass die freiwillige Abtreibung in Kuba ebenfalls 1965 institutionalisiert wurde und derzeit in den ersten 12 Wochen der Schwangerschaft erlaubt ist. Eine Abtreibung nach der 12. Woche ist im Falle einer Vergewaltigung, einer f\u00f6talen Anomalie, einer wirtschaftlichen Notlage und zum Schutz des Lebens oder der k\u00f6rperlichen oder geistigen Gesundheit der Mutter erlaubt, d. h. der Zugang ist praktisch unbegrenzt. Die Schlussfolgerung des der Karibikinsel gewidmeten Absatzes ist erschreckend: &#8222;Sowohl in Kuba als auch in China werden Kurzzeitabtreibungen mit dem Medikament Rivanol durchgef\u00fchrt, das eine vorzeitige Austreibung des Babys aus der Geb\u00e4rmutter bewirkt, das dann dem Tod \u00fcberlassen wird.&#8220; \u00dcber China und Pekings r\u00fccksichtslosen und kriminellen Umgang mit der Abtreibung <a href=\"https:\/\/ifamnews.com\/de\/tag\/china-de-2\" target=\"_blank\" rel=\"noreferrer noopener\"> hat &#8222;iFamNews&#8220;<\/a> jedoch schon <a href=\"https:\/\/ifamnews.com\/de\/tag\/china-de-2\" target=\"{wpml_trans_unit_17_0_4_-1_1}\" rel=\"{wpml_trans_unit_17_0_4_-1_2} noopener\"> mehrfach berichtet<\/a>.<\/p>\n\n\n\n<p>Der Bericht des Family Research Council analysiert die Bedingungen f\u00fcr den Zugang zum Schwangerschaftsabbruch in diesen und anderen kommunistischen oder ehemals kommunistischen L\u00e4ndern und wirft dann eine Reihe von Fragen auf, die nicht unbeantwortet bleiben d\u00fcrfen.<\/p>\n\n\n\n<p>&#8222;Die gro\u00dfe Mehrheit der Staaten schr\u00e4nkt Abtreibungen zumindest in gewissem Ma\u00dfe ein&#8220;, hei\u00dft es darin. &#8222;Die Frage ist, warum? Warum begrenzen die meisten europ\u00e4ischen L\u00e4nder den Schwangerschaftsabbruch auf 12 Wochen? Warum verbieten viele afrikanische und s\u00fcdamerikanische L\u00e4nder die Abtreibung, au\u00dfer in F\u00e4llen, in denen das Leben der Mutter in Gefahr ist? Warum verbieten 26 Staaten auf der ganzen Welt die Abtreibung ohne Ausnahme? Und warum sind die meisten L\u00e4nder, die eine Abtreibung bis zur 40. Woche erlauben, notorische Menschenrechtsverletzer?&#8220;  <\/p>\n\n\n\n<p>Die Schlussfolgerung, die die Autoren ziehen, ist bezeichnend: &#8222;Die Antwort liegt in der Definition dessen, was Abtreibung ist. Entweder ist es die T\u00f6tung eines unschuldigen, ungeborenen Kindes im Mutterleib, oder sie ist es nicht. Wenn nicht, dann machen die Abtreibungsbeschr\u00e4nkungen in allen au\u00dfer sechs Staaten keinen logischen Sinn. Wenn aber, wie alle wissenschaftlichen Untersuchungen zeigen, Abtreibung ein unschuldiges, ungeborenes Kind t\u00f6tet, dann sollte sie weltweit verboten werden. Ja, das denken sie wirklich.<\/p>\n","protected":false},"excerpt":{"rendered":"<p>Alles eine Frage der Definition: Ist Abtreibung die T\u00f6tung eines Kindes oder nicht? Wenn nicht, mahen Abtreibungsbeschr\u00e4nkungen keinen logischen Sinn.<\/p>\n","protected":false},"author":14,"featured_media":124316,"comment_status":"open","ping_status":"open","sticky":false,"template":"","format":"standard","meta":{"give_campaign_id":0,"om_disable_all_campaigns":false,"_monsterinsights_skip_tracking":false,"_monsterinsights_sitenote_active":false,"_monsterinsights_sitenote_note":"","_monsterinsights_sitenote_category":0,"mc4wp_mailchimp_campaign":[],"jnews-multi-image_gallery":[],"jnews_single_post":{"subtitle":"Alles eine Frage der Definition: Ist Abtreibung die T\u00f6tung eines Kindes oder nicht? Wenn nicht, mahen Abtreibungsbeschr\u00e4nkungen keinen logischen Sinn.","format":"standard","video":"","gallery":"","source_name":"","source_url":"","via_name":"","via_url":"","override":[{"template":"1","single_blog_custom":"","parallax":"1","fullscreen":"1","layout":"right-sidebar","sidebar":"default-sidebar","second_sidebar":"default-sidebar","sticky_sidebar":"1","share_position":"top","share_float_style":"share-monocrhome","show_share_counter":"1","show_view_counter":"1","show_featured":"1","show_post_meta":"1","show_post_author":"1","show_post_author_image":"1","show_post_date":"1","post_date_format":"default","post_date_format_custom":"Y\/m\/d","show_post_category":"1","post_reading_time_wpm":"300","zoom_button_out_step":"2","zoom_button_in_step":"3","show_post_tag":"1","show_prev_next_post":"1","show_popup_post":"1","number_popup_post":"1"}],"image_override":[{"single_post_thumbnail_size":"crop-500","single_post_gallery_size":"crop-500"}],"trending_post_position":"meta","trending_post_label":"Trending","sponsored_post_label":"Sponsored by","sponsored_post_name":"","sponsored_post_url":"","sponsored_post_logo":"","sponsored_post_desc":""},"jnews_primary_category":{"id":"820"},"jnews_social_meta":{"fb_title":"","fb_description":"","fb_image":"","twitter_title":"","twitter_description":"","twitter_image":""},"jnews_override_counter":{"view_counter_number":"0","share_counter_number":"0","like_counter_number":"0","dislike_counter_number":"0"},"footnotes":""},"categories":[816,820,811],"tags":[9388],"class_list":["post-124580","post","type-post","status-publish","format-standard","has-post-thumbnail","hentry","category-breaking-news-de","category-leben","category-foreground-de","tag-aborto-de"],"yoast_head":"<!-- This site is optimized with the Yoast SEO Premium plugin v25.9 (Yoast SEO v27.3) - https:\/\/yoast.com\/product\/yoast-seo-premium-wordpress\/ -->\n<title>Abtreibung weltweit: eine \u00dcbersicht - &quot;iFamNews&quot;<\/title>\n<meta name=\"description\" content=\"Ein aktueller Bericht vergleicht die Abtreibungsgesetze in den USA mit denen im Rest der Welt\" \/>\n<meta name=\"robots\" content=\"index, follow, max-snippet:-1, max-image-preview:large, max-video-preview:-1\" \/>\n<link rel=\"canonical\" href=\"https:\/\/ifamnews.com\/de\/abtreibung-weltweit-eine-bersicht\" \/>\n<meta property=\"og:locale\" content=\"de_DE\" \/>\n<meta property=\"og:type\" content=\"article\" \/>\n<meta property=\"og:title\" content=\"Abtreibung weltweit: eine \u00dcbersicht\" \/>\n<meta property=\"og:description\" content=\"Ein aktueller Bericht vergleicht die Abtreibungsgesetze in den USA mit denen im Rest der Welt\" \/>\n<meta property=\"og:url\" content=\"https:\/\/ifamnews.com\/de\/abtreibung-weltweit-eine-bersicht\" \/>\n<meta property=\"og:site_name\" content=\"IFN\" \/>\n<meta property=\"article:publisher\" content=\"https:\/\/www.facebook.com\/iFamNews\" \/>\n<meta property=\"article:published_time\" content=\"2022-02-18T07:00:00+00:00\" \/>\n<meta property=\"og:image\" content=\"https:\/\/ifamnews.com\/wp-content\/uploads\/2022\/02\/earth-ga95f88937_1280.jpg\" \/>\n\t<meta property=\"og:image:width\" content=\"1280\" \/>\n\t<meta property=\"og:image:height\" content=\"640\" \/>\n\t<meta property=\"og:image:type\" content=\"image\/jpeg\" \/>\n<meta name=\"author\" content=\"Barbara Santambrogio\" \/>\n<meta name=\"twitter:card\" content=\"summary_large_image\" \/>\n<meta name=\"twitter:creator\" content=\"@iFamNewsEN\" \/>\n<meta name=\"twitter:site\" content=\"@iFamNewsEN\" \/>\n<meta name=\"twitter:label1\" content=\"Verfasst von\" \/>\n\t<meta name=\"twitter:data1\" content=\"Barbara Santambrogio\" \/>\n\t<meta name=\"twitter:label2\" content=\"Gesch\u00e4tzte Lesezeit\" \/>\n\t<meta name=\"twitter:data2\" content=\"4\u00a0Minuten\" \/>\n<!-- \/ Yoast SEO Premium plugin. -->","yoast_head_json":{"title":"Abtreibung weltweit: eine \u00dcbersicht - \"iFamNews\"","description":"Ein aktueller Bericht vergleicht die Abtreibungsgesetze in den USA mit denen im Rest der Welt","robots":{"index":"index","follow":"follow","max-snippet":"max-snippet:-1","max-image-preview":"max-image-preview:large","max-video-preview":"max-video-preview:-1"},"canonical":"https:\/\/ifamnews.com\/de\/abtreibung-weltweit-eine-bersicht","og_locale":"de_DE","og_type":"article","og_title":"Abtreibung weltweit: eine \u00dcbersicht","og_description":"Ein aktueller Bericht vergleicht die Abtreibungsgesetze in den USA mit denen im Rest der Welt","og_url":"https:\/\/ifamnews.com\/de\/abtreibung-weltweit-eine-bersicht","og_site_name":"IFN","article_publisher":"https:\/\/www.facebook.com\/iFamNews","article_published_time":"2022-02-18T07:00:00+00:00","og_image":[{"width":1280,"height":640,"url":"https:\/\/ifamnews.com\/wp-content\/uploads\/2022\/02\/earth-ga95f88937_1280.jpg","type":"image\/jpeg"}],"author":"Barbara Santambrogio","twitter_card":"summary_large_image","twitter_creator":"@iFamNewsEN","twitter_site":"@iFamNewsEN","twitter_misc":{"Verfasst von":"Barbara Santambrogio","Gesch\u00e4tzte Lesezeit":"4\u00a0Minuten"},"schema":{"@context":"https:\/\/schema.org","@graph":[{"@type":"NewsArticle","@id":"https:\/\/ifamnews.com\/de\/abtreibung-weltweit-eine-bersicht#article","isPartOf":{"@id":"https:\/\/ifamnews.com\/de\/abtreibung-weltweit-eine-bersicht"},"author":{"name":"Barbara Santambrogio","@id":"https:\/\/ifamnews.com\/en\/#\/schema\/person\/17118599da2799311b3611609a244572"},"headline":"Abtreibung weltweit: eine \u00dcbersicht","datePublished":"2022-02-18T07:00:00+00:00","mainEntityOfPage":{"@id":"https:\/\/ifamnews.com\/de\/abtreibung-weltweit-eine-bersicht"},"wordCount":753,"commentCount":0,"publisher":{"@id":"https:\/\/ifamnews.com\/en\/#organization"},"image":{"@id":"https:\/\/ifamnews.com\/de\/abtreibung-weltweit-eine-bersicht#primaryimage"},"thumbnailUrl":"https:\/\/ifamnews.com\/wp-content\/uploads\/2022\/02\/earth-ga95f88937_1280.jpg","keywords":["Aborto"],"articleSection":["Breaking News","Leben","Vordergrund"],"inLanguage":"de","potentialAction":[{"@type":"CommentAction","name":"Comment","target":["https:\/\/ifamnews.com\/de\/abtreibung-weltweit-eine-bersicht#respond"]}]},{"@type":"WebPage","@id":"https:\/\/ifamnews.com\/de\/abtreibung-weltweit-eine-bersicht","url":"https:\/\/ifamnews.com\/de\/abtreibung-weltweit-eine-bersicht","name":"Abtreibung weltweit: eine \u00dcbersicht - \"iFamNews\"","isPartOf":{"@id":"https:\/\/ifamnews.com\/en\/#website"},"primaryImageOfPage":{"@id":"https:\/\/ifamnews.com\/de\/abtreibung-weltweit-eine-bersicht#primaryimage"},"image":{"@id":"https:\/\/ifamnews.com\/de\/abtreibung-weltweit-eine-bersicht#primaryimage"},"thumbnailUrl":"https:\/\/ifamnews.com\/wp-content\/uploads\/2022\/02\/earth-ga95f88937_1280.jpg","datePublished":"2022-02-18T07:00:00+00:00","description":"Ein aktueller Bericht vergleicht die Abtreibungsgesetze in den USA mit denen im Rest der Welt","breadcrumb":{"@id":"https:\/\/ifamnews.com\/de\/abtreibung-weltweit-eine-bersicht#breadcrumb"},"inLanguage":"de","potentialAction":[{"@type":"ReadAction","target":["https:\/\/ifamnews.com\/de\/abtreibung-weltweit-eine-bersicht"]}]},{"@type":"ImageObject","inLanguage":"de","@id":"https:\/\/ifamnews.com\/de\/abtreibung-weltweit-eine-bersicht#primaryimage","url":"https:\/\/ifamnews.com\/wp-content\/uploads\/2022\/02\/earth-ga95f88937_1280.jpg","contentUrl":"https:\/\/ifamnews.com\/wp-content\/uploads\/2022\/02\/earth-ga95f88937_1280.jpg","width":1280,"height":640,"caption":"Bild von Pixabay"},{"@type":"BreadcrumbList","@id":"https:\/\/ifamnews.com\/de\/abtreibung-weltweit-eine-bersicht#breadcrumb","itemListElement":[{"@type":"ListItem","position":1,"name":"Home","item":"https:\/\/ifamnews.com\/de"},{"@type":"ListItem","position":2,"name":"Life","item":"https:\/\/ifamnews.com\/en\/category\/life"},{"@type":"ListItem","position":3,"name":"Abtreibung weltweit: eine \u00dcbersicht"}]},{"@type":"WebSite","@id":"https:\/\/ifamnews.com\/en\/#website","url":"https:\/\/ifamnews.com\/en\/","name":"IFN","description":"International Family News Network","publisher":{"@id":"https:\/\/ifamnews.com\/en\/#organization"},"potentialAction":[{"@type":"SearchAction","target":{"@type":"EntryPoint","urlTemplate":"https:\/\/ifamnews.com\/en\/?s={search_term_string}"},"query-input":{"@type":"PropertyValueSpecification","valueRequired":true,"valueName":"search_term_string"}}],"inLanguage":"de"},{"@type":"Organization","@id":"https:\/\/ifamnews.com\/en\/#organization","name":"iFamNews","url":"https:\/\/ifamnews.com\/en\/","logo":{"@type":"ImageObject","inLanguage":"de","@id":"https:\/\/ifamnews.com\/en\/#\/schema\/logo\/image\/","url":"https:\/\/ifamnews.com\/wp-content\/uploads\/2020\/01\/Share-logo.png","contentUrl":"https:\/\/ifamnews.com\/wp-content\/uploads\/2020\/01\/Share-logo.png","width":200,"height":200,"caption":"iFamNews"},"image":{"@id":"https:\/\/ifamnews.com\/en\/#\/schema\/logo\/image\/"},"sameAs":["https:\/\/www.facebook.com\/iFamNews","https:\/\/x.com\/iFamNewsEN"]},{"@type":"Person","@id":"https:\/\/ifamnews.com\/en\/#\/schema\/person\/17118599da2799311b3611609a244572","name":"Barbara Santambrogio","image":{"@type":"ImageObject","inLanguage":"de","@id":"https:\/\/secure.gravatar.com\/avatar\/e82fde821e1707b5acb9fe7ab0a5d6e32d42db6117e73021c2fc05cc90dad32f?s=96&d=mm&r=g","url":"https:\/\/secure.gravatar.com\/avatar\/e82fde821e1707b5acb9fe7ab0a5d6e32d42db6117e73021c2fc05cc90dad32f?s=96&d=mm&r=g","contentUrl":"https:\/\/secure.gravatar.com\/avatar\/e82fde821e1707b5acb9fe7ab0a5d6e32d42db6117e73021c2fc05cc90dad32f?s=96&d=mm&r=g","caption":"Barbara Santambrogio"},"description":"After an original and varied working path, in the field of advertising and publishing, but also in the world of wine, she finally came to deal with what she is most passionate about. Today she writes (for the web, but not only), deals with translations and teaches in elementary school. Biological and adoptive mother, she loves reading and running.","url":"https:\/\/ifamnews.com\/de\/author\/bsantambrogio"}]}},"amp_enabled":true,"_links":{"self":[{"href":"https:\/\/ifamnews.com\/de\/wp-json\/wp\/v2\/posts\/124580","targetHints":{"allow":["GET"]}}],"collection":[{"href":"https:\/\/ifamnews.com\/de\/wp-json\/wp\/v2\/posts"}],"about":[{"href":"https:\/\/ifamnews.com\/de\/wp-json\/wp\/v2\/types\/post"}],"author":[{"embeddable":true,"href":"https:\/\/ifamnews.com\/de\/wp-json\/wp\/v2\/users\/14"}],"replies":[{"embeddable":true,"href":"https:\/\/ifamnews.com\/de\/wp-json\/wp\/v2\/comments?post=124580"}],"version-history":[{"count":3,"href":"https:\/\/ifamnews.com\/de\/wp-json\/wp\/v2\/posts\/124580\/revisions"}],"predecessor-version":[{"id":124670,"href":"https:\/\/ifamnews.com\/de\/wp-json\/wp\/v2\/posts\/124580\/revisions\/124670"}],"wp:featuredmedia":[{"embeddable":true,"href":"https:\/\/ifamnews.com\/de\/wp-json\/wp\/v2\/media\/124316"}],"wp:attachment":[{"href":"https:\/\/ifamnews.com\/de\/wp-json\/wp\/v2\/media?parent=124580"}],"wp:term":[{"taxonomy":"category","embeddable":true,"href":"https:\/\/ifamnews.com\/de\/wp-json\/wp\/v2\/categories?post=124580"},{"taxonomy":"post_tag","embeddable":true,"href":"https:\/\/ifamnews.com\/de\/wp-json\/wp\/v2\/tags?post=124580"}],"curies":[{"name":"wp","href":"https:\/\/api.w.org\/{rel}","templated":true}]}}