{"id":124529,"date":"2022-02-15T02:00:00","date_gmt":"2022-02-15T07:00:00","guid":{"rendered":"https:\/\/ifamnews.com\/?p=124529"},"modified":"2022-02-14T09:37:33","modified_gmt":"2022-02-14T14:37:33","slug":"guatemala-denkmal-f-r-das-leben-im-regierungspalast","status":"publish","type":"post","link":"https:\/\/ifamnews.com\/de\/guatemala-denkmal-f-r-das-leben-im-regierungspalast","title":{"rendered":"Guatemala: Denkmal f\u00fcr das Leben im Regierungspalast"},"content":{"rendered":"\n<p>Am 9. M\u00e4rz wurde im <a href=\"https:\/\/evangelicalfocus.com\/tag\/guatemala\" target=\"_blank\" rel=\"noreferrer noopener\">Nationalpalast<\/a> von Guatemala, dem historischen Geb\u00e4ude, das<strong> <\/strong>Im Rahmen der von der Regierung organisierten Aktivit\u00e4ten findet eine besondere Zeremonie statt: Das Land wird offiziell als <a href=\"https:\/\/ifamnews.com\/en\/guatemala-ibero-american-capital-for-life\" target=\"_blank\" rel=\"noreferrer noopener\">&#8222;Hauptstadt f\u00fcr das Leben Iberoamerikas&#8220;<\/a> anerkannt. An der Veranstaltung werden der Pr\u00e4sident Guatemalas, Alejandro Giamattei, Mitglieder seiner Regierung und speziell zu diesem Anlass eingeladene Beamte aus anderen lateinamerikanischen Staaten teilnehmen.<\/p>\n\n\n\n<h3 class=\"wp-block-heading\" id=\"h-costo-zero\"><strong>Null Kosten<\/strong><\/h3>\n\n\n\n<p>An diesem Tag wird ein zehn Fu\u00df hohes und zwei Fu\u00df breites Denkmal im neuen &#8222;Patio of Life&#8220; in der Mitte des Palastes aufgestellt. Der Entwurf des Denkmals wurde noch nicht ver\u00f6ffentlicht, aber nach Angaben des <a href=\"https:\/\/evangelicalfocus.com\/tag\/IberoAmerican_Congress_for_Life__and_the_Family\" target=\"_blank\" rel=\"noreferrer noopener\">Ibero-Amerikanischen Kongresses f\u00fcr Leben und Familie<\/a>, der Organisation, die Guatemala den Titel verliehen hat, wird es aus Bronze sein und mehr als eine halbe Tonne wiegen. Das Denkmal wurde in Mexiko hergestellt und wird die Regierung nichts kosten, da es von privaten Spendern finanziert wurde.<\/p>\n\n\n\n<h3 class=\"wp-block-heading\" id=\"h-giornata-per-la-vita\"><strong>Tag f\u00fcr das Leben<\/strong><\/h3>\n\n\n\n<p>Per Pr\u00e4sidialdekret wird die Einweihung mit der Einf\u00fchrung des &#8222;Nationalen Tages des Lebens&#8220; in dem mittelamerikanischen Land zusammenfallen, der somit jedes Jahr am 9. M\u00e4rz begangen wird. &#8222;Das ist ein mutiges Beispiel, und ich hoffe, dass die L\u00e4nder des Kontinents diesem Beispiel folgen und ebenfalls einen nationalen Tag zur Feier des Lebens einf\u00fchren werden&#8220;, sagt Aar\u00f3n Lara, Pr\u00e4sident des Iberoamerikanischen Kongresses f\u00fcr das Leben und die Familie.<\/p>\n","protected":false},"excerpt":{"rendered":"<p>Am 9. M\u00e4rz wird im guatemaltekischen Regierungspalast eine Pro-Life-Statue aufgestellt: Das Datum wird zum nationalen Tag f\u00fcr das Leben<\/p>\n","protected":false},"author":46,"featured_media":122908,"comment_status":"open","ping_status":"open","sticky":false,"template":"","format":"standard","meta":{"give_campaign_id":0,"om_disable_all_campaigns":false,"_monsterinsights_skip_tracking":false,"_monsterinsights_sitenote_active":false,"_monsterinsights_sitenote_note":"","_monsterinsights_sitenote_category":0,"mc4wp_mailchimp_campaign":[],"jnews-multi-image_gallery":[],"jnews_single_post":{"subtitle":"Am 9. M\u00e4rz wird im guatemaltekischen Regierungspalast eine Pro-Life-Statue aufgestellt: Das Datum wird zum nationalen Tag f\u00fcr das Leben","format":"standard","video":"","gallery":"","source_name":"","source_url":"","via_name":"","via_url":"","override":[{"template":"1","single_blog_custom":"","parallax":"1","fullscreen":"1","layout":"right-sidebar","sidebar":"default-sidebar","second_sidebar":"default-sidebar","sticky_sidebar":"1","share_position":"top","share_float_style":"share-monocrhome","show_share_counter":"1","show_view_counter":"1","show_featured":"1","show_post_meta":"1","show_post_author":"1","show_post_author_image":"1","show_post_date":"1","post_date_format":"default","post_date_format_custom":"Y\/m\/d","show_post_category":"1","post_reading_time_wpm":"300","zoom_button_out_step":"2","zoom_button_in_step":"3","show_post_tag":"1","show_prev_next_post":"1","show_popup_post":"1","number_popup_post":"1"}],"image_override":[{"single_post_thumbnail_size":"crop-500","single_post_gallery_size":"crop-500"}],"trending_post_position":"meta","trending_post_label":"Trending","sponsored_post_label":"Sponsored by","sponsored_post_name":"","sponsored_post_url":"","sponsored_post_logo":"","sponsored_post_desc":""},"jnews_primary_category":{"id":"820"},"jnews_social_meta":{"fb_title":"","fb_description":"","fb_image":"","twitter_title":"","twitter_description":"","twitter_image":""},"jnews_override_counter":{"view_counter_number":"0","share_counter_number":"0","like_counter_number":"0","dislike_counter_number":"0"},"footnotes":""},"categories":[816,820,811],"tags":[9388,16478],"class_list":["post-124529","post","type-post","status-publish","format-standard","has-post-thumbnail","hentry","category-breaking-news-de","category-leben","category-foreground-de","tag-aborto-de","tag-guatemala-de"],"yoast_head":"<!-- This site is optimized with the Yoast SEO Premium plugin v25.9 (Yoast SEO v27.3) - https:\/\/yoast.com\/product\/yoast-seo-premium-wordpress\/ -->\n<title>Guatemala: Denkmal f\u00fcr das Leben im Regierungspalast - IFN<\/title>\n<meta name=\"description\" content=\"Am 9. M\u00e4rz wird im guatemaltekischen Regierungspalast eine Pro-Life-Statue aufgestellt: Das Datum wird zum nationalen Tag f\u00fcr das Leben\" \/>\n<meta name=\"robots\" content=\"index, follow, max-snippet:-1, max-image-preview:large, max-video-preview:-1\" \/>\n<link rel=\"canonical\" href=\"https:\/\/ifamnews.com\/de\/guatemala-denkmal-f-r-das-leben-im-regierungspalast\" \/>\n<meta property=\"og:locale\" content=\"de_DE\" \/>\n<meta property=\"og:type\" content=\"article\" \/>\n<meta property=\"og:title\" content=\"Guatemala: Denkmal f\u00fcr das Leben im Regierungspalast\" \/>\n<meta property=\"og:description\" content=\"Am 9. M\u00e4rz wird im guatemaltekischen Regierungspalast eine Pro-Life-Statue aufgestellt: Das Datum wird zum nationalen Tag f\u00fcr das Leben\" \/>\n<meta property=\"og:url\" content=\"https:\/\/ifamnews.com\/de\/guatemala-denkmal-f-r-das-leben-im-regierungspalast\" \/>\n<meta property=\"og:site_name\" content=\"IFN\" \/>\n<meta property=\"article:publisher\" content=\"https:\/\/www.facebook.com\/iFamNews\" \/>\n<meta property=\"article:author\" content=\"https:\/\/www.facebook.com\/iFamNews\/\" \/>\n<meta property=\"article:published_time\" content=\"2022-02-15T07:00:00+00:00\" \/>\n<meta property=\"og:image\" content=\"https:\/\/ifamnews.com\/wp-content\/uploads\/2022\/02\/Image-from-MaxPixel.jpg\" \/>\n\t<meta property=\"og:image:width\" content=\"1200\" \/>\n\t<meta property=\"og:image:height\" content=\"675\" \/>\n\t<meta property=\"og:image:type\" content=\"image\/jpeg\" \/>\n<meta name=\"author\" content=\"iFamNews Italia\" \/>\n<meta name=\"twitter:card\" content=\"summary_large_image\" \/>\n<meta name=\"twitter:creator\" content=\"@https:\/\/twitter.com\/iFamNewsIT\" \/>\n<meta name=\"twitter:site\" content=\"@iFamNewsEN\" \/>\n<meta name=\"twitter:label1\" content=\"Verfasst von\" \/>\n\t<meta name=\"twitter:data1\" content=\"IFN Italien\" \/>\n\t<meta name=\"twitter:label2\" content=\"Gesch\u00e4tzte Lesezeit\" \/>\n\t<meta name=\"twitter:data2\" content=\"1\u00a0Minute\" \/>\n<!-- \/ Yoast SEO Premium plugin. -->","yoast_head_json":{"title":"Guatemala: Denkmal f\u00fcr das Leben im Regierungspalast - IFN","description":"Am 9. M\u00e4rz wird im guatemaltekischen Regierungspalast eine Pro-Life-Statue aufgestellt: Das Datum wird zum nationalen Tag f\u00fcr das Leben","robots":{"index":"index","follow":"follow","max-snippet":"max-snippet:-1","max-image-preview":"max-image-preview:large","max-video-preview":"max-video-preview:-1"},"canonical":"https:\/\/ifamnews.com\/de\/guatemala-denkmal-f-r-das-leben-im-regierungspalast","og_locale":"de_DE","og_type":"article","og_title":"Guatemala: Denkmal f\u00fcr das Leben im Regierungspalast","og_description":"Am 9. M\u00e4rz wird im guatemaltekischen Regierungspalast eine Pro-Life-Statue aufgestellt: Das Datum wird zum nationalen Tag f\u00fcr das Leben","og_url":"https:\/\/ifamnews.com\/de\/guatemala-denkmal-f-r-das-leben-im-regierungspalast","og_site_name":"IFN","article_publisher":"https:\/\/www.facebook.com\/iFamNews","article_author":"https:\/\/www.facebook.com\/iFamNews\/","article_published_time":"2022-02-15T07:00:00+00:00","og_image":[{"width":1200,"height":675,"url":"https:\/\/ifamnews.com\/wp-content\/uploads\/2022\/02\/Image-from-MaxPixel.jpg","type":"image\/jpeg"}],"author":"iFamNews Italia","twitter_card":"summary_large_image","twitter_creator":"@https:\/\/twitter.com\/iFamNewsIT","twitter_site":"@iFamNewsEN","twitter_misc":{"Verfasst von":"IFN Italien","Gesch\u00e4tzte Lesezeit":"1\u00a0Minute"},"schema":{"@context":"https:\/\/schema.org","@graph":[{"@type":"NewsArticle","@id":"https:\/\/ifamnews.com\/de\/guatemala-denkmal-f-r-das-leben-im-regierungspalast#article","isPartOf":{"@id":"https:\/\/ifamnews.com\/de\/guatemala-denkmal-f-r-das-leben-im-regierungspalast"},"author":{"name":"iFamNews Italia","@id":"https:\/\/ifamnews.com\/en\/#\/schema\/person\/fafda7d79212f3690f4af10238556aac"},"headline":"Guatemala: Denkmal f\u00fcr das Leben im Regierungspalast","datePublished":"2022-02-15T07:00:00+00:00","mainEntityOfPage":{"@id":"https:\/\/ifamnews.com\/de\/guatemala-denkmal-f-r-das-leben-im-regierungspalast"},"wordCount":236,"commentCount":0,"publisher":{"@id":"https:\/\/ifamnews.com\/en\/#organization"},"image":{"@id":"https:\/\/ifamnews.com\/de\/guatemala-denkmal-f-r-das-leben-im-regierungspalast#primaryimage"},"thumbnailUrl":"https:\/\/ifamnews.com\/wp-content\/uploads\/2022\/02\/Image-from-MaxPixel.jpg","keywords":["Aborto","Guatemala"],"articleSection":["Breaking News","Leben","Vordergrund"],"inLanguage":"de","potentialAction":[{"@type":"CommentAction","name":"Comment","target":["https:\/\/ifamnews.com\/de\/guatemala-denkmal-f-r-das-leben-im-regierungspalast#respond"]}]},{"@type":"WebPage","@id":"https:\/\/ifamnews.com\/de\/guatemala-denkmal-f-r-das-leben-im-regierungspalast","url":"https:\/\/ifamnews.com\/de\/guatemala-denkmal-f-r-das-leben-im-regierungspalast","name":"Guatemala: Denkmal f\u00fcr das Leben im Regierungspalast - IFN","isPartOf":{"@id":"https:\/\/ifamnews.com\/en\/#website"},"primaryImageOfPage":{"@id":"https:\/\/ifamnews.com\/de\/guatemala-denkmal-f-r-das-leben-im-regierungspalast#primaryimage"},"image":{"@id":"https:\/\/ifamnews.com\/de\/guatemala-denkmal-f-r-das-leben-im-regierungspalast#primaryimage"},"thumbnailUrl":"https:\/\/ifamnews.com\/wp-content\/uploads\/2022\/02\/Image-from-MaxPixel.jpg","datePublished":"2022-02-15T07:00:00+00:00","description":"Am 9. M\u00e4rz wird im guatemaltekischen Regierungspalast eine Pro-Life-Statue aufgestellt: Das Datum wird zum nationalen Tag f\u00fcr das Leben","breadcrumb":{"@id":"https:\/\/ifamnews.com\/de\/guatemala-denkmal-f-r-das-leben-im-regierungspalast#breadcrumb"},"inLanguage":"de","potentialAction":[{"@type":"ReadAction","target":["https:\/\/ifamnews.com\/de\/guatemala-denkmal-f-r-das-leben-im-regierungspalast"]}]},{"@type":"ImageObject","inLanguage":"de","@id":"https:\/\/ifamnews.com\/de\/guatemala-denkmal-f-r-das-leben-im-regierungspalast#primaryimage","url":"https:\/\/ifamnews.com\/wp-content\/uploads\/2022\/02\/Image-from-MaxPixel.jpg","contentUrl":"https:\/\/ifamnews.com\/wp-content\/uploads\/2022\/02\/Image-from-MaxPixel.jpg","width":1200,"height":675,"caption":"Bild von MaxPixel"},{"@type":"BreadcrumbList","@id":"https:\/\/ifamnews.com\/de\/guatemala-denkmal-f-r-das-leben-im-regierungspalast#breadcrumb","itemListElement":[{"@type":"ListItem","position":1,"name":"Home","item":"https:\/\/ifamnews.com\/de"},{"@type":"ListItem","position":2,"name":"Life","item":"https:\/\/ifamnews.com\/en\/category\/life"},{"@type":"ListItem","position":3,"name":"Guatemala: Denkmal f\u00fcr das Leben im Regierungspalast"}]},{"@type":"WebSite","@id":"https:\/\/ifamnews.com\/en\/#website","url":"https:\/\/ifamnews.com\/en\/","name":"IFN","description":"International Family News Network","publisher":{"@id":"https:\/\/ifamnews.com\/en\/#organization"},"potentialAction":[{"@type":"SearchAction","target":{"@type":"EntryPoint","urlTemplate":"https:\/\/ifamnews.com\/en\/?s={search_term_string}"},"query-input":{"@type":"PropertyValueSpecification","valueRequired":true,"valueName":"search_term_string"}}],"inLanguage":"de"},{"@type":"Organization","@id":"https:\/\/ifamnews.com\/en\/#organization","name":"iFamNews","url":"https:\/\/ifamnews.com\/en\/","logo":{"@type":"ImageObject","inLanguage":"de","@id":"https:\/\/ifamnews.com\/en\/#\/schema\/logo\/image\/","url":"https:\/\/ifamnews.com\/wp-content\/uploads\/2020\/01\/Share-logo.png","contentUrl":"https:\/\/ifamnews.com\/wp-content\/uploads\/2020\/01\/Share-logo.png","width":200,"height":200,"caption":"iFamNews"},"image":{"@id":"https:\/\/ifamnews.com\/en\/#\/schema\/logo\/image\/"},"sameAs":["https:\/\/www.facebook.com\/iFamNews","https:\/\/x.com\/iFamNewsEN"]},{"@type":"Person","@id":"https:\/\/ifamnews.com\/en\/#\/schema\/person\/fafda7d79212f3690f4af10238556aac","name":"iFamNews Italia","image":{"@type":"ImageObject","inLanguage":"de","@id":"https:\/\/secure.gravatar.com\/avatar\/2e50539bc89809bc22a0b2bb9dc3d7f67ffd1e564e5461707f0153146f8c99b5?s=96&d=mm&r=g","url":"https:\/\/secure.gravatar.com\/avatar\/2e50539bc89809bc22a0b2bb9dc3d7f67ffd1e564e5461707f0153146f8c99b5?s=96&d=mm&r=g","contentUrl":"https:\/\/secure.gravatar.com\/avatar\/2e50539bc89809bc22a0b2bb9dc3d7f67ffd1e564e5461707f0153146f8c99b5?s=96&d=mm&r=g","caption":"iFamNews Italia"},"description":"Articles published by the Italian iFamNews editorial team.","sameAs":["https:\/\/ifamnews.com\/it","https:\/\/www.facebook.com\/iFamNews\/","https:\/\/x.com\/https:\/\/twitter.com\/iFamNewsIT","https:\/\/www.youtube.com\/channel\/UCMVyIt4z9BANW3d09kwfUpw"],"url":"https:\/\/ifamnews.com\/de\/author\/redazioneit"}]}},"amp_enabled":true,"_links":{"self":[{"href":"https:\/\/ifamnews.com\/de\/wp-json\/wp\/v2\/posts\/124529","targetHints":{"allow":["GET"]}}],"collection":[{"href":"https:\/\/ifamnews.com\/de\/wp-json\/wp\/v2\/posts"}],"about":[{"href":"https:\/\/ifamnews.com\/de\/wp-json\/wp\/v2\/types\/post"}],"author":[{"embeddable":true,"href":"https:\/\/ifamnews.com\/de\/wp-json\/wp\/v2\/users\/46"}],"replies":[{"embeddable":true,"href":"https:\/\/ifamnews.com\/de\/wp-json\/wp\/v2\/comments?post=124529"}],"version-history":[{"count":4,"href":"https:\/\/ifamnews.com\/de\/wp-json\/wp\/v2\/posts\/124529\/revisions"}],"predecessor-version":[{"id":124558,"href":"https:\/\/ifamnews.com\/de\/wp-json\/wp\/v2\/posts\/124529\/revisions\/124558"}],"wp:featuredmedia":[{"embeddable":true,"href":"https:\/\/ifamnews.com\/de\/wp-json\/wp\/v2\/media\/122908"}],"wp:attachment":[{"href":"https:\/\/ifamnews.com\/de\/wp-json\/wp\/v2\/media?parent=124529"}],"wp:term":[{"taxonomy":"category","embeddable":true,"href":"https:\/\/ifamnews.com\/de\/wp-json\/wp\/v2\/categories?post=124529"},{"taxonomy":"post_tag","embeddable":true,"href":"https:\/\/ifamnews.com\/de\/wp-json\/wp\/v2\/tags?post=124529"}],"curies":[{"name":"wp","href":"https:\/\/api.w.org\/{rel}","templated":true}]}}