{"id":123841,"date":"2022-02-14T01:00:00","date_gmt":"2022-02-14T06:00:00","guid":{"rendered":"https:\/\/ifamnews.com\/?p=123841"},"modified":"2022-02-11T05:27:01","modified_gmt":"2022-02-11T10:27:01","slug":"noch-leichter-abtreiben-niederlande-schaffen-bedenkzeit-vor-abtreibungen-ab","status":"publish","type":"post","link":"https:\/\/ifamnews.com\/de\/noch-leichter-abtreiben-niederlande-schaffen-bedenkzeit-vor-abtreibungen-ab","title":{"rendered":"Noch leichter abtreiben: Niederlande schaffen Bedenkzeit vor Abtreibungen ab"},"content":{"rendered":"\n<p>Das niederl\u00e4ndische Parlament hat mit einer deutlichen Mehrheit f\u00fcr die Abschaffung der Bedenkzeit vor Abtreibungen gestimmt.<\/p>\n\n\n\n<p>In den Niederlanden m\u00fcssen Frauen, die eine Abtreibung erw\u00e4gen und dazu ein Arztgespr\u00e4ch f\u00fchren, eine f\u00fcnft\u00e4gige Bedenkzeit abwarten, bevor sie die Abtreibung durchf\u00fchren lassen k\u00f6nnen. Mit der vom Parlament angenommenen Gesetzes\u00e4nderung entscheiden Arzt und Mutter k\u00fcnftig gemeinsam, wie lange die Bedenkzeit vor der Abtreibung sein soll. Eine Abtreibung kann demnach auch schon am selben Tag vorgenommen werden.<\/p>\n\n\n\n<p>F\u00fcr die Gesetzes\u00e4nderung sprachen sich 101 Abgeordnete aus, 38 stimmten dagegen. Die Regierungskoalition blieb in der Frage gespalten. So stimmten die Rechts- und Linksliberalen f\u00fcr die Novelle, die beiden christlichen Koalitionsfraktionen stimmten dagegen.<\/p>\n\n\n\n<p>Das Gesetz muss nun noch vom Niederl\u00e4ndischen Senat angenommen werden.<\/p>\n\n\n\n<p><em><strong>Die Lebens- und Familienrechtsbewegung interessiert Sie? Bleiben Sie immer auf dem neuesten Stand \u2013 abonnieren Sie unseren Newsletter! <\/strong><\/em><a href=\"https:\/\/ifamnews.com\/de\/abonnieren\/\"><em><strong>Registrieren Sie sich hier.<\/strong><\/em><\/a><em><strong> T\u00e4gliche Nachrichten aus den deutschsprachigen L\u00e4ndern und der ganzen Welt!<\/strong><\/em><\/p>\n","protected":false},"excerpt":{"rendered":"<p>F\u00fcr die Gesetzes\u00e4nderung sprachen sich 101 Abgeordnete aus, 38 stimmten dagegen. Das Gesetz muss nun noch von der Ersten Parlamentskammer angenommen werden. <\/p>\n","protected":false},"author":589,"featured_media":107053,"comment_status":"open","ping_status":"open","sticky":false,"template":"","format":"standard","meta":{"give_campaign_id":0,"om_disable_all_campaigns":false,"_monsterinsights_skip_tracking":false,"_monsterinsights_sitenote_active":false,"_monsterinsights_sitenote_note":"","_monsterinsights_sitenote_category":0,"mc4wp_mailchimp_campaign":[],"jnews-multi-image_gallery":[],"jnews_single_post":{"subtitle":"F\u00fcr die Gesetzes\u00e4nderung sprachen sich 101 Abgeordnete aus, 38 stimmten dagegen. Das Gesetz muss nun noch von der Ersten Parlamentskammer angenommen werden. ","format":"standard","video":"","gallery":"","source_name":"","source_url":"","via_name":"","via_url":"","override":[{"template":"1","single_blog_custom":"","parallax":"1","fullscreen":"1","layout":"right-sidebar","sidebar":"default-sidebar","second_sidebar":"default-sidebar","sticky_sidebar":"1","share_position":"top","share_float_style":"share-monocrhome","show_share_counter":"1","show_view_counter":"1","show_featured":"1","show_post_meta":"1","show_post_author":"1","show_post_author_image":"1","show_post_date":"1","post_date_format":"default","post_date_format_custom":"Y\/m\/d","show_post_category":"1","post_reading_time_wpm":"300","zoom_button_out_step":"2","zoom_button_in_step":"3","show_post_tag":"1","show_prev_next_post":"1","show_popup_post":"1","number_popup_post":"1"}],"image_override":[{"single_post_thumbnail_size":"crop-500","single_post_gallery_size":"crop-500"}],"trending_post_position":"meta","trending_post_label":"Trending","sponsored_post_label":"Sponsored by","sponsored_post_name":"","sponsored_post_url":"","sponsored_post_logo":"","sponsored_post_desc":""},"jnews_primary_category":{"id":"820"},"jnews_social_meta":{"fb_title":"","fb_description":"","fb_image":"","twitter_title":"","twitter_description":"","twitter_image":""},"jnews_override_counter":{"view_counter_number":"0","share_counter_number":"0","like_counter_number":"0","dislike_counter_number":"0"},"footnotes":""},"categories":[816,820,811],"tags":[1906,13639,1670,4859],"class_list":["post-123841","post","type-post","status-publish","format-standard","has-post-thumbnail","hentry","category-breaking-news-de","category-leben","category-foreground-de","tag-abtreibung","tag-bedenkzeit","tag-lebensschutz-2","tag-niederlande"],"yoast_head":"<!-- This site is optimized with the Yoast SEO Premium plugin v25.9 (Yoast SEO v27.3) - https:\/\/yoast.com\/product\/yoast-seo-premium-wordpress\/ -->\n<title>Noch leichter abtreiben: Niederlande schaffen Bedenkzeit vor Abtreibungen ab - IFN<\/title>\n<meta name=\"robots\" content=\"index, follow, max-snippet:-1, max-image-preview:large, max-video-preview:-1\" \/>\n<link rel=\"canonical\" href=\"https:\/\/ifamnews.com\/de\/noch-leichter-abtreiben-niederlande-schaffen-bedenkzeit-vor-abtreibungen-ab\" \/>\n<meta property=\"og:locale\" content=\"de_DE\" \/>\n<meta property=\"og:type\" content=\"article\" \/>\n<meta property=\"og:title\" content=\"Noch leichter abtreiben: Niederlande schaffen Bedenkzeit vor Abtreibungen ab\" \/>\n<meta property=\"og:description\" content=\"F\u00fcr die Gesetzes\u00e4nderung sprachen sich 101 Abgeordnete aus, 38 stimmten dagegen. Das Gesetz muss nun noch von der Ersten Parlamentskammer angenommen werden.\" \/>\n<meta property=\"og:url\" content=\"https:\/\/ifamnews.com\/de\/noch-leichter-abtreiben-niederlande-schaffen-bedenkzeit-vor-abtreibungen-ab\" \/>\n<meta property=\"og:site_name\" content=\"IFN\" \/>\n<meta property=\"article:publisher\" content=\"https:\/\/www.facebook.com\/iFamNews\" \/>\n<meta property=\"article:published_time\" content=\"2022-02-14T06:00:00+00:00\" \/>\n<meta property=\"og:image\" content=\"https:\/\/ifamnews.com\/wp-content\/uploads\/2021\/11\/mother-g485632518_19201.jpg\" \/>\n\t<meta property=\"og:image:width\" content=\"1200\" \/>\n\t<meta property=\"og:image:height\" content=\"675\" \/>\n\t<meta property=\"og:image:type\" content=\"image\/jpeg\" \/>\n<meta name=\"author\" content=\"Johann R. Porter\" \/>\n<meta name=\"twitter:card\" content=\"summary_large_image\" \/>\n<meta name=\"twitter:creator\" content=\"@iFamNewsEN\" \/>\n<meta name=\"twitter:site\" content=\"@iFamNewsEN\" \/>\n<meta name=\"twitter:label1\" content=\"Verfasst von\" \/>\n\t<meta name=\"twitter:data1\" content=\"Johann R. Porter\" \/>\n\t<meta name=\"twitter:label2\" content=\"Gesch\u00e4tzte Lesezeit\" \/>\n\t<meta name=\"twitter:data2\" content=\"1\u00a0Minute\" \/>\n<!-- \/ Yoast SEO Premium plugin. -->","yoast_head_json":{"title":"Noch leichter abtreiben: Niederlande schaffen Bedenkzeit vor Abtreibungen ab - IFN","robots":{"index":"index","follow":"follow","max-snippet":"max-snippet:-1","max-image-preview":"max-image-preview:large","max-video-preview":"max-video-preview:-1"},"canonical":"https:\/\/ifamnews.com\/de\/noch-leichter-abtreiben-niederlande-schaffen-bedenkzeit-vor-abtreibungen-ab","og_locale":"de_DE","og_type":"article","og_title":"Noch leichter abtreiben: Niederlande schaffen Bedenkzeit vor Abtreibungen ab","og_description":"F\u00fcr die Gesetzes\u00e4nderung sprachen sich 101 Abgeordnete aus, 38 stimmten dagegen. Das Gesetz muss nun noch von der Ersten Parlamentskammer angenommen werden.","og_url":"https:\/\/ifamnews.com\/de\/noch-leichter-abtreiben-niederlande-schaffen-bedenkzeit-vor-abtreibungen-ab","og_site_name":"IFN","article_publisher":"https:\/\/www.facebook.com\/iFamNews","article_published_time":"2022-02-14T06:00:00+00:00","og_image":[{"width":1200,"height":675,"url":"https:\/\/ifamnews.com\/wp-content\/uploads\/2021\/11\/mother-g485632518_19201.jpg","type":"image\/jpeg"}],"author":"Johann R. Porter","twitter_card":"summary_large_image","twitter_creator":"@iFamNewsEN","twitter_site":"@iFamNewsEN","twitter_misc":{"Verfasst von":"Johann R. Porter","Gesch\u00e4tzte Lesezeit":"1\u00a0Minute"},"schema":{"@context":"https:\/\/schema.org","@graph":[{"@type":"NewsArticle","@id":"https:\/\/ifamnews.com\/de\/noch-leichter-abtreiben-niederlande-schaffen-bedenkzeit-vor-abtreibungen-ab#article","isPartOf":{"@id":"https:\/\/ifamnews.com\/de\/noch-leichter-abtreiben-niederlande-schaffen-bedenkzeit-vor-abtreibungen-ab"},"author":{"name":"Johann R. Porter","@id":"https:\/\/ifamnews.com\/en\/#\/schema\/person\/97c5fc10500c93e36c296295ba21a537"},"headline":"Noch leichter abtreiben: Niederlande schaffen Bedenkzeit vor Abtreibungen ab","datePublished":"2022-02-14T06:00:00+00:00","mainEntityOfPage":{"@id":"https:\/\/ifamnews.com\/de\/noch-leichter-abtreiben-niederlande-schaffen-bedenkzeit-vor-abtreibungen-ab"},"wordCount":172,"commentCount":0,"publisher":{"@id":"https:\/\/ifamnews.com\/en\/#organization"},"image":{"@id":"https:\/\/ifamnews.com\/de\/noch-leichter-abtreiben-niederlande-schaffen-bedenkzeit-vor-abtreibungen-ab#primaryimage"},"thumbnailUrl":"https:\/\/ifamnews.com\/wp-content\/uploads\/2021\/11\/mother-g485632518_19201.jpg","keywords":["Abtreibung","Bedenkzeit","Lebensschutz","Niederlande"],"articleSection":["Breaking News","Leben","Vordergrund"],"inLanguage":"de","potentialAction":[{"@type":"CommentAction","name":"Comment","target":["https:\/\/ifamnews.com\/de\/noch-leichter-abtreiben-niederlande-schaffen-bedenkzeit-vor-abtreibungen-ab#respond"]}]},{"@type":"WebPage","@id":"https:\/\/ifamnews.com\/de\/noch-leichter-abtreiben-niederlande-schaffen-bedenkzeit-vor-abtreibungen-ab","url":"https:\/\/ifamnews.com\/de\/noch-leichter-abtreiben-niederlande-schaffen-bedenkzeit-vor-abtreibungen-ab","name":"Noch leichter abtreiben: Niederlande schaffen Bedenkzeit vor Abtreibungen ab - IFN","isPartOf":{"@id":"https:\/\/ifamnews.com\/en\/#website"},"primaryImageOfPage":{"@id":"https:\/\/ifamnews.com\/de\/noch-leichter-abtreiben-niederlande-schaffen-bedenkzeit-vor-abtreibungen-ab#primaryimage"},"image":{"@id":"https:\/\/ifamnews.com\/de\/noch-leichter-abtreiben-niederlande-schaffen-bedenkzeit-vor-abtreibungen-ab#primaryimage"},"thumbnailUrl":"https:\/\/ifamnews.com\/wp-content\/uploads\/2021\/11\/mother-g485632518_19201.jpg","datePublished":"2022-02-14T06:00:00+00:00","breadcrumb":{"@id":"https:\/\/ifamnews.com\/de\/noch-leichter-abtreiben-niederlande-schaffen-bedenkzeit-vor-abtreibungen-ab#breadcrumb"},"inLanguage":"de","potentialAction":[{"@type":"ReadAction","target":["https:\/\/ifamnews.com\/de\/noch-leichter-abtreiben-niederlande-schaffen-bedenkzeit-vor-abtreibungen-ab"]}]},{"@type":"ImageObject","inLanguage":"de","@id":"https:\/\/ifamnews.com\/de\/noch-leichter-abtreiben-niederlande-schaffen-bedenkzeit-vor-abtreibungen-ab#primaryimage","url":"https:\/\/ifamnews.com\/wp-content\/uploads\/2021\/11\/mother-g485632518_19201.jpg","contentUrl":"https:\/\/ifamnews.com\/wp-content\/uploads\/2021\/11\/mother-g485632518_19201.jpg","width":1200,"height":675},{"@type":"BreadcrumbList","@id":"https:\/\/ifamnews.com\/de\/noch-leichter-abtreiben-niederlande-schaffen-bedenkzeit-vor-abtreibungen-ab#breadcrumb","itemListElement":[{"@type":"ListItem","position":1,"name":"Home","item":"https:\/\/ifamnews.com\/de"},{"@type":"ListItem","position":2,"name":"Leben","item":"https:\/\/ifamnews.com\/de\/kategorie\/leben"},{"@type":"ListItem","position":3,"name":"Noch leichter abtreiben: Niederlande schaffen Bedenkzeit vor Abtreibungen ab"}]},{"@type":"WebSite","@id":"https:\/\/ifamnews.com\/en\/#website","url":"https:\/\/ifamnews.com\/en\/","name":"IFN","description":"International Family News Network","publisher":{"@id":"https:\/\/ifamnews.com\/en\/#organization"},"potentialAction":[{"@type":"SearchAction","target":{"@type":"EntryPoint","urlTemplate":"https:\/\/ifamnews.com\/en\/?s={search_term_string}"},"query-input":{"@type":"PropertyValueSpecification","valueRequired":true,"valueName":"search_term_string"}}],"inLanguage":"de"},{"@type":"Organization","@id":"https:\/\/ifamnews.com\/en\/#organization","name":"iFamNews","url":"https:\/\/ifamnews.com\/en\/","logo":{"@type":"ImageObject","inLanguage":"de","@id":"https:\/\/ifamnews.com\/en\/#\/schema\/logo\/image\/","url":"https:\/\/ifamnews.com\/wp-content\/uploads\/2020\/01\/Share-logo.png","contentUrl":"https:\/\/ifamnews.com\/wp-content\/uploads\/2020\/01\/Share-logo.png","width":200,"height":200,"caption":"iFamNews"},"image":{"@id":"https:\/\/ifamnews.com\/en\/#\/schema\/logo\/image\/"},"sameAs":["https:\/\/www.facebook.com\/iFamNews","https:\/\/x.com\/iFamNewsEN"]},{"@type":"Person","@id":"https:\/\/ifamnews.com\/en\/#\/schema\/person\/97c5fc10500c93e36c296295ba21a537","name":"Johann R. Porter","image":{"@type":"ImageObject","inLanguage":"de","@id":"https:\/\/secure.gravatar.com\/avatar\/b295da437fcd0635c3fe53d90b9545df9d7b3b7681f3a87122ec5cef8870a293?s=96&d=mm&r=g","url":"https:\/\/secure.gravatar.com\/avatar\/b295da437fcd0635c3fe53d90b9545df9d7b3b7681f3a87122ec5cef8870a293?s=96&d=mm&r=g","contentUrl":"https:\/\/secure.gravatar.com\/avatar\/b295da437fcd0635c3fe53d90b9545df9d7b3b7681f3a87122ec5cef8870a293?s=96&d=mm&r=g","caption":"Johann R. Porter"},"description":"A German-speaking social scientist and worker in the pro-life movement. [This author writes under a pseudonym.]","url":"https:\/\/ifamnews.com\/de\/author\/jporter"}]}},"amp_enabled":true,"_links":{"self":[{"href":"https:\/\/ifamnews.com\/de\/wp-json\/wp\/v2\/posts\/123841","targetHints":{"allow":["GET"]}}],"collection":[{"href":"https:\/\/ifamnews.com\/de\/wp-json\/wp\/v2\/posts"}],"about":[{"href":"https:\/\/ifamnews.com\/de\/wp-json\/wp\/v2\/types\/post"}],"author":[{"embeddable":true,"href":"https:\/\/ifamnews.com\/de\/wp-json\/wp\/v2\/users\/589"}],"replies":[{"embeddable":true,"href":"https:\/\/ifamnews.com\/de\/wp-json\/wp\/v2\/comments?post=123841"}],"version-history":[{"count":1,"href":"https:\/\/ifamnews.com\/de\/wp-json\/wp\/v2\/posts\/123841\/revisions"}],"predecessor-version":[{"id":123843,"href":"https:\/\/ifamnews.com\/de\/wp-json\/wp\/v2\/posts\/123841\/revisions\/123843"}],"wp:featuredmedia":[{"embeddable":true,"href":"https:\/\/ifamnews.com\/de\/wp-json\/wp\/v2\/media\/107053"}],"wp:attachment":[{"href":"https:\/\/ifamnews.com\/de\/wp-json\/wp\/v2\/media?parent=123841"}],"wp:term":[{"taxonomy":"category","embeddable":true,"href":"https:\/\/ifamnews.com\/de\/wp-json\/wp\/v2\/categories?post=123841"},{"taxonomy":"post_tag","embeddable":true,"href":"https:\/\/ifamnews.com\/de\/wp-json\/wp\/v2\/tags?post=123841"}],"curies":[{"name":"wp","href":"https:\/\/api.w.org\/{rel}","templated":true}]}}