{"id":117854,"date":"2022-01-26T14:00:00","date_gmt":"2022-01-26T19:00:00","guid":{"rendered":"https:\/\/ifamnews.com\/?p=117854"},"modified":"2022-01-24T07:36:27","modified_gmt":"2022-01-24T12:36:27","slug":"autistischer-sechsj-hriger-bevorzugt-kleider-hochglanzbeispiel-eines-transsexuellen","status":"publish","type":"post","link":"https:\/\/ifamnews.com\/de\/autistischer-sechsj-hriger-bevorzugt-kleider-hochglanzbeispiel-eines-transsexuellen","title":{"rendered":"Autistischer Sechsj\u00e4hriger bevorzugt Kleider &#8211; Hochglanzbeispiel eines Transsexuellen?"},"content":{"rendered":"\n<p>Evan liebt es, R\u00f6cke und Kleider zu tragen, und sagt, er f\u00fchle sich darin h\u00fcbscher und cooler als in Hosen und T-Shirt &#8211; tats\u00e4chlich kleidet er sich, sobald er kann, genauso wie die Disney-Prinzessinnen, die er so gern mag.<\/p>\n\n\n\n<p>Evan ist sechs Jahre alt und ein Junge, aber er tr\u00e4gt M\u00e4dchenkleidung. Er ist <a href=\"https:\/\/www.cbsnews.com\/news\/4-year-old-boy-with-autism-who-likes-to-dress-up-evan-mcleod-finds-magical-friends-in-disneyland-characters-california\/\" target=\"_blank\" rel=\"noreferrer noopener\">eines der Adoptivkinder von Eeka Rocha McLeod, einer <em>alleinerziehenden<\/em><\/a> Mutter, die auf Instagram in perfekt inszenierten, zuckers\u00fc\u00dfen Hochglanzvideos fast jeden Moment aus dem Leben der Kinder <a href=\"https:\/\/www.cbsnews.com\/news\/4-year-old-boy-with-autism-who-likes-to-dress-up-evan-mcleod-finds-magical-friends-in-disneyland-characters-california\/\" target=\"{wpml_trans_unit_7_0_1_-1_1}\" rel=\"{wpml_trans_unit_7_0_1_-1_2} noopener\">festh\u00e4lt<\/a>. Er leidet an Autismus und w\u00fcrde seiner Mutter zufolge seine Freude und Lebenslust am besten in Frauenkleidern, mit langen Haaren und einer Locke roter Farbe zum Ausdruck bringen, wobei er oft mit Feen und M\u00e4rchenheldinnen im Themenpark Disneyland H\u00e4ndchen h\u00e4lt.<\/p>\n\n\n\n<p>K\u00fcrzlich,  <a href=\"https:\/\/www.instagram.com\/tv\/CZC_K1SN7HE\/?utm_medium=share_sheet\" target=\"_blank\" rel=\"noreferrer noopener\">mit einem Video<\/a>, das auch auf dem Instagram-Profil von  <a href=\"https:\/\/www.instagram.com\/themcleodfamily\/\" target=\"_blank\" rel=\"noreferrer noopener\">themcleodfamily<\/a>, Evan traf Robert Reeves, Mick Peterson, Bill Lyons und Jessay Martin, und zwar.  <a href=\"https:\/\/www.nbcnews.com\/nbc-out\/out-pop-culture\/old-gays-are-getting-docuseries-rcna4620\" target=\"_blank\" rel=\"noreferrer noopener\">&#8222;The Old Gays&#8220;<\/a>, eine Gruppe von vier Herren eines gewissen Alters, Aktivisten f\u00fcr LGBT+-Rechte, die zu den Protagonisten einer von Brian Graden Media produzierten Doku-Serie geh\u00f6ren.  <\/p>\n\n\n\n<p>Die vier tragen programmatisch Frauenkleidung und &#8222;fordern jeden Tag Geschlechterstereotypen heraus, ohne Grenzen zu setzen. Die Old Gays erinnern uns mit ihren lustigen Videos daran, wie wichtig es ist, wir selbst zu sein und das zu tun, was uns gut tut, unabh\u00e4ngig von unserem Alter. Das Ziel w\u00e4re, \u00fcber Inklusion zu sprechen, in einer Regenbogenwelt, die nicht diskriminiert.<\/p>\n\n\n\n<p>Das Ph\u00e4nomen, dass <a href=\"https:\/\/www.chedonna.it\/2020\/12\/03\/uomo-etero-veste-abiti-da-donna\/\" target=\"_blank\" rel=\"noreferrer noopener\">M\u00e4nner, auch heterosexuelle M\u00e4nner, gerne Etuikleider<\/a> und Stilettos <a href=\"https:\/\/www.chedonna.it\/2020\/12\/03\/uomo-etero-veste-abiti-da-donna\/\" target=\"{wpml_trans_unit_10_0_1_-1_1}\" rel=\"{wpml_trans_unit_10_0_1_-1_2} noopener\">tragen<\/a>, ist offenbar nicht ganz neu.<\/p>\n\n\n\n<p>Es scheint auch, dass das Erscheinen <a href=\"https:\/\/www.tecnicadellascuola.it\/studenti-con-la-gonna-in-classe-il-prof-non-fa-lezione-e-spiega-i-motivi\" target=\"_blank\" rel=\"noreferrer noopener\">in einem Rock in der Schule<\/a> f\u00fcr <a href=\"https:\/\/www.tecnicadellascuola.it\/studenti-con-la-gonna-in-classe-il-prof-non-fa-lezione-e-spiega-i-motivi\" target=\"{wpml_trans_unit_11_0_1_-1_1}\" rel=\"{wpml_trans_unit_11_0_1_-1_2} noopener\">einige Sch\u00fclerinnen und Sch\u00fcler<\/a> eine Gelegenheit war, ihren Widerstand gegen Sexismus und <em>Geschlechterdiskriminierung<\/em> zu demonstrieren, und zwar so sehr, dass <a href=\"https:\/\/www.milanotoday.it\/attualita\/studente-gonna-bottoni-.html\" target=\"_blank\" rel=\"noreferrer noopener\">eine Lehrerin, die sich weigerte, sie zu unterrichten, \u00c4rger bekam<\/a>.<\/p>\n\n\n\n<p><a href=\"https:\/\/ifamnews.com\/it\/in-afghanistan-bambine-vestite-da-maschi-per-sfuggire-al-controllo-dei-talebani\" target=\"_blank\" rel=\"noreferrer noopener\">Ganz anders die kleine Sanam, die sich als &#8222;Omid&#8220; verkleidet.<\/a>  in M\u00e4nnerkleidung, nur um zur Schule gehen zu k\u00f6nnen, um Fahrrad zu fahren, um seinem Vater an seinem Stand als Maskenverk\u00e4ufer zu helfen, um der weiblichen Segregation eines Afghanistans, das die Frauen hinter die Gitterst\u00e4be ihres eigenen Geschlechts sperrt, ein paar Jahre einer Art Normalit\u00e4t zu entrei\u00dfen.<\/p>\n","protected":false},"excerpt":{"rendered":"<p>Ein Videobericht \u00fcber das Treffen mit den LGBT+-Aktivisten &#8222;The Old Gays&#8220;.<\/p>\n","protected":false},"author":46,"featured_media":117825,"comment_status":"open","ping_status":"open","sticky":false,"template":"","format":"standard","meta":{"give_campaign_id":0,"om_disable_all_campaigns":false,"_monsterinsights_skip_tracking":false,"_monsterinsights_sitenote_active":false,"_monsterinsights_sitenote_note":"","_monsterinsights_sitenote_category":0,"mc4wp_mailchimp_campaign":[],"jnews-multi-image_gallery":[],"jnews_single_post":{"subtitle":"Ein Videobericht \u00fcber das Treffen mit den LGBT+-Aktivisten \"The Old Gays\".","format":"standard","video":"","gallery":"","source_name":"","source_url":"","via_name":"","via_url":"","override":[{"template":"1","single_blog_custom":"","parallax":"1","fullscreen":"1","layout":"right-sidebar","sidebar":"default-sidebar","second_sidebar":"default-sidebar","sticky_sidebar":"1","share_position":"top","share_float_style":"share-monocrhome","show_share_counter":"1","show_view_counter":"1","show_featured":"1","show_post_meta":"1","show_post_author":"1","show_post_author_image":"1","show_post_date":"1","post_date_format":"default","post_date_format_custom":"Y\/m\/d","show_post_category":"1","post_reading_time_wpm":"300","zoom_button_out_step":"2","zoom_button_in_step":"3","show_post_tag":"1","show_prev_next_post":"1","show_popup_post":"1","number_popup_post":"1"}],"image_override":[{"single_post_thumbnail_size":"crop-500","single_post_gallery_size":"crop-500"}],"trending_post_position":"meta","trending_post_label":"Trending","sponsored_post_label":"Sponsored by","sponsored_post_name":"","sponsored_post_url":"","sponsored_post_logo":"","sponsored_post_desc":""},"jnews_primary_category":{"id":"763"},"jnews_social_meta":{"fb_title":"","fb_description":"","fb_image":"","twitter_title":"","twitter_description":"","twitter_image":""},"jnews_override_counter":{"view_counter_number":"0","share_counter_number":"0","like_counter_number":"0","dislike_counter_number":"0"},"footnotes":""},"categories":[816,763,811],"tags":[4457,9204],"class_list":["post-117854","post","type-post","status-publish","format-standard","has-post-thumbnail","hentry","category-breaking-news-de","category-kultur","category-foreground-de","tag-gender-ideologie-2","tag-lgbt-de-2"],"yoast_head":"<!-- This site is optimized with the Yoast SEO Premium plugin v25.9 (Yoast SEO v27.3) - https:\/\/yoast.com\/product\/yoast-seo-premium-wordpress\/ -->\n<title>Autistischer Sechsj\u00e4hriger bevorzugt Kleider - Hochglanzbeispiel eines Transsexuellen? - &quot;iFamNews&quot;.<\/title>\n<meta name=\"description\" content=\"Ein Videobericht \u00fcber das Treffen mit den LGBT+-Aktivisten The Old Gays. Was f\u00fcr ein Unterschied zu afghanischen M\u00e4dchen, die wegen ihrer Weiblichkeit verfolgt werden\" \/>\n<meta name=\"robots\" content=\"index, follow, max-snippet:-1, max-image-preview:large, max-video-preview:-1\" \/>\n<link rel=\"canonical\" href=\"https:\/\/ifamnews.com\/de\/autistischer-sechsj-hriger-bevorzugt-kleider-hochglanzbeispiel-eines-transsexuellen\" \/>\n<meta property=\"og:locale\" content=\"de_DE\" \/>\n<meta property=\"og:type\" content=\"article\" \/>\n<meta property=\"og:title\" content=\"Autistischer Sechsj\u00e4hriger bevorzugt Kleider - Hochglanzbeispiel eines Transsexuellen?\" \/>\n<meta property=\"og:description\" content=\"Ein Videobericht \u00fcber das Treffen mit den LGBT+-Aktivisten The Old Gays. Was f\u00fcr ein Unterschied zu afghanischen M\u00e4dchen, die wegen ihrer Weiblichkeit verfolgt werden\" \/>\n<meta property=\"og:url\" content=\"https:\/\/ifamnews.com\/de\/autistischer-sechsj-hriger-bevorzugt-kleider-hochglanzbeispiel-eines-transsexuellen\" \/>\n<meta property=\"og:site_name\" content=\"IFN\" \/>\n<meta property=\"article:publisher\" content=\"https:\/\/www.facebook.com\/iFamNews\" \/>\n<meta property=\"article:author\" content=\"https:\/\/www.facebook.com\/iFamNews\/\" \/>\n<meta property=\"article:published_time\" content=\"2022-01-26T19:00:00+00:00\" \/>\n<meta property=\"og:image\" content=\"https:\/\/ifamnews.com\/wp-content\/uploads\/2022\/01\/Cattura-12.png\" \/>\n\t<meta property=\"og:image:width\" content=\"1200\" \/>\n\t<meta property=\"og:image:height\" content=\"675\" \/>\n\t<meta property=\"og:image:type\" content=\"image\/png\" \/>\n<meta name=\"author\" content=\"iFamNews Italia\" \/>\n<meta name=\"twitter:card\" content=\"summary_large_image\" \/>\n<meta name=\"twitter:creator\" content=\"@https:\/\/twitter.com\/iFamNewsIT\" \/>\n<meta name=\"twitter:site\" content=\"@iFamNewsEN\" \/>\n<meta name=\"twitter:label1\" content=\"Verfasst von\" \/>\n\t<meta name=\"twitter:data1\" content=\"IFN Italien\" \/>\n\t<meta name=\"twitter:label2\" content=\"Gesch\u00e4tzte Lesezeit\" \/>\n\t<meta name=\"twitter:data2\" content=\"2\u00a0Minuten\" \/>\n<!-- \/ Yoast SEO Premium plugin. -->","yoast_head_json":{"title":"Autistischer Sechsj\u00e4hriger bevorzugt Kleider - Hochglanzbeispiel eines Transsexuellen? - \"iFamNews\".","description":"Ein Videobericht \u00fcber das Treffen mit den LGBT+-Aktivisten The Old Gays. Was f\u00fcr ein Unterschied zu afghanischen M\u00e4dchen, die wegen ihrer Weiblichkeit verfolgt werden","robots":{"index":"index","follow":"follow","max-snippet":"max-snippet:-1","max-image-preview":"max-image-preview:large","max-video-preview":"max-video-preview:-1"},"canonical":"https:\/\/ifamnews.com\/de\/autistischer-sechsj-hriger-bevorzugt-kleider-hochglanzbeispiel-eines-transsexuellen","og_locale":"de_DE","og_type":"article","og_title":"Autistischer Sechsj\u00e4hriger bevorzugt Kleider - Hochglanzbeispiel eines Transsexuellen?","og_description":"Ein Videobericht \u00fcber das Treffen mit den LGBT+-Aktivisten The Old Gays. Was f\u00fcr ein Unterschied zu afghanischen M\u00e4dchen, die wegen ihrer Weiblichkeit verfolgt werden","og_url":"https:\/\/ifamnews.com\/de\/autistischer-sechsj-hriger-bevorzugt-kleider-hochglanzbeispiel-eines-transsexuellen","og_site_name":"IFN","article_publisher":"https:\/\/www.facebook.com\/iFamNews","article_author":"https:\/\/www.facebook.com\/iFamNews\/","article_published_time":"2022-01-26T19:00:00+00:00","og_image":[{"width":1200,"height":675,"url":"https:\/\/ifamnews.com\/wp-content\/uploads\/2022\/01\/Cattura-12.png","type":"image\/png"}],"author":"iFamNews Italia","twitter_card":"summary_large_image","twitter_creator":"@https:\/\/twitter.com\/iFamNewsIT","twitter_site":"@iFamNewsEN","twitter_misc":{"Verfasst von":"IFN Italien","Gesch\u00e4tzte Lesezeit":"2\u00a0Minuten"},"schema":{"@context":"https:\/\/schema.org","@graph":[{"@type":"NewsArticle","@id":"https:\/\/ifamnews.com\/de\/autistischer-sechsj-hriger-bevorzugt-kleider-hochglanzbeispiel-eines-transsexuellen#article","isPartOf":{"@id":"https:\/\/ifamnews.com\/de\/autistischer-sechsj-hriger-bevorzugt-kleider-hochglanzbeispiel-eines-transsexuellen"},"author":{"name":"iFamNews Italia","@id":"https:\/\/ifamnews.com\/en\/#\/schema\/person\/fafda7d79212f3690f4af10238556aac"},"headline":"Autistischer Sechsj\u00e4hriger bevorzugt Kleider &#8211; Hochglanzbeispiel eines Transsexuellen?","datePublished":"2022-01-26T19:00:00+00:00","mainEntityOfPage":{"@id":"https:\/\/ifamnews.com\/de\/autistischer-sechsj-hriger-bevorzugt-kleider-hochglanzbeispiel-eines-transsexuellen"},"wordCount":384,"commentCount":0,"publisher":{"@id":"https:\/\/ifamnews.com\/en\/#organization"},"image":{"@id":"https:\/\/ifamnews.com\/de\/autistischer-sechsj-hriger-bevorzugt-kleider-hochglanzbeispiel-eines-transsexuellen#primaryimage"},"thumbnailUrl":"https:\/\/ifamnews.com\/wp-content\/uploads\/2022\/01\/Cattura-12.png","keywords":["Gender-Ideologie","LGBT+"],"articleSection":["Breaking News","Kultur","Vordergrund"],"inLanguage":"de","potentialAction":[{"@type":"CommentAction","name":"Comment","target":["https:\/\/ifamnews.com\/de\/autistischer-sechsj-hriger-bevorzugt-kleider-hochglanzbeispiel-eines-transsexuellen#respond"]}]},{"@type":"WebPage","@id":"https:\/\/ifamnews.com\/de\/autistischer-sechsj-hriger-bevorzugt-kleider-hochglanzbeispiel-eines-transsexuellen","url":"https:\/\/ifamnews.com\/de\/autistischer-sechsj-hriger-bevorzugt-kleider-hochglanzbeispiel-eines-transsexuellen","name":"Autistischer Sechsj\u00e4hriger bevorzugt Kleider - Hochglanzbeispiel eines Transsexuellen? - \"iFamNews\".","isPartOf":{"@id":"https:\/\/ifamnews.com\/en\/#website"},"primaryImageOfPage":{"@id":"https:\/\/ifamnews.com\/de\/autistischer-sechsj-hriger-bevorzugt-kleider-hochglanzbeispiel-eines-transsexuellen#primaryimage"},"image":{"@id":"https:\/\/ifamnews.com\/de\/autistischer-sechsj-hriger-bevorzugt-kleider-hochglanzbeispiel-eines-transsexuellen#primaryimage"},"thumbnailUrl":"https:\/\/ifamnews.com\/wp-content\/uploads\/2022\/01\/Cattura-12.png","datePublished":"2022-01-26T19:00:00+00:00","description":"Ein Videobericht \u00fcber das Treffen mit den LGBT+-Aktivisten The Old Gays. Was f\u00fcr ein Unterschied zu afghanischen M\u00e4dchen, die wegen ihrer Weiblichkeit verfolgt werden","breadcrumb":{"@id":"https:\/\/ifamnews.com\/de\/autistischer-sechsj-hriger-bevorzugt-kleider-hochglanzbeispiel-eines-transsexuellen#breadcrumb"},"inLanguage":"de","potentialAction":[{"@type":"ReadAction","target":["https:\/\/ifamnews.com\/de\/autistischer-sechsj-hriger-bevorzugt-kleider-hochglanzbeispiel-eines-transsexuellen"]}]},{"@type":"ImageObject","inLanguage":"de","@id":"https:\/\/ifamnews.com\/de\/autistischer-sechsj-hriger-bevorzugt-kleider-hochglanzbeispiel-eines-transsexuellen#primaryimage","url":"https:\/\/ifamnews.com\/wp-content\/uploads\/2022\/01\/Cattura-12.png","contentUrl":"https:\/\/ifamnews.com\/wp-content\/uploads\/2022\/01\/Cattura-12.png","width":1200,"height":675,"caption":"Bild von Instagram"},{"@type":"BreadcrumbList","@id":"https:\/\/ifamnews.com\/de\/autistischer-sechsj-hriger-bevorzugt-kleider-hochglanzbeispiel-eines-transsexuellen#breadcrumb","itemListElement":[{"@type":"ListItem","position":1,"name":"Home","item":"https:\/\/ifamnews.com\/de"},{"@type":"ListItem","position":2,"name":"\u0413\u043b\u0430\u0432\u043d\u0430 \u0432\u0435\u0441\u0442","item":"https:\/\/ifamnews.com\/sr\/kategorija\/glavna-vest"},{"@type":"ListItem","position":3,"name":"Autistischer Sechsj\u00e4hriger bevorzugt Kleider &#8211; Hochglanzbeispiel eines Transsexuellen?"}]},{"@type":"WebSite","@id":"https:\/\/ifamnews.com\/en\/#website","url":"https:\/\/ifamnews.com\/en\/","name":"IFN","description":"International Family News Network","publisher":{"@id":"https:\/\/ifamnews.com\/en\/#organization"},"potentialAction":[{"@type":"SearchAction","target":{"@type":"EntryPoint","urlTemplate":"https:\/\/ifamnews.com\/en\/?s={search_term_string}"},"query-input":{"@type":"PropertyValueSpecification","valueRequired":true,"valueName":"search_term_string"}}],"inLanguage":"de"},{"@type":"Organization","@id":"https:\/\/ifamnews.com\/en\/#organization","name":"iFamNews","url":"https:\/\/ifamnews.com\/en\/","logo":{"@type":"ImageObject","inLanguage":"de","@id":"https:\/\/ifamnews.com\/en\/#\/schema\/logo\/image\/","url":"https:\/\/ifamnews.com\/wp-content\/uploads\/2020\/01\/Share-logo.png","contentUrl":"https:\/\/ifamnews.com\/wp-content\/uploads\/2020\/01\/Share-logo.png","width":200,"height":200,"caption":"iFamNews"},"image":{"@id":"https:\/\/ifamnews.com\/en\/#\/schema\/logo\/image\/"},"sameAs":["https:\/\/www.facebook.com\/iFamNews","https:\/\/x.com\/iFamNewsEN"]},{"@type":"Person","@id":"https:\/\/ifamnews.com\/en\/#\/schema\/person\/fafda7d79212f3690f4af10238556aac","name":"iFamNews Italia","image":{"@type":"ImageObject","inLanguage":"de","@id":"https:\/\/secure.gravatar.com\/avatar\/2e50539bc89809bc22a0b2bb9dc3d7f67ffd1e564e5461707f0153146f8c99b5?s=96&d=mm&r=g","url":"https:\/\/secure.gravatar.com\/avatar\/2e50539bc89809bc22a0b2bb9dc3d7f67ffd1e564e5461707f0153146f8c99b5?s=96&d=mm&r=g","contentUrl":"https:\/\/secure.gravatar.com\/avatar\/2e50539bc89809bc22a0b2bb9dc3d7f67ffd1e564e5461707f0153146f8c99b5?s=96&d=mm&r=g","caption":"iFamNews Italia"},"description":"Articles published by the Italian iFamNews editorial team.","sameAs":["https:\/\/ifamnews.com\/it","https:\/\/www.facebook.com\/iFamNews\/","https:\/\/x.com\/https:\/\/twitter.com\/iFamNewsIT","https:\/\/www.youtube.com\/channel\/UCMVyIt4z9BANW3d09kwfUpw"],"url":"https:\/\/ifamnews.com\/de\/author\/redazioneit"}]}},"amp_enabled":true,"_links":{"self":[{"href":"https:\/\/ifamnews.com\/de\/wp-json\/wp\/v2\/posts\/117854","targetHints":{"allow":["GET"]}}],"collection":[{"href":"https:\/\/ifamnews.com\/de\/wp-json\/wp\/v2\/posts"}],"about":[{"href":"https:\/\/ifamnews.com\/de\/wp-json\/wp\/v2\/types\/post"}],"author":[{"embeddable":true,"href":"https:\/\/ifamnews.com\/de\/wp-json\/wp\/v2\/users\/46"}],"replies":[{"embeddable":true,"href":"https:\/\/ifamnews.com\/de\/wp-json\/wp\/v2\/comments?post=117854"}],"version-history":[{"count":2,"href":"https:\/\/ifamnews.com\/de\/wp-json\/wp\/v2\/posts\/117854\/revisions"}],"predecessor-version":[{"id":118104,"href":"https:\/\/ifamnews.com\/de\/wp-json\/wp\/v2\/posts\/117854\/revisions\/118104"}],"wp:featuredmedia":[{"embeddable":true,"href":"https:\/\/ifamnews.com\/de\/wp-json\/wp\/v2\/media\/117825"}],"wp:attachment":[{"href":"https:\/\/ifamnews.com\/de\/wp-json\/wp\/v2\/media?parent=117854"}],"wp:term":[{"taxonomy":"category","embeddable":true,"href":"https:\/\/ifamnews.com\/de\/wp-json\/wp\/v2\/categories?post=117854"},{"taxonomy":"post_tag","embeddable":true,"href":"https:\/\/ifamnews.com\/de\/wp-json\/wp\/v2\/tags?post=117854"}],"curies":[{"name":"wp","href":"https:\/\/api.w.org\/{rel}","templated":true}]}}