{"id":116617,"date":"2022-01-24T01:00:00","date_gmt":"2022-01-24T06:00:00","guid":{"rendered":"https:\/\/ifamnews.com\/?p=116617"},"modified":"2022-01-20T09:29:18","modified_gmt":"2022-01-20T14:29:18","slug":"die-pandemie-der-verfolgten-christen","status":"publish","type":"post","link":"https:\/\/ifamnews.com\/de\/die-pandemie-der-verfolgten-christen","title":{"rendered":"Die Pandemie der verfolgten Christen"},"content":{"rendered":"\n<p>Seit dem Ausbruch der CoviD-19-Pandemie vor zwei Jahren gibt es eine Kurve, die nie aufgeh\u00f6rt hat zu wachsen: die der Verfolgung von Christen in der ganzen Welt. Dies geht aus dem Bericht hervor <a href=\"https:\/\/www.opendoors.org\/en-US\/persecution\/countries\/\" target=\"_blank\" rel=\"noreferrer noopener\">\n  <em>Weltbeobachtungsliste 2022<\/em>\n<\/a> der NRO <a href=\"https:\/\/www.opendoors.org\/en-US\/\" target=\"_blank\" rel=\"noreferrer noopener\">&#8222;Open Doors&#8220;<\/a>, die gestern in Italien in der Abgeordnetenkammer vorgestellt wurde.<\/p>\n\n\n\n<h3 class=\"wp-block-heading\" id=\"h-i-dati-generali\"><strong>Allgemeine Angaben<\/strong><\/h3>\n\n\n\n<p>Einige Zahlen. Die Zahl der L\u00e4nder mit einem &#8222;hohen&#8220;, &#8222;sehr hohen&#8220; oder &#8222;extremen&#8220; Verfolgungsgrad stieg von 74 auf 76. Die Zahl der verfolgten Christen stieg von 340 Millionen auf 360 Millionen (+5,8%, 1 von 7). Die Zahl der ohne Gerichtsverfahren verhafteten Christen stieg um 44,3 % (von 4.277 auf 6.175). Die Zahl der aus Glaubensgr\u00fcnden Get\u00f6teten stieg um mehr als 23 % (von 4.761 auf 5.898 insgesamt) und die der Entf\u00fchrten sogar um 123,9 % (von 1.710 auf 3.829 insgesamt). Die <a href=\"https:\/\/ifamnews.com\/it\/la-cristianofobia-e-tabu-ma-in-francia-le-chiese-bruciano\" target=\"_blank\" rel=\"noreferrer noopener\">Zahl der Anschl\u00e4ge auf Kirchen und sakrale Geb\u00e4ude<\/a> ist ebenfalls gestiegen (+13,8 %, von 4 488 auf 5 110).<\/p>\n\n\n\n<h3 class=\"wp-block-heading\" id=\"h-i-luoghi-pi-pericolosi-dove-essere-cristiani\"><strong>Die gef\u00e4hrlichsten Orte, um ein Christ zu sein<\/strong><\/h3>\n\n\n\n<p>Jedes Jahr erstellt &#8222;Open Doors&#8220; eine Liste der L\u00e4nder, in denen die Christenverfolgung am st\u00e4rksten ist. Im j\u00fcngsten Bericht gibt es ein Novum auf den oberen R\u00e4ngen dieser Liste: Nach zwanzig Jahren an der Spitze wurde Nordkorea von Afghanistan verdr\u00e4ngt, obwohl es dort ein Wiederaufleben der Christenfeindlichkeit gibt. Die Macht\u00fcbernahme durch die Taliban und die daraus resultierende Krise sind die treibende Kraft hinter der Verletzung der Grundfreiheiten. Es ist jedoch anzumerken, dass Afghanistan im letzten Jahr an zweiter Stelle stand, so dass Religionsfreiheit schon vor der Ankunft der Taliban ein Wunschtraum war. Auf der untersten Stufe dieses wenig beneidenswerten Podiums steht Somalia, gefolgt von Libyen, Jemen, Eritrea, Nigeria und Pakistan.<\/p>\n\n\n\n<h3 class=\"wp-block-heading\" id=\"h-il-modello-cina\"><strong>Das Modell China<\/strong><\/h3>\n\n\n\n<p>In seiner Rede vor dem Plenum betonte Cristian Nani, Direktor von &#8222;Open Doors&#8220;, das &#8222;Modell der zentralisierten Kontrolle der Religionsfreiheit, das China anwendet&#8220;. Es sei ein Modell, das in andere asiatische L\u00e4nder exportiert werde. &#8222;Dies bedeutet, dass Chinas Einfluss in der Welt der Verfolgung \u00fcber den 17. Platz in der Rangliste hinausgeht.<\/p>\n\n\n\n<h3 class=\"wp-block-heading\" id=\"h-il-propulsore-covid-19\"><strong>Der CoVID-19-Motor<\/strong><\/h3>\n\n\n\n<p>Im zweiten Jahr in Folge betonte Nani, dass sich CoViD-19 und die damit verbundenen Einschr\u00e4nkungen als &#8222;Beschleuniger der sozialen und wirtschaftlichen Verwundbarkeit von Christen&#8220; erwiesen h\u00e4tten. Der Direktor von &#8222;Open Doors&#8220; sagt, dass Christen &#8222;bei der Verteilung von Hilfsg\u00fctern oder medizinischer Versorgung ganz hinten in der Schlange stehen&#8220;. So nutzen autorit\u00e4re Regierungen oder kriminelle Organisationen CoViD-19, um christliche Gemeinschaften zu schikanieren&#8220;, f\u00fcgte er hinzu.<\/p>\n\n\n\n<h3 class=\"wp-block-heading\" id=\"h-i-trattati-bilaterali\"><strong>Bilaterale Vertr\u00e4ge<\/strong><\/h3>\n\n\n\n<p>In Bezug auf Regierungen, die die Diskriminierung oder Verfolgung von Christen f\u00f6rdern, bekr\u00e4ftigte <a href=\"https:\/\/ifamnews.com\/it\/cristiani-perseguitati-la-denuncia-di-ifamnews-arriva-a-di-maio\" target=\"_blank\" rel=\"noreferrer noopener\">Andrea Delmastro<\/a>, Abgeordneter der Fratelli d&#8217;Italia und Vorsitzender der parlamentarischen Intergruppe f\u00fcr die Verteidigung der Religionsfreiheit der Christen in der Welt, die Frage der Achtung religi\u00f6ser Minderheiten in allen bilateralen Vertr\u00e4gen, an denen Italien beteiligt ist. In diesem Zusammenhang teilte er mit, dass es uns gestern im Rahmen einer Entschlie\u00dfung zur indo-pazifischen Region gelungen sei, &#8222;die Zusammenarbeit mit China von einem Zeitplan Pekings zur Achtung der religi\u00f6sen Rechte abh\u00e4ngig zu machen&#8220;.<\/p>\n","protected":false},"excerpt":{"rendered":"<p>Neuer Bericht von &#8222;Open Doors&#8220;: Afghanistan ist das christenfeindlichste Land  <\/p>\n","protected":false},"author":15,"featured_media":116529,"comment_status":"open","ping_status":"open","sticky":false,"template":"","format":"standard","meta":{"give_campaign_id":0,"om_disable_all_campaigns":false,"_monsterinsights_skip_tracking":false,"_monsterinsights_sitenote_active":false,"_monsterinsights_sitenote_note":"","_monsterinsights_sitenote_category":0,"mc4wp_mailchimp_campaign":[],"jnews-multi-image_gallery":[],"jnews_single_post":{"subtitle":"Neuer Bericht von \"Open Doors\": Afghanistan ist das christenfeindlichste Land  ","format":"standard","video":"","gallery":"","source_name":"","source_url":"","via_name":"","via_url":"","override":[{"template":"1","single_blog_custom":"","parallax":"1","fullscreen":"1","layout":"right-sidebar","sidebar":"default-sidebar","second_sidebar":"default-sidebar","sticky_sidebar":"1","share_position":"top","share_float_style":"share-monocrhome","show_share_counter":"1","show_view_counter":"1","show_featured":"1","show_post_meta":"1","show_post_author":"1","show_post_author_image":"1","show_post_date":"1","post_date_format":"default","post_date_format_custom":"Y\/m\/d","show_post_category":"1","post_reading_time_wpm":"300","zoom_button_out_step":"2","zoom_button_in_step":"3","show_post_tag":"1","show_prev_next_post":"1","show_popup_post":"1","number_popup_post":"1"}],"image_override":[{"single_post_thumbnail_size":"crop-500","single_post_gallery_size":"crop-500"}],"trending_post_position":"meta","trending_post_label":"Trending","sponsored_post_label":"Sponsored by","sponsored_post_name":"","sponsored_post_url":"","sponsored_post_logo":"","sponsored_post_desc":""},"jnews_primary_category":{"id":"763"},"jnews_social_meta":{"fb_title":"","fb_description":"","fb_image":"","twitter_title":"","twitter_description":"","twitter_image":""},"jnews_override_counter":{"view_counter_number":"0","share_counter_number":"0","like_counter_number":"0","dislike_counter_number":"0"},"footnotes":""},"categories":[816,763,811],"tags":[8267],"class_list":["post-116617","post","type-post","status-publish","format-standard","has-post-thumbnail","hentry","category-breaking-news-de","category-kultur","category-foreground-de","tag-christenverfolgung-2"],"yoast_head":"<!-- This site is optimized with the Yoast SEO Premium plugin v25.9 (Yoast SEO v27.3) - https:\/\/yoast.com\/product\/yoast-seo-premium-wordpress\/ -->\n<title>Die Pandemie der verfolgten Christen - IFN<\/title>\n<meta name=\"description\" content=\"Neuer Bericht von &quot;Open Doors&quot;: Afghanistan ist das Land, in dem Christen am meisten verfolgt werden. An zweiter Stelle Nordkorea\" \/>\n<meta name=\"robots\" content=\"index, follow, max-snippet:-1, max-image-preview:large, max-video-preview:-1\" \/>\n<link rel=\"canonical\" href=\"https:\/\/ifamnews.com\/de\/die-pandemie-der-verfolgten-christen\" \/>\n<meta property=\"og:locale\" content=\"de_DE\" \/>\n<meta property=\"og:type\" content=\"article\" \/>\n<meta property=\"og:title\" content=\"Die Pandemie der verfolgten Christen\" \/>\n<meta property=\"og:description\" content=\"Neuer Bericht von &quot;Open Doors&quot;: Afghanistan ist das Land, in dem Christen am meisten verfolgt werden. An zweiter Stelle Nordkorea\" \/>\n<meta property=\"og:url\" content=\"https:\/\/ifamnews.com\/de\/die-pandemie-der-verfolgten-christen\" \/>\n<meta property=\"og:site_name\" content=\"IFN\" \/>\n<meta property=\"article:publisher\" content=\"https:\/\/www.facebook.com\/iFamNews\" \/>\n<meta property=\"article:published_time\" content=\"2022-01-24T06:00:00+00:00\" \/>\n<meta property=\"og:image\" content=\"https:\/\/ifamnews.com\/wp-content\/uploads\/2022\/01\/Image-from-Rawpixel.jpg\" \/>\n\t<meta property=\"og:image:width\" content=\"1200\" \/>\n\t<meta property=\"og:image:height\" content=\"675\" \/>\n\t<meta property=\"og:image:type\" content=\"image\/jpeg\" \/>\n<meta name=\"author\" content=\"Federico Cenci\" \/>\n<meta name=\"twitter:card\" content=\"summary_large_image\" \/>\n<meta name=\"twitter:creator\" content=\"@https:\/\/twitter.com\/fedecenci\" \/>\n<meta name=\"twitter:site\" content=\"@iFamNewsEN\" \/>\n<meta name=\"twitter:label1\" content=\"Verfasst von\" \/>\n\t<meta name=\"twitter:data1\" content=\"Federico Cenci\" \/>\n\t<meta name=\"twitter:label2\" content=\"Gesch\u00e4tzte Lesezeit\" \/>\n\t<meta name=\"twitter:data2\" content=\"3\u00a0Minuten\" \/>\n<!-- \/ Yoast SEO Premium plugin. -->","yoast_head_json":{"title":"Die Pandemie der verfolgten Christen - IFN","description":"Neuer Bericht von \"Open Doors\": Afghanistan ist das Land, in dem Christen am meisten verfolgt werden. An zweiter Stelle Nordkorea","robots":{"index":"index","follow":"follow","max-snippet":"max-snippet:-1","max-image-preview":"max-image-preview:large","max-video-preview":"max-video-preview:-1"},"canonical":"https:\/\/ifamnews.com\/de\/die-pandemie-der-verfolgten-christen","og_locale":"de_DE","og_type":"article","og_title":"Die Pandemie der verfolgten Christen","og_description":"Neuer Bericht von \"Open Doors\": Afghanistan ist das Land, in dem Christen am meisten verfolgt werden. An zweiter Stelle Nordkorea","og_url":"https:\/\/ifamnews.com\/de\/die-pandemie-der-verfolgten-christen","og_site_name":"IFN","article_publisher":"https:\/\/www.facebook.com\/iFamNews","article_published_time":"2022-01-24T06:00:00+00:00","og_image":[{"width":1200,"height":675,"url":"https:\/\/ifamnews.com\/wp-content\/uploads\/2022\/01\/Image-from-Rawpixel.jpg","type":"image\/jpeg"}],"author":"Federico Cenci","twitter_card":"summary_large_image","twitter_creator":"@https:\/\/twitter.com\/fedecenci","twitter_site":"@iFamNewsEN","twitter_misc":{"Verfasst von":"Federico Cenci","Gesch\u00e4tzte Lesezeit":"3\u00a0Minuten"},"schema":{"@context":"https:\/\/schema.org","@graph":[{"@type":"NewsArticle","@id":"https:\/\/ifamnews.com\/de\/die-pandemie-der-verfolgten-christen#article","isPartOf":{"@id":"https:\/\/ifamnews.com\/de\/die-pandemie-der-verfolgten-christen"},"author":{"name":"Federico Cenci","@id":"https:\/\/ifamnews.com\/en\/#\/schema\/person\/555378c4ec9e01d40ab9f2b5cee0c318"},"headline":"Die Pandemie der verfolgten Christen","datePublished":"2022-01-24T06:00:00+00:00","mainEntityOfPage":{"@id":"https:\/\/ifamnews.com\/de\/die-pandemie-der-verfolgten-christen"},"wordCount":485,"commentCount":0,"publisher":{"@id":"https:\/\/ifamnews.com\/en\/#organization"},"image":{"@id":"https:\/\/ifamnews.com\/de\/die-pandemie-der-verfolgten-christen#primaryimage"},"thumbnailUrl":"https:\/\/ifamnews.com\/wp-content\/uploads\/2022\/01\/Image-from-Rawpixel.jpg","keywords":["Christenverfolgung"],"articleSection":["Breaking News","Kultur","Vordergrund"],"inLanguage":"de","potentialAction":[{"@type":"CommentAction","name":"Comment","target":["https:\/\/ifamnews.com\/de\/die-pandemie-der-verfolgten-christen#respond"]}]},{"@type":"WebPage","@id":"https:\/\/ifamnews.com\/de\/die-pandemie-der-verfolgten-christen","url":"https:\/\/ifamnews.com\/de\/die-pandemie-der-verfolgten-christen","name":"Die Pandemie der verfolgten Christen - IFN","isPartOf":{"@id":"https:\/\/ifamnews.com\/en\/#website"},"primaryImageOfPage":{"@id":"https:\/\/ifamnews.com\/de\/die-pandemie-der-verfolgten-christen#primaryimage"},"image":{"@id":"https:\/\/ifamnews.com\/de\/die-pandemie-der-verfolgten-christen#primaryimage"},"thumbnailUrl":"https:\/\/ifamnews.com\/wp-content\/uploads\/2022\/01\/Image-from-Rawpixel.jpg","datePublished":"2022-01-24T06:00:00+00:00","description":"Neuer Bericht von \"Open Doors\": Afghanistan ist das Land, in dem Christen am meisten verfolgt werden. An zweiter Stelle Nordkorea","breadcrumb":{"@id":"https:\/\/ifamnews.com\/de\/die-pandemie-der-verfolgten-christen#breadcrumb"},"inLanguage":"de","potentialAction":[{"@type":"ReadAction","target":["https:\/\/ifamnews.com\/de\/die-pandemie-der-verfolgten-christen"]}]},{"@type":"ImageObject","inLanguage":"de","@id":"https:\/\/ifamnews.com\/de\/die-pandemie-der-verfolgten-christen#primaryimage","url":"https:\/\/ifamnews.com\/wp-content\/uploads\/2022\/01\/Image-from-Rawpixel.jpg","contentUrl":"https:\/\/ifamnews.com\/wp-content\/uploads\/2022\/01\/Image-from-Rawpixel.jpg","width":1200,"height":675,"caption":"Bild von Rawpixel"},{"@type":"BreadcrumbList","@id":"https:\/\/ifamnews.com\/de\/die-pandemie-der-verfolgten-christen#breadcrumb","itemListElement":[{"@type":"ListItem","position":1,"name":"Home","item":"https:\/\/ifamnews.com\/de"},{"@type":"ListItem","position":2,"name":"Cultura","item":"https:\/\/ifamnews.com\/it\/categoria\/cultura"},{"@type":"ListItem","position":3,"name":"Die Pandemie der verfolgten Christen"}]},{"@type":"WebSite","@id":"https:\/\/ifamnews.com\/en\/#website","url":"https:\/\/ifamnews.com\/en\/","name":"IFN","description":"International Family News Network","publisher":{"@id":"https:\/\/ifamnews.com\/en\/#organization"},"potentialAction":[{"@type":"SearchAction","target":{"@type":"EntryPoint","urlTemplate":"https:\/\/ifamnews.com\/en\/?s={search_term_string}"},"query-input":{"@type":"PropertyValueSpecification","valueRequired":true,"valueName":"search_term_string"}}],"inLanguage":"de"},{"@type":"Organization","@id":"https:\/\/ifamnews.com\/en\/#organization","name":"iFamNews","url":"https:\/\/ifamnews.com\/en\/","logo":{"@type":"ImageObject","inLanguage":"de","@id":"https:\/\/ifamnews.com\/en\/#\/schema\/logo\/image\/","url":"https:\/\/ifamnews.com\/wp-content\/uploads\/2020\/01\/Share-logo.png","contentUrl":"https:\/\/ifamnews.com\/wp-content\/uploads\/2020\/01\/Share-logo.png","width":200,"height":200,"caption":"iFamNews"},"image":{"@id":"https:\/\/ifamnews.com\/en\/#\/schema\/logo\/image\/"},"sameAs":["https:\/\/www.facebook.com\/iFamNews","https:\/\/x.com\/iFamNewsEN"]},{"@type":"Person","@id":"https:\/\/ifamnews.com\/en\/#\/schema\/person\/555378c4ec9e01d40ab9f2b5cee0c318","name":"Federico Cenci","image":{"@type":"ImageObject","inLanguage":"de","@id":"https:\/\/secure.gravatar.com\/avatar\/535f77b8447d05f39d4ca941654f7a7b7d712f3d72f0b4b185747785f5a8e745?s=96&d=mm&r=g","url":"https:\/\/secure.gravatar.com\/avatar\/535f77b8447d05f39d4ca941654f7a7b7d712f3d72f0b4b185747785f5a8e745?s=96&d=mm&r=g","contentUrl":"https:\/\/secure.gravatar.com\/avatar\/535f77b8447d05f39d4ca941654f7a7b7d712f3d72f0b4b185747785f5a8e745?s=96&d=mm&r=g","caption":"Federico Cenci"},"description":"Federico Cenci worked from 2013 to 2017 at the Catholic Zenit press agency dealing with social and religious issues, bioethics, family policies, as well as domestic and international politics. He then continued his business with In Terris, and currently with various newspapers and periodicals. In 2020 he wrote the novel \"East Berlin 2.0 - Notes between dystopia and reality\"","sameAs":["https:\/\/x.com\/https:\/\/twitter.com\/fedecenci"],"url":"https:\/\/ifamnews.com\/de\/author\/fcenci"}]}},"amp_enabled":true,"_links":{"self":[{"href":"https:\/\/ifamnews.com\/de\/wp-json\/wp\/v2\/posts\/116617","targetHints":{"allow":["GET"]}}],"collection":[{"href":"https:\/\/ifamnews.com\/de\/wp-json\/wp\/v2\/posts"}],"about":[{"href":"https:\/\/ifamnews.com\/de\/wp-json\/wp\/v2\/types\/post"}],"author":[{"embeddable":true,"href":"https:\/\/ifamnews.com\/de\/wp-json\/wp\/v2\/users\/15"}],"replies":[{"embeddable":true,"href":"https:\/\/ifamnews.com\/de\/wp-json\/wp\/v2\/comments?post=116617"}],"version-history":[{"count":3,"href":"https:\/\/ifamnews.com\/de\/wp-json\/wp\/v2\/posts\/116617\/revisions"}],"predecessor-version":[{"id":116749,"href":"https:\/\/ifamnews.com\/de\/wp-json\/wp\/v2\/posts\/116617\/revisions\/116749"}],"wp:featuredmedia":[{"embeddable":true,"href":"https:\/\/ifamnews.com\/de\/wp-json\/wp\/v2\/media\/116529"}],"wp:attachment":[{"href":"https:\/\/ifamnews.com\/de\/wp-json\/wp\/v2\/media?parent=116617"}],"wp:term":[{"taxonomy":"category","embeddable":true,"href":"https:\/\/ifamnews.com\/de\/wp-json\/wp\/v2\/categories?post=116617"},{"taxonomy":"post_tag","embeddable":true,"href":"https:\/\/ifamnews.com\/de\/wp-json\/wp\/v2\/tags?post=116617"}],"curies":[{"name":"wp","href":"https:\/\/api.w.org\/{rel}","templated":true}]}}