{"id":116460,"date":"2022-01-27T01:00:00","date_gmt":"2022-01-27T06:00:00","guid":{"rendered":"https:\/\/ifamnews.com\/?p=116460"},"modified":"2022-01-20T09:33:27","modified_gmt":"2022-01-20T14:33:27","slug":"depaul-university-eine-angeblich-katholische-einrichtung-die-die-lehre-der-kirche-mit-f-en-tritt","status":"publish","type":"post","link":"https:\/\/ifamnews.com\/de\/depaul-university-eine-angeblich-katholische-einrichtung-die-die-lehre-der-kirche-mit-f-en-tritt","title":{"rendered":"DePaul University: eine angeblich katholische Einrichtung, die die Lehre der Kirche mit F\u00fc\u00dfen tritt"},"content":{"rendered":"\n<p>Wenn es etwas gibt, dessen sich die katholische Kirche sicher ist, dann ist es, dass es nur zwei Geschlechter gibt &#8211; Mann und Frau &#8211; und dass Geschlecht und Gender eng miteinander verbunden sind. Hinsichtlich der Tatsache, dass es nur zwei Geschlechter gibt, hat sich die Kirche stets an Genesis 1,27 gehalten: &#8222;So schuf Gott den Menschen zu seinem Bilde, zum Bilde Gottes schuf er ihn; als <em>Mann und Frau schuf er sie<\/em>.&#8220; Im katholischen Katechismus, der die Lehren der Kirche enth\u00e4lt, hei\u00dft es: &#8222;Mann und Frau sind  <em>geschaffen<\/em>, d.h.,  von Gott<em>gewollt<\/em>&#8230; &#8222;Mann sein&#8220; oder &#8222;Frau sein&#8220; ist eine Realit\u00e4t, die gut und von Gott gewollt ist&#8230;.&#8220; (Abs. 369) Es gibt also nur zwei Geschlechter; es gibt keine dritte (oder vierte, f\u00fcnfte usw.) M\u00f6glichkeit.<\/p>\n\n\n\n<p>Im Katholischen Katechismus hei\u00dft es, dass Geschlecht und Gender eng miteinander verbunden sind: &#8222;Die Einheit von Seele und Leib ist so tief, dass man die Seele als &#8222;Form&#8220; des Leibes betrachten muss: d.h. der aus Materie bestehende Leib wird durch seine geistige Seele zu einem lebendigen, menschlichen Leib; Geist und Materie sind im Menschen nicht zwei vereinigte Naturen, sondern ihre Vereinigung bildet eine einzige Natur.&#8220; (para. 365) Im Vatikanum 2019  In dem<a href=\"http:\/\/www.educatio.va\/content\/dam\/cec\/Documenti\/19_0997_INGLESE.pdf\" target=\"_blank\" rel=\"noreferrer noopener\">Dokument<\/a> &#8222;Male and Female He Created Them&#8220; (M\u00e4nnlich und weiblich hat er sie erschaffen) erkl\u00e4rt die Kirche, dass eines der Hauptprobleme der postmodernen Gender-Theorie in der Trennung von Sex und Gender besteht:<\/p>\n\n\n\n<p>&#8222;In diesem kulturellen Kontext ist es klar, dass Sex und Gender nicht l\u00e4nger Synonyme oder austauschbare Begriffe sind, da sie verwendet werden, um zwei unterschiedliche Realit\u00e4ten zu beschreiben. Sex wird als die Definition der Zugeh\u00f6rigkeit zu einer der beiden biologischen Kategorien (abgeleitet von der urspr\u00fcnglichen weiblich-m\u00e4nnlichen Dyade) gesehen. Gender hingegen ist die Art und Weise, in der die Unterschiede zwischen den Geschlechtern in jeder Kultur gelebt werden. Das Problem liegt hier nicht in der Unterscheidung zwischen den beiden Begriffen, die richtig interpretiert werden kann, sondern in der Trennung von sex und gender. Diese Trennung ist die Ursache f\u00fcr die vorgeschlagenen Unterscheidungen zwischen verschiedenen &#8222;sexuellen Orientierungen&#8220;, die nicht mehr durch den Geschlechtsunterschied zwischen Mann und Frau definiert sind, sondern andere Formen annehmen k\u00f6nnen, die allein vom Individuum bestimmt werden, das als radikal autonom angesehen wird. Dar\u00fcber hinaus wird das Konzept des Geschlechts als abh\u00e4ngig von der subjektiven Einstellung jeder Person betrachtet, die ein Geschlecht w\u00e4hlen kann, das nicht ihrem biologischen Geschlecht entspricht, und damit auch von der Art und Weise, wie andere diese Person sehen (Transgenderismus)&#8220;.<\/p>\n\n\n\n<p>Trotz der sehr klaren katholischen Lehre \u00fcber die Anzahl der Geschlechter und die enge Beziehung zwischen Sex und Gender hat sich die (angeblich) gr\u00f6\u00dfte katholische Universit\u00e4t Amerikas \u00f6ffentlich von diesen Lehren distanziert. Wie im <a href=\"https:\/\/www.dailywire.com\/news\/americas-largest-catholic-college-now-promoting-at-least-eight-different-genders?inf_contact_key=6135354986bd6d17ee24ba1dfae4046fb7af0999dac2af6212784c39e05d2aef\" target=\"_blank\" rel=\"noreferrer noopener\">Daily Wire<\/a> berichtet, erlaubt die DePaul University of Chicago ihren Studierenden nun, auf offiziellen Universit\u00e4tsdokumenten und anderen Formularen zwischen bis zu 8 Geschlechtern zu w\u00e4hlen. Die Sch\u00fcler k\u00f6nnen w\u00e4hlen zwischen m\u00e4nnlich, weiblich, intersexuell, nicht-bin\u00e4r, transgender-m\u00e4nnlich, transgender-weiblich, cisgender, nicht spezifiziert und &#8222;Ich m\u00f6chte mich nicht selbst identifizieren&#8220;. Das ist viel mehr als die beiden Optionen, die die Kirche anerkennt.<\/p>\n\n\n\n<p>Da eine einflussreiche katholische Institution sich \u00f6ffentlich gegen die etablierte Lehre der Kirche stellt und einen Skandal verursacht, sollte die Kirche einschreiten und diese Institution korrigieren. Die Person in der Kirche, die dies normalerweise tun w\u00fcrde, ist der Bischof der Di\u00f6zese, in der sich die Einrichtung befindet; in diesem Fall ist es Kardinal Blaise Cupich von Chicago. Aber wir sollten nicht erwarten, dass Cupich etwas unternimmt <em>, da er selbst in dieser Frage h\u00e4retisch ist<\/em>. Wie Cupich 2017 <a href=\"https:\/\/www.americamagazine.org\/politics-society\/2017\/07\/18\/chicagos-cardinal-cupich-saying-gay-lesbian-and-lgbt-step-toward\" target=\"_blank\" rel=\"noreferrer noopener\">erkl\u00e4rte<\/a>:<\/p>\n\n\n\n<p>&#8222;Ich denke, dass die Begriffe schwul und lesbisch, LGBT, all diese Bezeichnungen, die die Menschen f\u00fcr sich selbst verwenden, respektiert werden sollten. Die Menschen sollten so genannt werden, wie sie genannt werden wollen, anstatt dass wir uns Begriffe ausdenken, mit denen wir uns vielleicht wohler f\u00fchlen. Damit f\u00e4ngt es also an.&#8220;<\/p>\n\n\n\n<p>In der Tat gilt Cupich als einer der einflussreichsten Kirchenf\u00fchrer, der die LGBT-Agenda unterst\u00fctzt.<\/p>\n\n\n\n<p>Cupich widersetzt sich auch notorisch anderen kirchlichen Lehren, insbesondere der Lehre, dass katholischen Politikern, die reuelos die Abtreibung unterst\u00fctzen, die Kommunion verweigert werden sollte. Wegen seiner linken Positionen wurde Cupich sogar <a href=\"https:\/\/www.lifesitenews.com\/video\/cardinal-cupich-booed-off-stage-at-chicago-march-for-life\/\" target=\"_blank\" rel=\"noreferrer noopener\">ausgebuht<\/a>, als er diesen Monat auf einer Pro-Life-Kundgebung in Chicago eine Rede hielt. Wir k\u00f6nnen also nicht erwarten, dass Kardinal Cupich die DePaul University korrigiert.<\/p>\n\n\n\n<p>Wer wird der Universit\u00e4t mutig entgegentreten und die Lehre der Kirche verteidigen? W\u00e4re die DePaul University eine s\u00e4kulare Einrichtung, m\u00fcsste sie sich nicht mit der katholischen Lehre befassen. Da sie sich jedoch als &#8222;katholische&#8220; Universit\u00e4t ausgibt, muss sie sich entweder an die kirchliche Lehre halten oder sich nicht mehr als katholisch bezeichnen. Hoffen wir, dass die Kirche den Mut aufbringt, sich f\u00fcr DePaul zu entscheiden.<\/p>\n","protected":false},"excerpt":{"rendered":"<p>Gut f\u00fcr DePaul, das unter dem wachsamen Auge von Kardinal Blaise Cupich arbeitet. Das ist schlecht f\u00fcr die katholische Kirche, denn die F\u00f6rderung der LGBT-Agenda durch die Universit\u00e4t ist nur ein normales Gesch\u00e4ft.<\/p>\n","protected":false},"author":651,"featured_media":116446,"comment_status":"open","ping_status":"open","sticky":false,"template":"","format":"standard","meta":{"give_campaign_id":0,"om_disable_all_campaigns":false,"_monsterinsights_skip_tracking":false,"_monsterinsights_sitenote_active":false,"_monsterinsights_sitenote_note":"","_monsterinsights_sitenote_category":0,"mc4wp_mailchimp_campaign":[],"jnews-multi-image_gallery":[],"jnews_single_post":{"subtitle":"Gut f\u00fcr DePaul, das unter dem wachsamen Auge von Kardinal Blaise Cupich arbeitet. Das ist schlecht f\u00fcr die katholische Kirche, denn die F\u00f6rderung der LGBT-Agenda durch die Universit\u00e4t ist nur ein normales Gesch\u00e4ft.","format":"standard","video":"","gallery":"","source_name":"","source_url":"","via_name":"","via_url":"","override":[{"template":"1","single_blog_custom":"","parallax":"1","fullscreen":"1","layout":"right-sidebar","sidebar":"default-sidebar","second_sidebar":"default-sidebar","sticky_sidebar":"1","share_position":"top","share_float_style":"share-monocrhome","show_share_counter":"1","show_view_counter":"1","show_featured":"1","show_post_meta":"1","show_post_author":"1","show_post_author_image":"1","show_post_date":"1","post_date_format":"default","post_date_format_custom":"Y\/m\/d","show_post_category":"1","post_reading_time_wpm":"300","zoom_button_out_step":"2","zoom_button_in_step":"3","show_post_tag":"1","show_prev_next_post":"1","show_popup_post":"1","number_popup_post":"1"}],"image_override":[{"single_post_thumbnail_size":"crop-500","single_post_gallery_size":"crop-500"}],"trending_post_position":"meta","trending_post_label":"Trending","sponsored_post_label":"Sponsored by","sponsored_post_name":"","sponsored_post_url":"","sponsored_post_logo":"","sponsored_post_desc":""},"jnews_primary_category":{"id":"763"},"jnews_social_meta":{"fb_title":"","fb_description":"","fb_image":"","twitter_title":"","twitter_description":"","twitter_image":""},"jnews_override_counter":{"view_counter_number":"0","share_counter_number":"0","like_counter_number":"0","dislike_counter_number":"0"},"footnotes":""},"categories":[816,763,811],"tags":[14929,10438,14928,14927,9204],"class_list":["post-116460","post","type-post","status-publish","format-standard","has-post-thumbnail","hentry","category-breaking-news-de","category-kultur","category-foreground-de","tag-blaise-cupich-de","tag-catholic-church-de","tag-depaul-universitat","tag-katechismus-der-katholischen-kirche","tag-lgbt-de-2"],"yoast_head":"<!-- This site is optimized with the Yoast SEO Premium plugin v25.9 (Yoast SEO v27.3) - https:\/\/yoast.com\/product\/yoast-seo-premium-wordpress\/ -->\n<title>DePaul University: eine angeblich katholische Einrichtung, die die Lehre der Kirche mit F\u00fc\u00dfen tritt - IFN<\/title>\n<meta name=\"robots\" content=\"index, follow, max-snippet:-1, max-image-preview:large, max-video-preview:-1\" \/>\n<link rel=\"canonical\" href=\"https:\/\/ifamnews.com\/de\/depaul-university-eine-angeblich-katholische-einrichtung-die-die-lehre-der-kirche-mit-f-en-tritt\" \/>\n<meta property=\"og:locale\" content=\"de_DE\" \/>\n<meta property=\"og:type\" content=\"article\" \/>\n<meta property=\"og:title\" content=\"DePaul University: eine angeblich katholische Einrichtung, die die Lehre der Kirche mit F\u00fc\u00dfen tritt\" \/>\n<meta property=\"og:description\" content=\"Gut f\u00fcr DePaul, das unter dem wachsamen Auge von Kardinal Blaise Cupich arbeitet. Das ist schlecht f\u00fcr die katholische Kirche, denn die F\u00f6rderung der LGBT-Agenda durch die Universit\u00e4t ist nur ein normales Gesch\u00e4ft.\" \/>\n<meta property=\"og:url\" content=\"https:\/\/ifamnews.com\/de\/depaul-university-eine-angeblich-katholische-einrichtung-die-die-lehre-der-kirche-mit-f-en-tritt\" \/>\n<meta property=\"og:site_name\" content=\"IFN\" \/>\n<meta property=\"article:publisher\" content=\"https:\/\/www.facebook.com\/iFamNews\" \/>\n<meta property=\"article:published_time\" content=\"2022-01-27T06:00:00+00:00\" \/>\n<meta property=\"og:image\" content=\"https:\/\/ifamnews.com\/wp-content\/uploads\/2022\/01\/Untitled-design-22.jpg\" \/>\n\t<meta property=\"og:image:width\" content=\"1640\" \/>\n\t<meta property=\"og:image:height\" content=\"924\" \/>\n\t<meta property=\"og:image:type\" content=\"image\/jpeg\" \/>\n<meta name=\"author\" content=\"Cato\" \/>\n<meta name=\"twitter:card\" content=\"summary_large_image\" \/>\n<meta name=\"twitter:creator\" content=\"@iFamNewsEN\" \/>\n<meta name=\"twitter:site\" content=\"@iFamNewsEN\" \/>\n<meta name=\"twitter:label1\" content=\"Verfasst von\" \/>\n\t<meta name=\"twitter:data1\" content=\"Cato\" \/>\n\t<meta name=\"twitter:label2\" content=\"Gesch\u00e4tzte Lesezeit\" \/>\n\t<meta name=\"twitter:data2\" content=\"4\u00a0Minuten\" \/>\n<!-- \/ Yoast SEO Premium plugin. -->","yoast_head_json":{"title":"DePaul University: eine angeblich katholische Einrichtung, die die Lehre der Kirche mit F\u00fc\u00dfen tritt - IFN","robots":{"index":"index","follow":"follow","max-snippet":"max-snippet:-1","max-image-preview":"max-image-preview:large","max-video-preview":"max-video-preview:-1"},"canonical":"https:\/\/ifamnews.com\/de\/depaul-university-eine-angeblich-katholische-einrichtung-die-die-lehre-der-kirche-mit-f-en-tritt","og_locale":"de_DE","og_type":"article","og_title":"DePaul University: eine angeblich katholische Einrichtung, die die Lehre der Kirche mit F\u00fc\u00dfen tritt","og_description":"Gut f\u00fcr DePaul, das unter dem wachsamen Auge von Kardinal Blaise Cupich arbeitet. Das ist schlecht f\u00fcr die katholische Kirche, denn die F\u00f6rderung der LGBT-Agenda durch die Universit\u00e4t ist nur ein normales Gesch\u00e4ft.","og_url":"https:\/\/ifamnews.com\/de\/depaul-university-eine-angeblich-katholische-einrichtung-die-die-lehre-der-kirche-mit-f-en-tritt","og_site_name":"IFN","article_publisher":"https:\/\/www.facebook.com\/iFamNews","article_published_time":"2022-01-27T06:00:00+00:00","og_image":[{"width":1640,"height":924,"url":"https:\/\/ifamnews.com\/wp-content\/uploads\/2022\/01\/Untitled-design-22.jpg","type":"image\/jpeg"}],"author":"Cato","twitter_card":"summary_large_image","twitter_creator":"@iFamNewsEN","twitter_site":"@iFamNewsEN","twitter_misc":{"Verfasst von":"Cato","Gesch\u00e4tzte Lesezeit":"4\u00a0Minuten"},"schema":{"@context":"https:\/\/schema.org","@graph":[{"@type":"NewsArticle","@id":"https:\/\/ifamnews.com\/de\/depaul-university-eine-angeblich-katholische-einrichtung-die-die-lehre-der-kirche-mit-f-en-tritt#article","isPartOf":{"@id":"https:\/\/ifamnews.com\/de\/depaul-university-eine-angeblich-katholische-einrichtung-die-die-lehre-der-kirche-mit-f-en-tritt"},"author":{"name":"Cato","@id":"https:\/\/ifamnews.com\/en\/#\/schema\/person\/d0e56511b7b7caedd2922a59482440ba"},"headline":"DePaul University: eine angeblich katholische Einrichtung, die die Lehre der Kirche mit F\u00fc\u00dfen tritt","datePublished":"2022-01-27T06:00:00+00:00","mainEntityOfPage":{"@id":"https:\/\/ifamnews.com\/de\/depaul-university-eine-angeblich-katholische-einrichtung-die-die-lehre-der-kirche-mit-f-en-tritt"},"wordCount":815,"commentCount":0,"publisher":{"@id":"https:\/\/ifamnews.com\/en\/#organization"},"image":{"@id":"https:\/\/ifamnews.com\/de\/depaul-university-eine-angeblich-katholische-einrichtung-die-die-lehre-der-kirche-mit-f-en-tritt#primaryimage"},"thumbnailUrl":"https:\/\/ifamnews.com\/wp-content\/uploads\/2022\/01\/Untitled-design-22.jpg","keywords":["Blaise Cupich","Catholic Church","DePaul Universit\u00e4t","Katechismus der Katholischen Kirche","LGBT+"],"articleSection":["Breaking News","Kultur","Vordergrund"],"inLanguage":"de","potentialAction":[{"@type":"CommentAction","name":"Comment","target":["https:\/\/ifamnews.com\/de\/depaul-university-eine-angeblich-katholische-einrichtung-die-die-lehre-der-kirche-mit-f-en-tritt#respond"]}]},{"@type":"WebPage","@id":"https:\/\/ifamnews.com\/de\/depaul-university-eine-angeblich-katholische-einrichtung-die-die-lehre-der-kirche-mit-f-en-tritt","url":"https:\/\/ifamnews.com\/de\/depaul-university-eine-angeblich-katholische-einrichtung-die-die-lehre-der-kirche-mit-f-en-tritt","name":"DePaul University: eine angeblich katholische Einrichtung, die die Lehre der Kirche mit F\u00fc\u00dfen tritt - IFN","isPartOf":{"@id":"https:\/\/ifamnews.com\/en\/#website"},"primaryImageOfPage":{"@id":"https:\/\/ifamnews.com\/de\/depaul-university-eine-angeblich-katholische-einrichtung-die-die-lehre-der-kirche-mit-f-en-tritt#primaryimage"},"image":{"@id":"https:\/\/ifamnews.com\/de\/depaul-university-eine-angeblich-katholische-einrichtung-die-die-lehre-der-kirche-mit-f-en-tritt#primaryimage"},"thumbnailUrl":"https:\/\/ifamnews.com\/wp-content\/uploads\/2022\/01\/Untitled-design-22.jpg","datePublished":"2022-01-27T06:00:00+00:00","breadcrumb":{"@id":"https:\/\/ifamnews.com\/de\/depaul-university-eine-angeblich-katholische-einrichtung-die-die-lehre-der-kirche-mit-f-en-tritt#breadcrumb"},"inLanguage":"de","potentialAction":[{"@type":"ReadAction","target":["https:\/\/ifamnews.com\/de\/depaul-university-eine-angeblich-katholische-einrichtung-die-die-lehre-der-kirche-mit-f-en-tritt"]}]},{"@type":"ImageObject","inLanguage":"de","@id":"https:\/\/ifamnews.com\/de\/depaul-university-eine-angeblich-katholische-einrichtung-die-die-lehre-der-kirche-mit-f-en-tritt#primaryimage","url":"https:\/\/ifamnews.com\/wp-content\/uploads\/2022\/01\/Untitled-design-22.jpg","contentUrl":"https:\/\/ifamnews.com\/wp-content\/uploads\/2022\/01\/Untitled-design-22.jpg","width":1640,"height":924},{"@type":"BreadcrumbList","@id":"https:\/\/ifamnews.com\/de\/depaul-university-eine-angeblich-katholische-einrichtung-die-die-lehre-der-kirche-mit-f-en-tritt#breadcrumb","itemListElement":[{"@type":"ListItem","position":1,"name":"Home","item":"https:\/\/ifamnews.com\/de"},{"@type":"ListItem","position":2,"name":"\u041a\u0443\u043b\u0442\u0443\u0440\u0430","item":"https:\/\/ifamnews.com\/sr\/kategorija\/kultura-sr"},{"@type":"ListItem","position":3,"name":"DePaul University: eine angeblich katholische Einrichtung, die die Lehre der Kirche mit F\u00fc\u00dfen tritt"}]},{"@type":"WebSite","@id":"https:\/\/ifamnews.com\/en\/#website","url":"https:\/\/ifamnews.com\/en\/","name":"IFN","description":"International Family News Network","publisher":{"@id":"https:\/\/ifamnews.com\/en\/#organization"},"potentialAction":[{"@type":"SearchAction","target":{"@type":"EntryPoint","urlTemplate":"https:\/\/ifamnews.com\/en\/?s={search_term_string}"},"query-input":{"@type":"PropertyValueSpecification","valueRequired":true,"valueName":"search_term_string"}}],"inLanguage":"de"},{"@type":"Organization","@id":"https:\/\/ifamnews.com\/en\/#organization","name":"iFamNews","url":"https:\/\/ifamnews.com\/en\/","logo":{"@type":"ImageObject","inLanguage":"de","@id":"https:\/\/ifamnews.com\/en\/#\/schema\/logo\/image\/","url":"https:\/\/ifamnews.com\/wp-content\/uploads\/2020\/01\/Share-logo.png","contentUrl":"https:\/\/ifamnews.com\/wp-content\/uploads\/2020\/01\/Share-logo.png","width":200,"height":200,"caption":"iFamNews"},"image":{"@id":"https:\/\/ifamnews.com\/en\/#\/schema\/logo\/image\/"},"sameAs":["https:\/\/www.facebook.com\/iFamNews","https:\/\/x.com\/iFamNewsEN"]},{"@type":"Person","@id":"https:\/\/ifamnews.com\/en\/#\/schema\/person\/d0e56511b7b7caedd2922a59482440ba","name":"Cato","image":{"@type":"ImageObject","inLanguage":"de","@id":"https:\/\/secure.gravatar.com\/avatar\/69b258be912b2a9b1ef3917af1a950d6279239e325672d64c73a2c0dfe012d11?s=96&d=mm&r=g","url":"https:\/\/secure.gravatar.com\/avatar\/69b258be912b2a9b1ef3917af1a950d6279239e325672d64c73a2c0dfe012d11?s=96&d=mm&r=g","contentUrl":"https:\/\/secure.gravatar.com\/avatar\/69b258be912b2a9b1ef3917af1a950d6279239e325672d64c73a2c0dfe012d11?s=96&d=mm&r=g","caption":"Cato"},"description":"Cato is a staunch defender of Western Civilization and the Judeo-Christian worldview. He will end all of his articles: \"And the radical LGBT agenda must be defeated\" as this is the pre-eminent battle of our day.","url":"https:\/\/ifamnews.com\/de\/author\/rsiedlecki"}]}},"amp_enabled":true,"_links":{"self":[{"href":"https:\/\/ifamnews.com\/de\/wp-json\/wp\/v2\/posts\/116460","targetHints":{"allow":["GET"]}}],"collection":[{"href":"https:\/\/ifamnews.com\/de\/wp-json\/wp\/v2\/posts"}],"about":[{"href":"https:\/\/ifamnews.com\/de\/wp-json\/wp\/v2\/types\/post"}],"author":[{"embeddable":true,"href":"https:\/\/ifamnews.com\/de\/wp-json\/wp\/v2\/users\/651"}],"replies":[{"embeddable":true,"href":"https:\/\/ifamnews.com\/de\/wp-json\/wp\/v2\/comments?post=116460"}],"version-history":[{"count":4,"href":"https:\/\/ifamnews.com\/de\/wp-json\/wp\/v2\/posts\/116460\/revisions"}],"predecessor-version":[{"id":116754,"href":"https:\/\/ifamnews.com\/de\/wp-json\/wp\/v2\/posts\/116460\/revisions\/116754"}],"wp:featuredmedia":[{"embeddable":true,"href":"https:\/\/ifamnews.com\/de\/wp-json\/wp\/v2\/media\/116446"}],"wp:attachment":[{"href":"https:\/\/ifamnews.com\/de\/wp-json\/wp\/v2\/media?parent=116460"}],"wp:term":[{"taxonomy":"category","embeddable":true,"href":"https:\/\/ifamnews.com\/de\/wp-json\/wp\/v2\/categories?post=116460"},{"taxonomy":"post_tag","embeddable":true,"href":"https:\/\/ifamnews.com\/de\/wp-json\/wp\/v2\/tags?post=116460"}],"curies":[{"name":"wp","href":"https:\/\/api.w.org\/{rel}","templated":true}]}}