{"id":110676,"date":"2021-12-22T01:00:00","date_gmt":"2021-12-22T06:00:00","guid":{"rendered":"https:\/\/ifamnews.com\/?p=110676"},"modified":"2021-12-18T07:32:14","modified_gmt":"2021-12-18T12:32:14","slug":"transgender-oberster-gerichtshof-gro-britanniens-lehnt-genderneutrale-passeintr-ge-ab","status":"publish","type":"post","link":"https:\/\/ifamnews.com\/de\/transgender-oberster-gerichtshof-gro-britanniens-lehnt-genderneutrale-passeintr-ge-ab","title":{"rendered":"Transgender: Oberster Gerichtshof Gro\u00dfbritanniens lehnt genderneutrale Passeintr\u00e4ge ab"},"content":{"rendered":"\n<p>Der Oberste Gerichtshof Gro\u00dfbritanniens hat die Beschwerde einer nach eigenen Aussagen nicht-bin\u00e4ren Person gegen die obligatorische Einteilung des Personenstands in m\u00e4nnlich und weiblich abgewiesen.<\/p>\n\n\n\n<p>Christie Elan-Cane, die sich keinem der beiden Geschlechtern zuordnen m\u00f6chte, k\u00e4mpft bereits seit 25 Jahren daf\u00fcr, in staatlichen Ausweisdokumenten des Vereinigten K\u00f6nigreichs einen nicht-bin\u00e4ren, geschlechtsneutralen Vermerk eintragen lassen zu k\u00f6nnen. Elan-Cane benutzt im Alltag eigene Pronomen (per\/per\/perself statt her\/her\/herself). Sie beklagte in der Beschwerde, der Zwang zur geschlechtlichen Zuteilung sei \u201einh\u00e4rent diskriminierend\u201c und stelle einen Bruch der Europ\u00e4ischen Menschenrechtserkl\u00e4rung dar.<\/p>\n\n\n\n<p>Die Richter des Obersten Gerichtshofs wiesen die Beschwerde einstimmig ab. Sie erkl\u00e4rten, das Geschlecht von Passantragsstellern sei \u201eein biografisches Detail, das zur Best\u00e4tigung ihrer Identit\u00e4t herangezogen werden kann, indem es mit den vorgelegten Geburts-, Adoptions- oder Geschlechtsanerkennungsurkunden und anderen amtlichen Unterlagen abgeglichen wird.\u201c Es sei also das f\u00fcr rechtliche Zwecke anerkannte und in diesen Dokumenten aufgezeichnete Geschlecht, das relevant sei.<\/p>\n\n\n\n<p>Der vorsitzende Richter, Lord Robert Reed, Baron Reed of Allermuir, f\u00fchrte weiter aus:<\/p>\n\n\n\n<p>\u201eIm Vereinigten K\u00f6nigreich gibt es keine Rechtsvorschriften, die eine nicht geschlechtsspezifische Kategorie von Personen anerkennen. Im Gegenteil, in allen Rechtsvorschriften wird davon ausgegangen, dass alle Personen einem von zwei Geschlechtern zugeordnet werden k\u00f6nnen, wobei diese Begriffe austauschbar verwendet werden.\u201c<\/p>\n\n\n\n<p>Elan-Cane warf Gro\u00dfbritannien nach dem Urteil zu, \u201eauf der falschen Seite der Geschichte\u201c zu stehen und k\u00fcndigte an, den Fall nun dem Europ\u00e4ischen Gerichtshof f\u00fcr Menschenrechte vorzulegen.<\/p>\n\n\n\n<p><em><strong>Die Lebens- und Familienrechtsbewegung interessiert Sie? Bleiben Sie immer auf dem neuesten Stand \u2013 abonnieren Sie unseren Newsletter! <\/strong><\/em><a href=\"https:\/\/ifamnews.com\/de\/abonnieren\/\"><em><strong>Registrieren Sie sich hier.<\/strong><\/em><\/a><em><strong> T\u00e4gliche Nachrichten aus den deutschsprachigen L\u00e4ndern und der ganzen Welt!<\/strong><\/em><\/p>\n","protected":false},"excerpt":{"rendered":"<p>Die Richter des Obersten Gerichtshofs wiesen die Beschwerde gegen die Einteilung in eines der beiden Geschlechter einstimmig ab: Das Geschlecht sei \u201eein biografisches Detail, das zur Best\u00e4tigung ihrer Identit\u00e4t herangezogen\u201c wird.<\/p>\n","protected":false},"author":589,"featured_media":69503,"comment_status":"open","ping_status":"open","sticky":false,"template":"","format":"standard","meta":{"give_campaign_id":0,"om_disable_all_campaigns":false,"_monsterinsights_skip_tracking":false,"_monsterinsights_sitenote_active":false,"_monsterinsights_sitenote_note":"","_monsterinsights_sitenote_category":0,"mc4wp_mailchimp_campaign":[],"jnews-multi-image_gallery":[],"jnews_single_post":{"subtitle":"Die Richter des Obersten Gerichtshofs wiesen die Beschwerde gegen die Einteilung in eines der beiden Geschlechter einstimmig ab: Das Geschlecht sei \u201eein biografisches Detail, das zur Best\u00e4tigung ihrer Identit\u00e4t herangezogen\u201c wird.","format":"standard","video":"","gallery":"","source_name":"","source_url":"","via_name":"","via_url":"","override":[{"template":"1","single_blog_custom":"","parallax":"1","fullscreen":"1","layout":"right-sidebar","sidebar":"default-sidebar","second_sidebar":"default-sidebar","sticky_sidebar":"1","share_position":"top","share_float_style":"share-monocrhome","show_share_counter":"1","show_view_counter":"1","show_featured":"1","show_post_meta":"1","show_post_author":"1","show_post_author_image":"1","show_post_date":"1","post_date_format":"default","post_date_format_custom":"Y\/m\/d","show_post_category":"1","post_reading_time_wpm":"300","zoom_button_out_step":"2","zoom_button_in_step":"3","show_post_tag":"1","show_prev_next_post":"1","show_popup_post":"1","number_popup_post":"1"}],"image_override":[{"single_post_thumbnail_size":"crop-500","single_post_gallery_size":"crop-500"}],"trending_post_position":"meta","trending_post_label":"Trending","sponsored_post_label":"Sponsored by","sponsored_post_name":"","sponsored_post_url":"","sponsored_post_logo":"","sponsored_post_desc":""},"jnews_primary_category":{"id":"770"},"jnews_social_meta":{"fb_title":"","fb_description":"","fb_image":"","twitter_title":"","twitter_description":"","twitter_image":""},"jnews_override_counter":{"view_counter_number":"0","share_counter_number":"0","like_counter_number":"0","dislike_counter_number":"0"},"footnotes":""},"categories":[816,770,811],"tags":[13963,4457,4716,13964,4142,9692],"class_list":["post-110676","post","type-post","status-publish","format-standard","has-post-thumbnail","hentry","category-breaking-news-de","category-familie","category-foreground-de","tag-christie-elan-cane","tag-gender-ideologie-2","tag-oberster-gerichtshof","tag-robert-reed","tag-transgender-4","tag-vereinigtes-koenigreich"],"yoast_head":"<!-- This site is optimized with the Yoast SEO Premium plugin v25.9 (Yoast SEO v27.3) - https:\/\/yoast.com\/product\/yoast-seo-premium-wordpress\/ -->\n<title>Transgender: Oberster Gerichtshof Gro\u00dfbritanniens lehnt genderneutrale Passeintr\u00e4ge ab - IFN<\/title>\n<meta name=\"robots\" content=\"index, follow, max-snippet:-1, max-image-preview:large, max-video-preview:-1\" \/>\n<link rel=\"canonical\" href=\"https:\/\/ifamnews.com\/de\/transgender-oberster-gerichtshof-gro-britanniens-lehnt-genderneutrale-passeintr-ge-ab\" \/>\n<meta property=\"og:locale\" content=\"de_DE\" \/>\n<meta property=\"og:type\" content=\"article\" \/>\n<meta property=\"og:title\" content=\"Transgender: Oberster Gerichtshof Gro\u00dfbritanniens lehnt genderneutrale Passeintr\u00e4ge ab\" \/>\n<meta property=\"og:description\" content=\"Die Richter des Obersten Gerichtshofs wiesen die Beschwerde gegen die Einteilung in eines der beiden Geschlechter einstimmig ab: Das Geschlecht sei \u201eein biografisches Detail, das zur Best\u00e4tigung ihrer Identit\u00e4t herangezogen\u201c wird.\" \/>\n<meta property=\"og:url\" content=\"https:\/\/ifamnews.com\/de\/transgender-oberster-gerichtshof-gro-britanniens-lehnt-genderneutrale-passeintr-ge-ab\" \/>\n<meta property=\"og:site_name\" content=\"IFN\" \/>\n<meta property=\"article:publisher\" content=\"https:\/\/www.facebook.com\/iFamNews\" \/>\n<meta property=\"article:published_time\" content=\"2021-12-22T06:00:00+00:00\" \/>\n<meta property=\"og:image\" content=\"https:\/\/ifamnews.com\/wp-content\/uploads\/2021\/05\/crossdressing-6184282_19201.jpg\" \/>\n\t<meta property=\"og:image:width\" content=\"1200\" \/>\n\t<meta property=\"og:image:height\" content=\"675\" \/>\n\t<meta property=\"og:image:type\" content=\"image\/jpeg\" \/>\n<meta name=\"author\" content=\"Johann R. Porter\" \/>\n<meta name=\"twitter:card\" content=\"summary_large_image\" \/>\n<meta name=\"twitter:creator\" content=\"@iFamNewsEN\" \/>\n<meta name=\"twitter:site\" content=\"@iFamNewsEN\" \/>\n<meta name=\"twitter:label1\" content=\"Verfasst von\" \/>\n\t<meta name=\"twitter:data1\" content=\"Johann R. Porter\" \/>\n\t<meta name=\"twitter:label2\" content=\"Gesch\u00e4tzte Lesezeit\" \/>\n\t<meta name=\"twitter:data2\" content=\"2\u00a0Minuten\" \/>\n<!-- \/ Yoast SEO Premium plugin. -->","yoast_head_json":{"title":"Transgender: Oberster Gerichtshof Gro\u00dfbritanniens lehnt genderneutrale Passeintr\u00e4ge ab - IFN","robots":{"index":"index","follow":"follow","max-snippet":"max-snippet:-1","max-image-preview":"max-image-preview:large","max-video-preview":"max-video-preview:-1"},"canonical":"https:\/\/ifamnews.com\/de\/transgender-oberster-gerichtshof-gro-britanniens-lehnt-genderneutrale-passeintr-ge-ab","og_locale":"de_DE","og_type":"article","og_title":"Transgender: Oberster Gerichtshof Gro\u00dfbritanniens lehnt genderneutrale Passeintr\u00e4ge ab","og_description":"Die Richter des Obersten Gerichtshofs wiesen die Beschwerde gegen die Einteilung in eines der beiden Geschlechter einstimmig ab: Das Geschlecht sei \u201eein biografisches Detail, das zur Best\u00e4tigung ihrer Identit\u00e4t herangezogen\u201c wird.","og_url":"https:\/\/ifamnews.com\/de\/transgender-oberster-gerichtshof-gro-britanniens-lehnt-genderneutrale-passeintr-ge-ab","og_site_name":"IFN","article_publisher":"https:\/\/www.facebook.com\/iFamNews","article_published_time":"2021-12-22T06:00:00+00:00","og_image":[{"width":1200,"height":675,"url":"https:\/\/ifamnews.com\/wp-content\/uploads\/2021\/05\/crossdressing-6184282_19201.jpg","type":"image\/jpeg"}],"author":"Johann R. Porter","twitter_card":"summary_large_image","twitter_creator":"@iFamNewsEN","twitter_site":"@iFamNewsEN","twitter_misc":{"Verfasst von":"Johann R. Porter","Gesch\u00e4tzte Lesezeit":"2\u00a0Minuten"},"schema":{"@context":"https:\/\/schema.org","@graph":[{"@type":"NewsArticle","@id":"https:\/\/ifamnews.com\/de\/transgender-oberster-gerichtshof-gro-britanniens-lehnt-genderneutrale-passeintr-ge-ab#article","isPartOf":{"@id":"https:\/\/ifamnews.com\/de\/transgender-oberster-gerichtshof-gro-britanniens-lehnt-genderneutrale-passeintr-ge-ab"},"author":{"name":"Johann R. Porter","@id":"https:\/\/ifamnews.com\/en\/#\/schema\/person\/97c5fc10500c93e36c296295ba21a537"},"headline":"Transgender: Oberster Gerichtshof Gro\u00dfbritanniens lehnt genderneutrale Passeintr\u00e4ge ab","datePublished":"2021-12-22T06:00:00+00:00","mainEntityOfPage":{"@id":"https:\/\/ifamnews.com\/de\/transgender-oberster-gerichtshof-gro-britanniens-lehnt-genderneutrale-passeintr-ge-ab"},"wordCount":292,"commentCount":0,"publisher":{"@id":"https:\/\/ifamnews.com\/en\/#organization"},"image":{"@id":"https:\/\/ifamnews.com\/de\/transgender-oberster-gerichtshof-gro-britanniens-lehnt-genderneutrale-passeintr-ge-ab#primaryimage"},"thumbnailUrl":"https:\/\/ifamnews.com\/wp-content\/uploads\/2021\/05\/crossdressing-6184282_19201.jpg","keywords":["Christie Elan-Cane","Gender-Ideologie","Oberster Gerichtshof","Robert Reed","Transgender","Vereinigtes K\u00f6nigreich"],"articleSection":["Breaking News","Familie","Vordergrund"],"inLanguage":"de","potentialAction":[{"@type":"CommentAction","name":"Comment","target":["https:\/\/ifamnews.com\/de\/transgender-oberster-gerichtshof-gro-britanniens-lehnt-genderneutrale-passeintr-ge-ab#respond"]}]},{"@type":"WebPage","@id":"https:\/\/ifamnews.com\/de\/transgender-oberster-gerichtshof-gro-britanniens-lehnt-genderneutrale-passeintr-ge-ab","url":"https:\/\/ifamnews.com\/de\/transgender-oberster-gerichtshof-gro-britanniens-lehnt-genderneutrale-passeintr-ge-ab","name":"Transgender: Oberster Gerichtshof Gro\u00dfbritanniens lehnt genderneutrale Passeintr\u00e4ge ab - IFN","isPartOf":{"@id":"https:\/\/ifamnews.com\/en\/#website"},"primaryImageOfPage":{"@id":"https:\/\/ifamnews.com\/de\/transgender-oberster-gerichtshof-gro-britanniens-lehnt-genderneutrale-passeintr-ge-ab#primaryimage"},"image":{"@id":"https:\/\/ifamnews.com\/de\/transgender-oberster-gerichtshof-gro-britanniens-lehnt-genderneutrale-passeintr-ge-ab#primaryimage"},"thumbnailUrl":"https:\/\/ifamnews.com\/wp-content\/uploads\/2021\/05\/crossdressing-6184282_19201.jpg","datePublished":"2021-12-22T06:00:00+00:00","breadcrumb":{"@id":"https:\/\/ifamnews.com\/de\/transgender-oberster-gerichtshof-gro-britanniens-lehnt-genderneutrale-passeintr-ge-ab#breadcrumb"},"inLanguage":"de","potentialAction":[{"@type":"ReadAction","target":["https:\/\/ifamnews.com\/de\/transgender-oberster-gerichtshof-gro-britanniens-lehnt-genderneutrale-passeintr-ge-ab"]}]},{"@type":"ImageObject","inLanguage":"de","@id":"https:\/\/ifamnews.com\/de\/transgender-oberster-gerichtshof-gro-britanniens-lehnt-genderneutrale-passeintr-ge-ab#primaryimage","url":"https:\/\/ifamnews.com\/wp-content\/uploads\/2021\/05\/crossdressing-6184282_19201.jpg","contentUrl":"https:\/\/ifamnews.com\/wp-content\/uploads\/2021\/05\/crossdressing-6184282_19201.jpg","width":1200,"height":675},{"@type":"BreadcrumbList","@id":"https:\/\/ifamnews.com\/de\/transgender-oberster-gerichtshof-gro-britanniens-lehnt-genderneutrale-passeintr-ge-ab#breadcrumb","itemListElement":[{"@type":"ListItem","position":1,"name":"Home","item":"https:\/\/ifamnews.com\/de"},{"@type":"ListItem","position":2,"name":"Familie","item":"https:\/\/ifamnews.com\/de\/kategorie\/familie"},{"@type":"ListItem","position":3,"name":"Transgender: Oberster Gerichtshof Gro\u00dfbritanniens lehnt genderneutrale Passeintr\u00e4ge ab"}]},{"@type":"WebSite","@id":"https:\/\/ifamnews.com\/en\/#website","url":"https:\/\/ifamnews.com\/en\/","name":"IFN","description":"International Family News Network","publisher":{"@id":"https:\/\/ifamnews.com\/en\/#organization"},"potentialAction":[{"@type":"SearchAction","target":{"@type":"EntryPoint","urlTemplate":"https:\/\/ifamnews.com\/en\/?s={search_term_string}"},"query-input":{"@type":"PropertyValueSpecification","valueRequired":true,"valueName":"search_term_string"}}],"inLanguage":"de"},{"@type":"Organization","@id":"https:\/\/ifamnews.com\/en\/#organization","name":"iFamNews","url":"https:\/\/ifamnews.com\/en\/","logo":{"@type":"ImageObject","inLanguage":"de","@id":"https:\/\/ifamnews.com\/en\/#\/schema\/logo\/image\/","url":"https:\/\/ifamnews.com\/wp-content\/uploads\/2020\/01\/Share-logo.png","contentUrl":"https:\/\/ifamnews.com\/wp-content\/uploads\/2020\/01\/Share-logo.png","width":200,"height":200,"caption":"iFamNews"},"image":{"@id":"https:\/\/ifamnews.com\/en\/#\/schema\/logo\/image\/"},"sameAs":["https:\/\/www.facebook.com\/iFamNews","https:\/\/x.com\/iFamNewsEN"]},{"@type":"Person","@id":"https:\/\/ifamnews.com\/en\/#\/schema\/person\/97c5fc10500c93e36c296295ba21a537","name":"Johann R. Porter","image":{"@type":"ImageObject","inLanguage":"de","@id":"https:\/\/secure.gravatar.com\/avatar\/b295da437fcd0635c3fe53d90b9545df9d7b3b7681f3a87122ec5cef8870a293?s=96&d=mm&r=g","url":"https:\/\/secure.gravatar.com\/avatar\/b295da437fcd0635c3fe53d90b9545df9d7b3b7681f3a87122ec5cef8870a293?s=96&d=mm&r=g","contentUrl":"https:\/\/secure.gravatar.com\/avatar\/b295da437fcd0635c3fe53d90b9545df9d7b3b7681f3a87122ec5cef8870a293?s=96&d=mm&r=g","caption":"Johann R. Porter"},"description":"A German-speaking social scientist and worker in the pro-life movement. [This author writes under a pseudonym.]","url":"https:\/\/ifamnews.com\/de\/author\/jporter"}]}},"amp_enabled":true,"_links":{"self":[{"href":"https:\/\/ifamnews.com\/de\/wp-json\/wp\/v2\/posts\/110676","targetHints":{"allow":["GET"]}}],"collection":[{"href":"https:\/\/ifamnews.com\/de\/wp-json\/wp\/v2\/posts"}],"about":[{"href":"https:\/\/ifamnews.com\/de\/wp-json\/wp\/v2\/types\/post"}],"author":[{"embeddable":true,"href":"https:\/\/ifamnews.com\/de\/wp-json\/wp\/v2\/users\/589"}],"replies":[{"embeddable":true,"href":"https:\/\/ifamnews.com\/de\/wp-json\/wp\/v2\/comments?post=110676"}],"version-history":[{"count":2,"href":"https:\/\/ifamnews.com\/de\/wp-json\/wp\/v2\/posts\/110676\/revisions"}],"predecessor-version":[{"id":110678,"href":"https:\/\/ifamnews.com\/de\/wp-json\/wp\/v2\/posts\/110676\/revisions\/110678"}],"wp:featuredmedia":[{"embeddable":true,"href":"https:\/\/ifamnews.com\/de\/wp-json\/wp\/v2\/media\/69503"}],"wp:attachment":[{"href":"https:\/\/ifamnews.com\/de\/wp-json\/wp\/v2\/media?parent=110676"}],"wp:term":[{"taxonomy":"category","embeddable":true,"href":"https:\/\/ifamnews.com\/de\/wp-json\/wp\/v2\/categories?post=110676"},{"taxonomy":"post_tag","embeddable":true,"href":"https:\/\/ifamnews.com\/de\/wp-json\/wp\/v2\/tags?post=110676"}],"curies":[{"name":"wp","href":"https:\/\/api.w.org\/{rel}","templated":true}]}}