{"id":107827,"date":"2021-12-08T01:00:00","date_gmt":"2021-12-08T06:00:00","guid":{"rendered":"https:\/\/ifamnews.com\/?p=107827"},"modified":"2021-12-03T05:55:08","modified_gmt":"2021-12-03T10:55:08","slug":"sologamie-statt-monogamie","status":"publish","type":"post","link":"https:\/\/ifamnews.com\/de\/sologamie-statt-monogamie","title":{"rendered":"Sologamie statt Monogamie"},"content":{"rendered":"\n<p>Cris Galera ist 33 Jahre alt (oder 31, aber Frauen sollte man nie nach dem Alter fragen). Die kurvige Brasilianerin, ein Dessous-Model aus S\u00e3o Paulo, hat im September geheiratet. Aber jetzt will sie sich scheiden lassen, und das nach nur 90 Tagen. Sie l\u00e4sst sich scheiden, weil sie erkannt hat, dass sie den falschen Partner geheiratet hat. Sie hat jemand anderen kennengelernt, sich verliebt und ist eine Beziehung eingegangen. Deshalb hat sie nun als \u201eWiedergutmachung\u201c die Scheidung eingereicht.<\/p>\n\n\n\n<p>Ist doch nichts Neues in der heutigen Welt, werden die meisten denken. Eine Welt, in der man die Ehefrau bzw. den Ehemann wechselt wie ein Kleidungsst\u00fcck.<\/p>\n\n\n\n<p>Das trifft hier aber nicht zu. Denn <a href=\"https:\/\/www.dailystar.co.uk\/love-sex\/model-who-married-herself-divorce-25514775\">im September hat die gutaussehende Cris sich selbst \u201egeheiratet\u201c und l\u00e4sst sich nun \u201escheiden\u201c.<\/a> Sie hatte die falsche Person \u201egeheiratet\u201c, n\u00e4mlich sich selbst, und nimmt nun Abstand von dem Fehler, sprich von sich selbst. Immerhin sagt sie, es war sch\u00f6n, solange es hielt.<\/p>\n\n\n\n<p>Wahrscheinlich finden Sie das zum Lachen: Ich habe auch gelacht, als ich die Nachricht gelesen habe. Aber in Wirklichkeit ist es zum Weinen.<\/p>\n\n\n\n<p>Wir sind an der Perversion aller Werte, der Subversion der Sprache, der Zerst\u00f6rung der Vernunft, dem Verfall des Geistes angelangt. Wir sind nur noch das, was wir sein wollen und wof\u00fcr wir uns selbst halten. Die Propheten der \u201ekonkreten Utopie\u201c erkl\u00e4rten: <a href=\"https:\/\/it.m.wikipedia.org\/wiki\/Tanto_peggio_per_i_fatti\">\u201eUmso schlimmer f\u00fcr die Tatsachen\u201c<\/a>, doch waren sie lediglich intellektuelle Dilettanten.<\/p>\n\n\n\n<p>Im Hier und Jetzt hingegen wird alles, was menschlich ist, ins Gegenteil verkehrt. Das Be\u00e4ngstigende dabei ist, dass die meisten von uns die Geschichte von Cris als v\u00f6llig normal, vielleicht sogar als vorbildlich empfinden; dass wir bereits morgen die Sache abgehakt haben und schon bereit sind, die n\u00e4chste Trag\u00f6die zu verdauen. Die Worte des genialen Gilbert K. Chesterton (1874-1936) in seinem Buch \u201eKetzer\u201c aus dem Jahr 1905 bewahrheiten sich t\u00e4glich mehr und mehr: <em>\u201eFires will be kindled to testify that two and two make four. Swords will be drawn to prove that leaves are green in summer\u201c,<\/em> \u201eFeuer werden entfacht werden, um zu belegen, dass zwei plus zwei gleich vier ist. Schwerter werden gez\u00fcckt werden, um zu beweisen, dass die Bl\u00e4tter im Sommer gr\u00fcn sind\u201c. Wir sind die J\u00fcnger des Wahrhaftigen und die Anh\u00e4nger des Selbstverst\u00e4ndlichen, <a href=\"https:\/\/ifamnews.com\/it\/l-eutanasia-e-noi-cavalieri-dell-evidente\">die Ritter des Offensichtlichen<\/a> und die Krieger des Normalen, die Zerst\u00f6rer des Absurden und die Saboteure des Surrealen. Daher schlage ich heute die Gr\u00fcndung des \u201eClubs der gr\u00fcnen Bl\u00e4tter\u201c vor. Werden auch Sie Mitglied.<\/p>\n","protected":false},"excerpt":{"rendered":"<p>Ein weiterer Beleg f\u00fcr den Verfall des menschlichen Geistes: Brasilianisches Modell heiratet sich selbst<\/p>\n","protected":false},"author":7,"featured_media":107612,"comment_status":"open","ping_status":"open","sticky":false,"template":"","format":"standard","meta":{"give_campaign_id":0,"om_disable_all_campaigns":false,"_monsterinsights_skip_tracking":false,"_monsterinsights_sitenote_active":false,"_monsterinsights_sitenote_note":"","_monsterinsights_sitenote_category":0,"mc4wp_mailchimp_campaign":[],"jnews-multi-image_gallery":[],"jnews_single_post":{"subtitle":"Ein weiterer Beleg f\u00fcr den Verfall des menschlichen Geistes: Brasilianisches Modell heiratet sich selbst","format":"standard","video":"","gallery":"","source_name":"","source_url":"","via_name":"","via_url":"","override":[{"template":"1","single_blog_custom":"","parallax":"1","fullscreen":"1","layout":"right-sidebar","sidebar":"default-sidebar","second_sidebar":"default-sidebar","sticky_sidebar":"1","share_position":"top","share_float_style":"share-monocrhome","show_share_counter":"1","show_view_counter":"1","show_featured":"1","show_post_meta":"1","show_post_author":"1","show_post_author_image":"1","show_post_date":"1","post_date_format":"default","post_date_format_custom":"Y\/m\/d","show_post_category":"1","post_reading_time_wpm":"300","zoom_button_out_step":"2","zoom_button_in_step":"3","show_post_tag":"1","show_prev_next_post":"1","show_popup_post":"1","number_popup_post":"1"}],"image_override":[{"single_post_thumbnail_size":"crop-500","single_post_gallery_size":"crop-500"}],"trending_post_position":"meta","trending_post_label":"Trending","sponsored_post_label":"Sponsored by","sponsored_post_name":"","sponsored_post_url":"","sponsored_post_logo":"","sponsored_post_desc":""},"jnews_primary_category":{"id":""},"jnews_social_meta":{"fb_title":"","fb_description":"","fb_image":"","twitter_title":"","twitter_description":"","twitter_image":""},"jnews_override_counter":{"view_counter_number":"0","share_counter_number":"0","like_counter_number":"0","dislike_counter_number":"0"},"footnotes":""},"categories":[816,763,767,811],"tags":[2272,7161,9734,8798,13638,8000],"class_list":["post-107827","post","type-post","status-publish","format-standard","has-post-thumbnail","hentry","category-breaking-news-de","category-kultur","category-meinung","category-foreground-de","tag-ehe","tag-famiglia-de","tag-highlight-de","tag-matrimonio-de","tag-sologamie","tag-vetrina-de"],"yoast_head":"<!-- This site is optimized with the Yoast SEO Premium plugin v25.9 (Yoast SEO v27.3) - https:\/\/yoast.com\/product\/yoast-seo-premium-wordpress\/ -->\n<title>Sologamie statt Monogamie - IFN<\/title>\n<meta name=\"robots\" content=\"index, follow, max-snippet:-1, max-image-preview:large, max-video-preview:-1\" \/>\n<link rel=\"canonical\" href=\"https:\/\/ifamnews.com\/de\/sologamie-statt-monogamie\" \/>\n<meta property=\"og:locale\" content=\"de_DE\" \/>\n<meta property=\"og:type\" content=\"article\" \/>\n<meta property=\"og:title\" content=\"Sologamie statt Monogamie\" \/>\n<meta property=\"og:description\" content=\"Ein weiterer Beleg f\u00fcr den Verfall des menschlichen Geistes: Brasilianisches Modell heiratet sich selbst\" \/>\n<meta property=\"og:url\" content=\"https:\/\/ifamnews.com\/de\/sologamie-statt-monogamie\" \/>\n<meta property=\"og:site_name\" content=\"IFN\" \/>\n<meta property=\"article:publisher\" content=\"https:\/\/www.facebook.com\/iFamNews\" \/>\n<meta property=\"article:author\" content=\"https:\/\/facebook.com\/MarcoRespinti\" \/>\n<meta property=\"article:published_time\" content=\"2021-12-08T06:00:00+00:00\" \/>\n<meta property=\"og:image\" content=\"https:\/\/ifamnews.com\/wp-content\/uploads\/2021\/11\/1_crisgalera-vmlqxgk-widelg.jpg\" \/>\n\t<meta property=\"og:image:width\" content=\"1200\" \/>\n\t<meta property=\"og:image:height\" content=\"675\" \/>\n\t<meta property=\"og:image:type\" content=\"image\/jpeg\" \/>\n<meta name=\"author\" content=\"Marco Respinti\" \/>\n<meta name=\"twitter:card\" content=\"summary_large_image\" \/>\n<meta name=\"twitter:creator\" content=\"@https:\/\/twitter.com\/MarcoRespinti\" \/>\n<meta name=\"twitter:site\" content=\"@iFamNewsEN\" \/>\n<meta name=\"twitter:label1\" content=\"Verfasst von\" \/>\n\t<meta name=\"twitter:data1\" content=\"Marco Respinti\" \/>\n\t<meta name=\"twitter:label2\" content=\"Gesch\u00e4tzte Lesezeit\" \/>\n\t<meta name=\"twitter:data2\" content=\"2\u00a0Minuten\" \/>\n<!-- \/ Yoast SEO Premium plugin. -->","yoast_head_json":{"title":"Sologamie statt Monogamie - IFN","robots":{"index":"index","follow":"follow","max-snippet":"max-snippet:-1","max-image-preview":"max-image-preview:large","max-video-preview":"max-video-preview:-1"},"canonical":"https:\/\/ifamnews.com\/de\/sologamie-statt-monogamie","og_locale":"de_DE","og_type":"article","og_title":"Sologamie statt Monogamie","og_description":"Ein weiterer Beleg f\u00fcr den Verfall des menschlichen Geistes: Brasilianisches Modell heiratet sich selbst","og_url":"https:\/\/ifamnews.com\/de\/sologamie-statt-monogamie","og_site_name":"IFN","article_publisher":"https:\/\/www.facebook.com\/iFamNews","article_author":"https:\/\/facebook.com\/MarcoRespinti","article_published_time":"2021-12-08T06:00:00+00:00","og_image":[{"width":1200,"height":675,"url":"https:\/\/ifamnews.com\/wp-content\/uploads\/2021\/11\/1_crisgalera-vmlqxgk-widelg.jpg","type":"image\/jpeg"}],"author":"Marco Respinti","twitter_card":"summary_large_image","twitter_creator":"@https:\/\/twitter.com\/MarcoRespinti","twitter_site":"@iFamNewsEN","twitter_misc":{"Verfasst von":"Marco Respinti","Gesch\u00e4tzte Lesezeit":"2\u00a0Minuten"},"schema":{"@context":"https:\/\/schema.org","@graph":[{"@type":"NewsArticle","@id":"https:\/\/ifamnews.com\/de\/sologamie-statt-monogamie#article","isPartOf":{"@id":"https:\/\/ifamnews.com\/de\/sologamie-statt-monogamie"},"author":{"name":"Marco Respinti","@id":"https:\/\/ifamnews.com\/en\/#\/schema\/person\/f0579ab02623e80d44006c1a5d949ea9"},"headline":"Sologamie statt Monogamie","datePublished":"2021-12-08T06:00:00+00:00","mainEntityOfPage":{"@id":"https:\/\/ifamnews.com\/de\/sologamie-statt-monogamie"},"wordCount":423,"commentCount":0,"publisher":{"@id":"https:\/\/ifamnews.com\/en\/#organization"},"image":{"@id":"https:\/\/ifamnews.com\/de\/sologamie-statt-monogamie#primaryimage"},"thumbnailUrl":"https:\/\/ifamnews.com\/wp-content\/uploads\/2021\/11\/1_crisgalera-vmlqxgk-widelg.jpg","keywords":["Ehe","Famiglia","Highlight","Matrimonio","Sologamie","Vetrina"],"articleSection":["Breaking News","Kultur","Meinung","Vordergrund"],"inLanguage":"de","potentialAction":[{"@type":"CommentAction","name":"Comment","target":["https:\/\/ifamnews.com\/de\/sologamie-statt-monogamie#respond"]}]},{"@type":"WebPage","@id":"https:\/\/ifamnews.com\/de\/sologamie-statt-monogamie","url":"https:\/\/ifamnews.com\/de\/sologamie-statt-monogamie","name":"Sologamie statt Monogamie - IFN","isPartOf":{"@id":"https:\/\/ifamnews.com\/en\/#website"},"primaryImageOfPage":{"@id":"https:\/\/ifamnews.com\/de\/sologamie-statt-monogamie#primaryimage"},"image":{"@id":"https:\/\/ifamnews.com\/de\/sologamie-statt-monogamie#primaryimage"},"thumbnailUrl":"https:\/\/ifamnews.com\/wp-content\/uploads\/2021\/11\/1_crisgalera-vmlqxgk-widelg.jpg","datePublished":"2021-12-08T06:00:00+00:00","breadcrumb":{"@id":"https:\/\/ifamnews.com\/de\/sologamie-statt-monogamie#breadcrumb"},"inLanguage":"de","potentialAction":[{"@type":"ReadAction","target":["https:\/\/ifamnews.com\/de\/sologamie-statt-monogamie"]}]},{"@type":"ImageObject","inLanguage":"de","@id":"https:\/\/ifamnews.com\/de\/sologamie-statt-monogamie#primaryimage","url":"https:\/\/ifamnews.com\/wp-content\/uploads\/2021\/11\/1_crisgalera-vmlqxgk-widelg.jpg","contentUrl":"https:\/\/ifamnews.com\/wp-content\/uploads\/2021\/11\/1_crisgalera-vmlqxgk-widelg.jpg","width":1200,"height":675,"caption":"La modella brasiliana Cris Galera"},{"@type":"BreadcrumbList","@id":"https:\/\/ifamnews.com\/de\/sologamie-statt-monogamie#breadcrumb","itemListElement":[{"@type":"ListItem","position":1,"name":"Home","item":"https:\/\/ifamnews.com\/de"},{"@type":"ListItem","position":2,"name":"Cultura","item":"https:\/\/ifamnews.com\/it\/categoria\/cultura"},{"@type":"ListItem","position":3,"name":"Sologamie statt Monogamie"}]},{"@type":"WebSite","@id":"https:\/\/ifamnews.com\/en\/#website","url":"https:\/\/ifamnews.com\/en\/","name":"IFN","description":"International Family News Network","publisher":{"@id":"https:\/\/ifamnews.com\/en\/#organization"},"potentialAction":[{"@type":"SearchAction","target":{"@type":"EntryPoint","urlTemplate":"https:\/\/ifamnews.com\/en\/?s={search_term_string}"},"query-input":{"@type":"PropertyValueSpecification","valueRequired":true,"valueName":"search_term_string"}}],"inLanguage":"de"},{"@type":"Organization","@id":"https:\/\/ifamnews.com\/en\/#organization","name":"iFamNews","url":"https:\/\/ifamnews.com\/en\/","logo":{"@type":"ImageObject","inLanguage":"de","@id":"https:\/\/ifamnews.com\/en\/#\/schema\/logo\/image\/","url":"https:\/\/ifamnews.com\/wp-content\/uploads\/2020\/01\/Share-logo.png","contentUrl":"https:\/\/ifamnews.com\/wp-content\/uploads\/2020\/01\/Share-logo.png","width":200,"height":200,"caption":"iFamNews"},"image":{"@id":"https:\/\/ifamnews.com\/en\/#\/schema\/logo\/image\/"},"sameAs":["https:\/\/www.facebook.com\/iFamNews","https:\/\/x.com\/iFamNewsEN"]},{"@type":"Person","@id":"https:\/\/ifamnews.com\/en\/#\/schema\/person\/f0579ab02623e80d44006c1a5d949ea9","name":"Marco Respinti","image":{"@type":"ImageObject","inLanguage":"de","@id":"https:\/\/secure.gravatar.com\/avatar\/4ab04a5127131015e13010f222e38621144dc33a5df5d977b35ceeab15ee958f?s=96&d=mm&r=g","url":"https:\/\/secure.gravatar.com\/avatar\/4ab04a5127131015e13010f222e38621144dc33a5df5d977b35ceeab15ee958f?s=96&d=mm&r=g","contentUrl":"https:\/\/secure.gravatar.com\/avatar\/4ab04a5127131015e13010f222e38621144dc33a5df5d977b35ceeab15ee958f?s=96&d=mm&r=g","caption":"Marco Respinti"},"description":"Marco Respinti was the Editor-in-Chief of International Family News until the end of 2022. He is an Italian professional journalist, member of the International Federation of Journalists (IFJ), essayist, translator, and lecturer. He has contributed and contributes to several journals and magazines both in print and online, both in Italy and abroad. Author of books, he has translated and\/or edited works by, among others, Edmund Burke, Charles Dickens, T.S. Eliot, Russell Kirk, J.R.R. Tolkien, R\u00e9gine Pernoud and Gustave Thibon. A Senior fellow at the\u00a0Russell Kirk Center for Cultural Renewal (Mecosta, Michigan) he is also a founding member as well as Board member of the Center for European Renewal (The Hague, The Netherlands). A member of the Editorial Board of The European Conservative magazine, as well as a member of the Advisory Council of the European Federation for Freedom of Belief, he serves as Director-in-Charge of the academic publication The Journal of CESNUR and the online Bitter Winter: A Magazine on Religious Liberty and Human Rights.","sameAs":["https:\/\/facebook.com\/MarcoRespinti","https:\/\/it.linkedin.com\/in\/marcorespinti","https:\/\/pinterest.it\/MarcoRespinti\/_created\/","https:\/\/x.com\/https:\/\/twitter.com\/MarcoRespinti","https:\/\/youtube.com\/channel\/UC1FbsvyQNTQ-snpsmRC12Og?view_as=subscriber"],"url":"https:\/\/ifamnews.com\/de\/author\/mrespinti"}]}},"amp_enabled":true,"_links":{"self":[{"href":"https:\/\/ifamnews.com\/de\/wp-json\/wp\/v2\/posts\/107827","targetHints":{"allow":["GET"]}}],"collection":[{"href":"https:\/\/ifamnews.com\/de\/wp-json\/wp\/v2\/posts"}],"about":[{"href":"https:\/\/ifamnews.com\/de\/wp-json\/wp\/v2\/types\/post"}],"author":[{"embeddable":true,"href":"https:\/\/ifamnews.com\/de\/wp-json\/wp\/v2\/users\/7"}],"replies":[{"embeddable":true,"href":"https:\/\/ifamnews.com\/de\/wp-json\/wp\/v2\/comments?post=107827"}],"version-history":[{"count":2,"href":"https:\/\/ifamnews.com\/de\/wp-json\/wp\/v2\/posts\/107827\/revisions"}],"predecessor-version":[{"id":108586,"href":"https:\/\/ifamnews.com\/de\/wp-json\/wp\/v2\/posts\/107827\/revisions\/108586"}],"wp:featuredmedia":[{"embeddable":true,"href":"https:\/\/ifamnews.com\/de\/wp-json\/wp\/v2\/media\/107612"}],"wp:attachment":[{"href":"https:\/\/ifamnews.com\/de\/wp-json\/wp\/v2\/media?parent=107827"}],"wp:term":[{"taxonomy":"category","embeddable":true,"href":"https:\/\/ifamnews.com\/de\/wp-json\/wp\/v2\/categories?post=107827"},{"taxonomy":"post_tag","embeddable":true,"href":"https:\/\/ifamnews.com\/de\/wp-json\/wp\/v2\/tags?post=107827"}],"curies":[{"name":"wp","href":"https:\/\/api.w.org\/{rel}","templated":true}]}}