{"id":104479,"date":"2021-11-12T01:00:00","date_gmt":"2021-11-12T06:00:00","guid":{"rendered":"https:\/\/ifamnews.com\/?p=104479"},"modified":"2021-11-10T11:10:41","modified_gmt":"2021-11-10T16:10:41","slug":"assistierter-suizid-untergr-bt-die-aus-bung-der-rztlichen-t-tigkeit","status":"publish","type":"post","link":"https:\/\/ifamnews.com\/de\/assistierter-suizid-untergr-bt-die-aus-bung-der-rztlichen-t-tigkeit","title":{"rendered":"Assistierter Suizid untergr\u00e4bt die Aus\u00fcbung der \u00e4rztlichen T\u00e4tigkeit"},"content":{"rendered":"\n<p>Im nordamerikanischen Bundesstaat Maryland organisierte die <em><a href=\"https:\/\/www.mdcatholic.org\/life\" target=\"_blank\" rel=\"noreferrer noopener\">Catholic Conference<\/a><\/em>, die die \u00f6ffentliche politische Stimme der drei dortigen katholischen Di\u00f6zesen vereint, Anfang Oktober eine Veranstaltung zum Thema Euthanasie unter dem Motto <em><a href=\"https:\/\/www.mdcatholic.org\/parish-pas\" target=\"_blank\" rel=\"noreferrer noopener\">Deadly, Not Dignified<\/a><\/em> [zu Deutsch: T\u00f6dlich, nicht w\u00fcrdevoll]. &nbsp;Es wurde vor allem darauf aufmerksam gemacht, <a href=\"https:\/\/www.mdcatholic.org\/parish-pas\">wie \u201eeinflussreiche Aktivisten aus anderen Bundesstaaten versuchen, den \u00e4rztlich assistierten Suizid in Maryland einzuf\u00fchren\u201c<\/a>. \u201eDas Recht auf Leben ist das erste und grundlegende Menschenrecht\u201c: Diese Aussage aus dem Apostolischen Schreiben <em>Evangelii Gaudium<\/em> ist ein grundlegendes und unumst\u00f6\u00dfliches Prinzip, das selbstverst\u00e4ndlich auch den amtierenden Papst inspiriert. Es&nbsp;liefert die Basis f\u00fcr die Arbeit der <em><a href=\"https:\/\/www.mdcatholic.org\/life\" target=\"_blank\" rel=\"noreferrer noopener\">Catholic Conference<\/a><\/em> mit dem Ziel \u201eder h\u00f6chsten Achtung menschlichen Lebens und des gr\u00f6\u00dftm\u00f6glichen Engagements f\u00fcr Gerechtigkeit und Frieden\u201c.<\/p>\n\n\n\n<p>\u201e<em>Deadly, Not Dignified<\/em>\u201c wurde organisiert, um \u201edie Rechte der Behinderten zu sch\u00fctzen und die Gefahren des assistierten Suizids zu er\u00f6rtern\u201c, vor allem im Hinblick auf die Bek\u00e4mpfung aktueller Bestrebungen, diese todbringende Neuheit auch im Bundesstaat Maryland einzuf\u00fchren.<\/p>\n\n\n\n<h3 class=\"wp-block-heading\" id=\"h-sich-selbst-das-leben-zu-nehmen-selbst-wenn-ein-arzt-dabei-hilft-ist-keine-medizinische-versorgung\"><strong>Sich selbst das Leben zu nehmen, selbst wenn ein Arzt dabei hilft, ist keine medizinische Versorgung<\/strong><\/h3>\n\n\n\n<p>W\u00e4hrend der verschiedenen Webinare, die am 5. Oktober auf Englisch und am 14. Oktober auf Spanisch stattfanden, <a href=\"https:\/\/www.catholicnewsagency.com\/news\/249210\/assisted-suicide-undermines-medicine-targets-the-vulnerable-panel-warns\">kamen zahlreiche Experten zu Wort<\/a>.<\/p>\n\n\n\n<p>Die \u00c4rztin Dr. Marie Alberte Boursiquot, Internistin und ehemalige Vorsitzende der Vereinigung katholischer \u00c4rzte, sagte: \u201eDie Medizin ist ein ehrenwerter Berufsstand. \u00c4rzte sind der Aus\u00fcbung der Medizin und dem Schutz menschlichen Lebens verpflichtet. [&#8230;] Sich selbst das Leben zu nehmen, auch wenn ein Arzt dabei hilft, ist nicht Teil der medizinischen Versorgung. Der \u00e4rztlich assistierte Suizid schadet dem Patienten, dem Arzt-Patienten-Verh\u00e4ltnis und untergr\u00e4bt das Vertrauen in die Medizin\u201c, da das Konzept des assistierten Suizids \u201edas Bewusstsein vermittelt, dass bestimmte Leben entbehrlich sind\u201c. Auch der Begriff der \u201eunheilbaren Krankheit\u201c ist umstritten: Ein zuckerkranker Jugendlicher, der eine Insulintherapie verweigert, k\u00f6nnte beispielsweise als \u201eunheilbar krank\u201c eingestuft werden, obwohl Diabetes eine behandelbare und kontrollierbare Krankheit ist.<\/p>\n\n\n\n<p>Anita Cameron, Leiterin des Minderheitenschutzprogramms bei <em><a href=\"https:\/\/notdeadyet.org\/\">Not Dead Yet<\/a>,<\/em> einer Organisation f\u00fcr die Rechte von Menschen mit Behinderungen, die sich gegen die Legalisierung des \u201eassistierten Suizids\u201c und der Euthanasie als t\u00f6dliche Formen der Diskriminierung einsetzt, erkl\u00e4rte mit Nachdruck: \u201eGesetze zum assistierten Suizid sind gef\u00e4hrlich\u201c, denn selbst \u00c4rzte \u201eirren sich manchmal\u201c, was die Diagnose unheilbarer Krankheiten oder die Prognose der Lebensdauer kranker Patienten anbelangt. Cameron veranschaulichte ihre Aussage anhand eines Beispiels aus der eigenen Familie: Ihrer Mutter war eine Lebenserwartung von weniger als einer Woche diagnostiziert worden, doch in Wirklichkeit lebte sie noch 12 Jahre. Besorgniserregend ist auch der Zustand der Gebrechlichkeit, insbesondere bei behinderten Menschen, deren Leben \u2013 h\u00e4ufig auch von \u00c4rzten &#8211; als \u201eminderwertig\u201c eingestuft wird.<\/p>\n\n\n\n<p>Die forensische Psychiaterin Annette Hanson wies auf die Gefahr einer \u201eSuizidansteckung\u201c hin, die durch die Propaganda der \u201eRecht-auf-Sterben-Bewegung\u201c noch versch\u00e4rft werde. \u201eDie Erkenntnis, dass ihr Arzt ganz legal t\u00f6dliche Medikamente verschreiben kann, verst\u00e4rkt in einer Person, die unter Paranoia oder \u00e4hnlichen psychischen Problemen leidet, die Wahnvorstellungen. Das wirkt sich \u00e4u\u00dferst negativ auf die psychiatrische Behandlung aus\u201c. Hanson nannte das Beispiel der Vereinigung <em><a href=\"https:\/\/compassionandchoices.org\/\">Compassion and Choices<\/a><\/em>, die sich f\u00fcr die \u201eAusweitung der M\u00f6glichkeiten eines barmherzigen Todes\u201c einsetzt. Die Organisation nutzt auf ihrer Website die Geschichte von Brittany Maynard aus, einer 29-j\u00e4hrigen Hirntumorpatientin, die nach Oregon gezogen war, um legalen Zugang zum assistierten Suizid zu erhalten. Brittany lebte zuvor in Kalifornien, wo Euthanasie inzwischen &#8211; auch aufgrund dieser Propaganda &#8211; legalisiert wurde, ebenso wie in sieben weiteren US-Bundesstaaten. Diese Art von Propaganda birgt die Gefahr, die Schw\u00e4chsten zu treffen, indem sie die gesetzlich genehmigte Beseitigung von Kranken als \u201eHeilmittel\u201c f\u00fcr chronische Krankheiten, einschlie\u00dflich psychischer Erkrankungen, verkauft und zur Normalit\u00e4t macht.<\/p>\n\n\n\n<h3 class=\"wp-block-heading\"><strong>\u00c4rztlich assistierter Suizid veranlasst Versicherungen, die Krebsbehandlung zu verweigern<\/strong> <\/h3>\n\n\n\n<p>Besonders schwerwiegend ist der Vorwurf, dass bestimmte Versicherungsgesellschaften in jenen US-Bundesstaaten, wo der \u201eassistierte Suizid\u201c bereits gesetzlich erlaubt ist, so weit gehen, dass sie keine Policen f\u00fcr Krebsbehandlungen mehr abschlie\u00dfen, sondern stattdessen anbieten, f\u00fcr die Vorbereitungen der Selbstt\u00f6tung zu zahlen.<\/p>\n\n\n\n<p>Diese Mittel sind jedoch nicht die Antwort auf das Leiden von Menschen, die aufgrund einer Krankheit nicht mehr in der Lage sind, ihre gewohnten T\u00e4tigkeiten auszu\u00fcben oder ihre K\u00f6rperfunktionen zu kontrollieren, und sich somit ihrer W\u00fcrde beraubt f\u00fchlen: die, kurz gesagt, eine \u201eLast\u201c f\u00fcr die Gesellschaft sind. Solche Situationen erfordern liebevolle Pflege und Unterst\u00fctzung, die Best\u00e4tigung der pers\u00f6nlichen W\u00fcrde und das Bewusstsein, niemals eine Last zu sein: <a href=\"https:\/\/ifamnews.com\/de\/palliativmedizin-ist-der-schl-ssel-zu-einem-guten-tod\">Die Alternative zur Euthanasie hei\u00dft Palliativmedizin<\/a>.<\/p>\n\n\n\n<p>Sogar die <em><a href=\"https:\/\/www.ama-assn.org\/\">American Medical Association<\/a><\/em> ist gegen den \u201eassistierten Suizid\u201c und bezeichnet ihn als \u201eunvereinbar mit der Rolle des Arztes als Heiler\u201c.<\/p>\n\n\n\n<p>Maryland verdient \u201edie beste Schmerzbehandlung und hochwertigste Krankenpflege, keine Suizidmedikamente\u201c. Aus diesem Grund verfolgt das \u201e<em>Maryland Catholic Advocacy Network<\/em>\u201c die Situation aufmerksam und verbreitet Nachrichten, Warnhinweise und Updates zu den diesbez\u00fcglichen Aktivit\u00e4ten im US-Kongress. Und es folgt dabei einem ganz einfachen Prinzip: \u201eKein Schmerz ist unertr\u00e4glich\u201c.<\/p>\n","protected":false},"excerpt":{"rendered":"<p>Unter dem Motto \u201eDeadly, Not Dignified\u201c kam die Generalversammlung der Katholischen Konferenz in Maryland zusammen<\/p>\n","protected":false},"author":11,"featured_media":100319,"comment_status":"open","ping_status":"open","sticky":false,"template":"","format":"standard","meta":{"give_campaign_id":0,"om_disable_all_campaigns":false,"_monsterinsights_skip_tracking":false,"_monsterinsights_sitenote_active":false,"_monsterinsights_sitenote_note":"","_monsterinsights_sitenote_category":0,"mc4wp_mailchimp_campaign":[],"jnews-multi-image_gallery":[],"jnews_single_post":{"subtitle":"Unter dem Motto \u201eDeadly, Not Dignified\u201c kam die Generalversammlung der Katholischen Konferenz in Maryland zusammen","format":"standard","video":"","gallery":"","source_name":"","source_url":"","via_name":"","via_url":"","override":[{"template":"1","single_blog_custom":"","parallax":"1","fullscreen":"1","layout":"right-sidebar","sidebar":"default-sidebar","second_sidebar":"default-sidebar","sticky_sidebar":"1","share_position":"top","share_float_style":"share-monocrhome","show_share_counter":"1","show_view_counter":"1","show_featured":"1","show_post_meta":"1","show_post_author":"1","show_post_author_image":"1","show_post_date":"1","post_date_format":"default","post_date_format_custom":"Y\/m\/d","show_post_category":"1","post_reading_time_wpm":"300","zoom_button_out_step":"2","zoom_button_in_step":"3","show_post_tag":"1","show_prev_next_post":"1","show_popup_post":"1","number_popup_post":"1"}],"image_override":[{"single_post_thumbnail_size":"crop-500","single_post_gallery_size":"crop-500"}],"trending_post_position":"meta","trending_post_label":"Trending","sponsored_post_label":"Sponsored by","sponsored_post_name":"","sponsored_post_url":"","sponsored_post_logo":"","sponsored_post_desc":""},"jnews_primary_category":{"id":"820"},"jnews_social_meta":{"fb_title":"","fb_description":"","fb_image":"","twitter_title":"","twitter_description":"","twitter_image":""},"jnews_override_counter":{"view_counter_number":"0","share_counter_number":"0","like_counter_number":"0","dislike_counter_number":"0"},"footnotes":""},"categories":[816,820,811],"tags":[11831,9065,1666,4001],"class_list":["post-104479","post","type-post","status-publish","format-standard","has-post-thumbnail","hentry","category-breaking-news-de","category-leben","category-foreground-de","tag-amerikanischer-aerzteverband","tag-assistierter-suizid","tag-euthanasie-2","tag-usa-3"],"yoast_head":"<!-- This site is optimized with the Yoast SEO Premium plugin v25.9 (Yoast SEO v27.3) - https:\/\/yoast.com\/product\/yoast-seo-premium-wordpress\/ -->\n<title>Assistierter Suizid untergr\u00e4bt die Aus\u00fcbung der \u00e4rztlichen T\u00e4tigkeit - IFN<\/title>\n<meta name=\"robots\" content=\"index, follow, max-snippet:-1, max-image-preview:large, max-video-preview:-1\" \/>\n<link rel=\"canonical\" href=\"https:\/\/ifamnews.com\/de\/assistierter-suizid-untergr-bt-die-aus-bung-der-rztlichen-t-tigkeit\" \/>\n<meta property=\"og:locale\" content=\"de_DE\" \/>\n<meta property=\"og:type\" content=\"article\" \/>\n<meta property=\"og:title\" content=\"Assistierter Suizid untergr\u00e4bt die Aus\u00fcbung der \u00e4rztlichen T\u00e4tigkeit\" \/>\n<meta property=\"og:description\" content=\"Unter dem Motto \u201eDeadly, Not Dignified\u201c kam die Generalversammlung der Katholischen Konferenz in Maryland zusammen\" \/>\n<meta property=\"og:url\" content=\"https:\/\/ifamnews.com\/de\/assistierter-suizid-untergr-bt-die-aus-bung-der-rztlichen-t-tigkeit\" \/>\n<meta property=\"og:site_name\" content=\"IFN\" \/>\n<meta property=\"article:publisher\" content=\"https:\/\/www.facebook.com\/iFamNews\" \/>\n<meta property=\"article:published_time\" content=\"2021-11-12T06:00:00+00:00\" \/>\n<meta property=\"og:image\" content=\"https:\/\/ifamnews.com\/wp-content\/uploads\/2021\/10\/syringe-g9a00d8ae2_1280.jpg\" \/>\n\t<meta property=\"og:image:width\" content=\"1280\" \/>\n\t<meta property=\"og:image:height\" content=\"704\" \/>\n\t<meta property=\"og:image:type\" content=\"image\/jpeg\" \/>\n<meta name=\"author\" content=\"Cristina Tamburini\" \/>\n<meta name=\"twitter:card\" content=\"summary_large_image\" \/>\n<meta name=\"twitter:creator\" content=\"@iFamNewsEN\" \/>\n<meta name=\"twitter:site\" content=\"@iFamNewsEN\" \/>\n<meta name=\"twitter:label1\" content=\"Verfasst von\" \/>\n\t<meta name=\"twitter:data1\" content=\"Cristina Tamburini\" \/>\n\t<meta name=\"twitter:label2\" content=\"Gesch\u00e4tzte Lesezeit\" \/>\n\t<meta name=\"twitter:data2\" content=\"4\u00a0Minuten\" \/>\n<!-- \/ Yoast SEO Premium plugin. -->","yoast_head_json":{"title":"Assistierter Suizid untergr\u00e4bt die Aus\u00fcbung der \u00e4rztlichen T\u00e4tigkeit - IFN","robots":{"index":"index","follow":"follow","max-snippet":"max-snippet:-1","max-image-preview":"max-image-preview:large","max-video-preview":"max-video-preview:-1"},"canonical":"https:\/\/ifamnews.com\/de\/assistierter-suizid-untergr-bt-die-aus-bung-der-rztlichen-t-tigkeit","og_locale":"de_DE","og_type":"article","og_title":"Assistierter Suizid untergr\u00e4bt die Aus\u00fcbung der \u00e4rztlichen T\u00e4tigkeit","og_description":"Unter dem Motto \u201eDeadly, Not Dignified\u201c kam die Generalversammlung der Katholischen Konferenz in Maryland zusammen","og_url":"https:\/\/ifamnews.com\/de\/assistierter-suizid-untergr-bt-die-aus-bung-der-rztlichen-t-tigkeit","og_site_name":"IFN","article_publisher":"https:\/\/www.facebook.com\/iFamNews","article_published_time":"2021-11-12T06:00:00+00:00","og_image":[{"width":1280,"height":704,"url":"https:\/\/ifamnews.com\/wp-content\/uploads\/2021\/10\/syringe-g9a00d8ae2_1280.jpg","type":"image\/jpeg"}],"author":"Cristina Tamburini","twitter_card":"summary_large_image","twitter_creator":"@iFamNewsEN","twitter_site":"@iFamNewsEN","twitter_misc":{"Verfasst von":"Cristina Tamburini","Gesch\u00e4tzte Lesezeit":"4\u00a0Minuten"},"schema":{"@context":"https:\/\/schema.org","@graph":[{"@type":"NewsArticle","@id":"https:\/\/ifamnews.com\/de\/assistierter-suizid-untergr-bt-die-aus-bung-der-rztlichen-t-tigkeit#article","isPartOf":{"@id":"https:\/\/ifamnews.com\/de\/assistierter-suizid-untergr-bt-die-aus-bung-der-rztlichen-t-tigkeit"},"author":{"name":"Cristina Tamburini","@id":"https:\/\/ifamnews.com\/en\/#\/schema\/person\/43e7f156898341a8d33d23cccefde53a"},"headline":"Assistierter Suizid untergr\u00e4bt die Aus\u00fcbung der \u00e4rztlichen T\u00e4tigkeit","datePublished":"2021-11-12T06:00:00+00:00","mainEntityOfPage":{"@id":"https:\/\/ifamnews.com\/de\/assistierter-suizid-untergr-bt-die-aus-bung-der-rztlichen-t-tigkeit"},"wordCount":829,"commentCount":0,"publisher":{"@id":"https:\/\/ifamnews.com\/en\/#organization"},"image":{"@id":"https:\/\/ifamnews.com\/de\/assistierter-suizid-untergr-bt-die-aus-bung-der-rztlichen-t-tigkeit#primaryimage"},"thumbnailUrl":"https:\/\/ifamnews.com\/wp-content\/uploads\/2021\/10\/syringe-g9a00d8ae2_1280.jpg","keywords":["Amerikanischer \u00c4rzteverband","Assistierter Suizid","Euthanasie","USA"],"articleSection":["Breaking News","Leben","Vordergrund"],"inLanguage":"de","potentialAction":[{"@type":"CommentAction","name":"Comment","target":["https:\/\/ifamnews.com\/de\/assistierter-suizid-untergr-bt-die-aus-bung-der-rztlichen-t-tigkeit#respond"]}]},{"@type":"WebPage","@id":"https:\/\/ifamnews.com\/de\/assistierter-suizid-untergr-bt-die-aus-bung-der-rztlichen-t-tigkeit","url":"https:\/\/ifamnews.com\/de\/assistierter-suizid-untergr-bt-die-aus-bung-der-rztlichen-t-tigkeit","name":"Assistierter Suizid untergr\u00e4bt die Aus\u00fcbung der \u00e4rztlichen T\u00e4tigkeit - IFN","isPartOf":{"@id":"https:\/\/ifamnews.com\/en\/#website"},"primaryImageOfPage":{"@id":"https:\/\/ifamnews.com\/de\/assistierter-suizid-untergr-bt-die-aus-bung-der-rztlichen-t-tigkeit#primaryimage"},"image":{"@id":"https:\/\/ifamnews.com\/de\/assistierter-suizid-untergr-bt-die-aus-bung-der-rztlichen-t-tigkeit#primaryimage"},"thumbnailUrl":"https:\/\/ifamnews.com\/wp-content\/uploads\/2021\/10\/syringe-g9a00d8ae2_1280.jpg","datePublished":"2021-11-12T06:00:00+00:00","breadcrumb":{"@id":"https:\/\/ifamnews.com\/de\/assistierter-suizid-untergr-bt-die-aus-bung-der-rztlichen-t-tigkeit#breadcrumb"},"inLanguage":"de","potentialAction":[{"@type":"ReadAction","target":["https:\/\/ifamnews.com\/de\/assistierter-suizid-untergr-bt-die-aus-bung-der-rztlichen-t-tigkeit"]}]},{"@type":"ImageObject","inLanguage":"de","@id":"https:\/\/ifamnews.com\/de\/assistierter-suizid-untergr-bt-die-aus-bung-der-rztlichen-t-tigkeit#primaryimage","url":"https:\/\/ifamnews.com\/wp-content\/uploads\/2021\/10\/syringe-g9a00d8ae2_1280.jpg","contentUrl":"https:\/\/ifamnews.com\/wp-content\/uploads\/2021\/10\/syringe-g9a00d8ae2_1280.jpg","width":1280,"height":704,"caption":"Image by Liz Ma"},{"@type":"BreadcrumbList","@id":"https:\/\/ifamnews.com\/de\/assistierter-suizid-untergr-bt-die-aus-bung-der-rztlichen-t-tigkeit#breadcrumb","itemListElement":[{"@type":"ListItem","position":1,"name":"Home","item":"https:\/\/ifamnews.com\/de"},{"@type":"ListItem","position":2,"name":"Life","item":"https:\/\/ifamnews.com\/en\/category\/life"},{"@type":"ListItem","position":3,"name":"Assistierter Suizid untergr\u00e4bt die Aus\u00fcbung der \u00e4rztlichen T\u00e4tigkeit"}]},{"@type":"WebSite","@id":"https:\/\/ifamnews.com\/en\/#website","url":"https:\/\/ifamnews.com\/en\/","name":"IFN","description":"International Family News Network","publisher":{"@id":"https:\/\/ifamnews.com\/en\/#organization"},"potentialAction":[{"@type":"SearchAction","target":{"@type":"EntryPoint","urlTemplate":"https:\/\/ifamnews.com\/en\/?s={search_term_string}"},"query-input":{"@type":"PropertyValueSpecification","valueRequired":true,"valueName":"search_term_string"}}],"inLanguage":"de"},{"@type":"Organization","@id":"https:\/\/ifamnews.com\/en\/#organization","name":"iFamNews","url":"https:\/\/ifamnews.com\/en\/","logo":{"@type":"ImageObject","inLanguage":"de","@id":"https:\/\/ifamnews.com\/en\/#\/schema\/logo\/image\/","url":"https:\/\/ifamnews.com\/wp-content\/uploads\/2020\/01\/Share-logo.png","contentUrl":"https:\/\/ifamnews.com\/wp-content\/uploads\/2020\/01\/Share-logo.png","width":200,"height":200,"caption":"iFamNews"},"image":{"@id":"https:\/\/ifamnews.com\/en\/#\/schema\/logo\/image\/"},"sameAs":["https:\/\/www.facebook.com\/iFamNews","https:\/\/x.com\/iFamNewsEN"]},{"@type":"Person","@id":"https:\/\/ifamnews.com\/en\/#\/schema\/person\/43e7f156898341a8d33d23cccefde53a","name":"Cristina Tamburini","image":{"@type":"ImageObject","inLanguage":"de","@id":"https:\/\/secure.gravatar.com\/avatar\/4165d8e302e80b4826915d6dc5ff4095e2cdb523a870c0cb303347ba24f5e3c2?s=96&d=mm&r=g","url":"https:\/\/secure.gravatar.com\/avatar\/4165d8e302e80b4826915d6dc5ff4095e2cdb523a870c0cb303347ba24f5e3c2?s=96&d=mm&r=g","contentUrl":"https:\/\/secure.gravatar.com\/avatar\/4165d8e302e80b4826915d6dc5ff4095e2cdb523a870c0cb303347ba24f5e3c2?s=96&d=mm&r=g","caption":"Cristina Tamburini"},"description":"Cristina Tamburini, graduated in Philosophy with a thesis in Philosophical Anthropology on contemporary utilitarianism, wife and mother of seven children, has never abandoned the study and the passion for philosophical anthropology, ethics and bioethics. She has translated into Italian several texts, including Action and Conduct: Thomas Aquinas and the Theory of Action by Stephen L. Brock and Intention by G. Elizabeth M. Anscombe, extending her interests to theology (especially to eschatology and the Social Doctrine of the Church). He edited the blog Yes, they are all mine! to tell and explore the maternage and everyday life in a large family.","sameAs":["https:\/\/sonotuttimiei.blogspot.com\/","https:\/\/instagram.com\/cristambu\/"],"url":"https:\/\/ifamnews.com\/de\/author\/ctamburini"}]}},"amp_enabled":true,"_links":{"self":[{"href":"https:\/\/ifamnews.com\/de\/wp-json\/wp\/v2\/posts\/104479","targetHints":{"allow":["GET"]}}],"collection":[{"href":"https:\/\/ifamnews.com\/de\/wp-json\/wp\/v2\/posts"}],"about":[{"href":"https:\/\/ifamnews.com\/de\/wp-json\/wp\/v2\/types\/post"}],"author":[{"embeddable":true,"href":"https:\/\/ifamnews.com\/de\/wp-json\/wp\/v2\/users\/11"}],"replies":[{"embeddable":true,"href":"https:\/\/ifamnews.com\/de\/wp-json\/wp\/v2\/comments?post=104479"}],"version-history":[{"count":5,"href":"https:\/\/ifamnews.com\/de\/wp-json\/wp\/v2\/posts\/104479\/revisions"}],"predecessor-version":[{"id":104656,"href":"https:\/\/ifamnews.com\/de\/wp-json\/wp\/v2\/posts\/104479\/revisions\/104656"}],"wp:featuredmedia":[{"embeddable":true,"href":"https:\/\/ifamnews.com\/de\/wp-json\/wp\/v2\/media\/100319"}],"wp:attachment":[{"href":"https:\/\/ifamnews.com\/de\/wp-json\/wp\/v2\/media?parent=104479"}],"wp:term":[{"taxonomy":"category","embeddable":true,"href":"https:\/\/ifamnews.com\/de\/wp-json\/wp\/v2\/categories?post=104479"},{"taxonomy":"post_tag","embeddable":true,"href":"https:\/\/ifamnews.com\/de\/wp-json\/wp\/v2\/tags?post=104479"}],"curies":[{"name":"wp","href":"https:\/\/api.w.org\/{rel}","templated":true}]}}