{"id":102983,"date":"2021-11-05T01:00:00","date_gmt":"2021-11-05T05:00:00","guid":{"rendered":"https:\/\/ifamnews.com\/?p=102983"},"modified":"2021-11-02T09:26:20","modified_gmt":"2021-11-02T13:26:20","slug":"un-r-gt-frankreich-f-r-seinen-umgang-mit-behinderten-menschen","status":"publish","type":"post","link":"https:\/\/ifamnews.com\/de\/un-r-gt-frankreich-f-r-seinen-umgang-mit-behinderten-menschen","title":{"rendered":"UN r\u00fcgt Frankreich f\u00fcr seinen Umgang mit behinderten Menschen"},"content":{"rendered":"\n<p>Die Kommission f\u00fcr Behindertenrechte der Vereinten Nationen (United Nations, UN) hat Frankreich f\u00fcr seinen Umgang mit behinderten Menschen ger\u00fcgt.<\/p>\n\n\n\n<p>Die UN-Kommission \u00fcberpr\u00fcft regelm\u00e4\u00dfig die Implementierung des <em>Abkommens \u00fcber die Rechte von Menschen mit Behinderungen<\/em> und hatte Mitte September seinen Bericht \u00fcber Frankreich und das ostafrikanische Dschibuti vorgelegt.<\/p>\n\n\n\n<p>Im Hinblick auf Frankreich \u00e4u\u00dferten sich die Experten besorgt \u00fcber die Abwertung von Menschen mit Behinderungen durch behindertenfeindliche Politiken und Praktiken wie das pr\u00e4natale genetische Screening auf f\u00f6tale Beeintr\u00e4chtigungen, einschlie\u00dflich Down-Syndrom und Autismus. Der Ausschuss empfahl dem Vertragsstaat, Strategien auf der Grundlage des Menschenrechtsmodells von Behinderung umzusetzen, um negative Stereotypen zu beseitigen, die Menschen mit Behinderungen herabsetzen.<\/p>\n\n\n\n<p>Der Ausschuss stellte fest, dass die k\u00f6rperliche und geistige Unversehrtheit von Menschen mit Behinderungen in Frankreich weiterhin durch verschiedene Formen von Gewalt beeintr\u00e4chtigt wird. Dazu geh\u00f6ren Zwangssterilisation, Zwangsabtreibung und nicht einvernehmliche medizinische Eingriffe an intersexuellen Menschen. Der Ausschuss stellte auch fest, dass die Praktiken der Einzelhaft, der Zwangsmedikation und der &#8222;Intensivbehandlung&#8220;, einschlie\u00dflich der Elektrokonvulsionstherapie, nach wie vor Auswirkungen auf Menschen mit Behinderungen haben, die sich noch in Einrichtungen befinden, darunter auch Kinder und autistische Personen. Der Ausschuss forderte den Vertragsstaat auf, Mechanismen wie die unabh\u00e4ngige \u00dcberwachung und die gerichtliche \u00dcberpr\u00fcfung zu verst\u00e4rken, um alle Formen der Misshandlung zu verhindern. Er forderte Frankreich au\u00dferdem auf, die Heimunterbringung zu beenden und Kinder mit Behinderungen, die sich noch in Einrichtungen befinden, vor einer \u00dcbermedikation zu sch\u00fctzen.<\/p>\n\n\n\n<p><em><strong>Die Lebens- und Familienrechtsbewegung interessiert Sie? Bleiben Sie immer auf dem neuesten Stand \u2013 abonnieren Sie unseren Newsletter! <\/strong><\/em><a href=\"https:\/\/ifamnews.com\/de\/abonnieren\/\"><em><strong>Registrieren Sie sich hier.<\/strong><\/em><\/a><em><strong> T\u00e4gliche Nachrichten aus den deutschsprachigen L\u00e4ndern und der ganzen Welt!<\/strong><\/em><\/p>\n","protected":false},"excerpt":{"rendered":"<p>Eine UN-Kommission stellte fest, dass die k\u00f6rperliche und geistige Unversehrtheit von Menschen mit Behinderungen in Frankreich weiterhin durch verschiedene Formen von Gewalt wie Zwangssterilisation und Zwangsabtreibungen beeintr\u00e4chtigt wird.<\/p>\n","protected":false},"author":589,"featured_media":102984,"comment_status":"open","ping_status":"open","sticky":false,"template":"","format":"standard","meta":{"give_campaign_id":0,"om_disable_all_campaigns":false,"_monsterinsights_skip_tracking":false,"_monsterinsights_sitenote_active":false,"_monsterinsights_sitenote_note":"","_monsterinsights_sitenote_category":0,"mc4wp_mailchimp_campaign":[],"jnews-multi-image_gallery":[],"jnews_single_post":{"subtitle":"Eine UN-Kommission stellte fest, dass die k\u00f6rperliche und geistige Unversehrtheit von Menschen mit Behinderungen in Frankreich weiterhin durch verschiedene Formen von Gewalt wie Zwangssterilisation und Zwangsabtreibungen beeintr\u00e4chtigt wird.","format":"standard","video":"","gallery":"","source_name":"","source_url":"","via_name":"","via_url":"","override":[{"template":"1","single_blog_custom":"","parallax":"1","fullscreen":"1","layout":"right-sidebar","sidebar":"default-sidebar","second_sidebar":"default-sidebar","sticky_sidebar":"1","share_position":"top","share_float_style":"share-monocrhome","show_share_counter":"1","show_view_counter":"1","show_featured":"1","show_post_meta":"1","show_post_author":"1","show_post_author_image":"1","show_post_date":"1","post_date_format":"default","post_date_format_custom":"Y\/m\/d","show_post_category":"1","post_reading_time_wpm":"300","zoom_button_out_step":"2","zoom_button_in_step":"3","show_post_tag":"1","show_prev_next_post":"1","show_popup_post":"1","number_popup_post":"1"}],"image_override":[{"single_post_thumbnail_size":"crop-500","single_post_gallery_size":"crop-500"}],"trending_post_position":"meta","trending_post_label":"Trending","sponsored_post_label":"Sponsored by","sponsored_post_name":"","sponsored_post_url":"","sponsored_post_logo":"","sponsored_post_desc":""},"jnews_primary_category":{"id":"820"},"jnews_social_meta":{"fb_title":"","fb_description":"","fb_image":"","twitter_title":"","twitter_description":"","twitter_image":""},"jnews_override_counter":{"view_counter_number":"0","share_counter_number":"0","like_counter_number":"0","dislike_counter_number":"0"},"footnotes":""},"categories":[816,820,811],"tags":[1906,3034,1670,12094,4105],"class_list":["post-102983","post","type-post","status-publish","format-standard","has-post-thumbnail","hentry","category-breaking-news-de","category-leben","category-foreground-de","tag-abtreibung","tag-frankreich","tag-lebensschutz-2","tag-pranatales-screening","tag-vereinte-nationen"],"yoast_head":"<!-- This site is optimized with the Yoast SEO Premium plugin v25.9 (Yoast SEO v27.3) - https:\/\/yoast.com\/product\/yoast-seo-premium-wordpress\/ -->\n<title>UN r\u00fcgt Frankreich f\u00fcr seinen Umgang mit behinderten Menschen - IFN<\/title>\n<meta name=\"robots\" content=\"index, follow, max-snippet:-1, max-image-preview:large, max-video-preview:-1\" \/>\n<link rel=\"canonical\" href=\"https:\/\/ifamnews.com\/de\/un-r-gt-frankreich-f-r-seinen-umgang-mit-behinderten-menschen\" \/>\n<meta property=\"og:locale\" content=\"de_DE\" \/>\n<meta property=\"og:type\" content=\"article\" \/>\n<meta property=\"og:title\" content=\"UN r\u00fcgt Frankreich f\u00fcr seinen Umgang mit behinderten Menschen\" \/>\n<meta property=\"og:description\" content=\"Eine UN-Kommission stellte fest, dass die k\u00f6rperliche und geistige Unversehrtheit von Menschen mit Behinderungen in Frankreich weiterhin durch verschiedene Formen von Gewalt wie Zwangssterilisation und Zwangsabtreibungen beeintr\u00e4chtigt wird.\" \/>\n<meta property=\"og:url\" content=\"https:\/\/ifamnews.com\/de\/un-r-gt-frankreich-f-r-seinen-umgang-mit-behinderten-menschen\" \/>\n<meta property=\"og:site_name\" content=\"IFN\" \/>\n<meta property=\"article:publisher\" content=\"https:\/\/www.facebook.com\/iFamNews\" \/>\n<meta property=\"article:published_time\" content=\"2021-11-05T05:00:00+00:00\" \/>\n<meta property=\"og:image\" content=\"https:\/\/ifamnews.com\/wp-content\/uploads\/2021\/11\/Walter-Kistler.jpg\" \/>\n\t<meta property=\"og:image:width\" content=\"1200\" \/>\n\t<meta property=\"og:image:height\" content=\"675\" \/>\n\t<meta property=\"og:image:type\" content=\"image\/jpeg\" \/>\n<meta name=\"author\" content=\"Johann R. Porter\" \/>\n<meta name=\"twitter:card\" content=\"summary_large_image\" \/>\n<meta name=\"twitter:creator\" content=\"@iFamNewsEN\" \/>\n<meta name=\"twitter:site\" content=\"@iFamNewsEN\" \/>\n<meta name=\"twitter:label1\" content=\"Verfasst von\" \/>\n\t<meta name=\"twitter:data1\" content=\"Johann R. Porter\" \/>\n\t<meta name=\"twitter:label2\" content=\"Gesch\u00e4tzte Lesezeit\" \/>\n\t<meta name=\"twitter:data2\" content=\"2\u00a0Minuten\" \/>\n<!-- \/ Yoast SEO Premium plugin. -->","yoast_head_json":{"title":"UN r\u00fcgt Frankreich f\u00fcr seinen Umgang mit behinderten Menschen - IFN","robots":{"index":"index","follow":"follow","max-snippet":"max-snippet:-1","max-image-preview":"max-image-preview:large","max-video-preview":"max-video-preview:-1"},"canonical":"https:\/\/ifamnews.com\/de\/un-r-gt-frankreich-f-r-seinen-umgang-mit-behinderten-menschen","og_locale":"de_DE","og_type":"article","og_title":"UN r\u00fcgt Frankreich f\u00fcr seinen Umgang mit behinderten Menschen","og_description":"Eine UN-Kommission stellte fest, dass die k\u00f6rperliche und geistige Unversehrtheit von Menschen mit Behinderungen in Frankreich weiterhin durch verschiedene Formen von Gewalt wie Zwangssterilisation und Zwangsabtreibungen beeintr\u00e4chtigt wird.","og_url":"https:\/\/ifamnews.com\/de\/un-r-gt-frankreich-f-r-seinen-umgang-mit-behinderten-menschen","og_site_name":"IFN","article_publisher":"https:\/\/www.facebook.com\/iFamNews","article_published_time":"2021-11-05T05:00:00+00:00","og_image":[{"width":1200,"height":675,"url":"https:\/\/ifamnews.com\/wp-content\/uploads\/2021\/11\/Walter-Kistler.jpg","type":"image\/jpeg"}],"author":"Johann R. Porter","twitter_card":"summary_large_image","twitter_creator":"@iFamNewsEN","twitter_site":"@iFamNewsEN","twitter_misc":{"Verfasst von":"Johann R. Porter","Gesch\u00e4tzte Lesezeit":"2\u00a0Minuten"},"schema":{"@context":"https:\/\/schema.org","@graph":[{"@type":"NewsArticle","@id":"https:\/\/ifamnews.com\/de\/un-r-gt-frankreich-f-r-seinen-umgang-mit-behinderten-menschen#article","isPartOf":{"@id":"https:\/\/ifamnews.com\/de\/un-r-gt-frankreich-f-r-seinen-umgang-mit-behinderten-menschen"},"author":{"name":"Johann R. Porter","@id":"https:\/\/ifamnews.com\/en\/#\/schema\/person\/97c5fc10500c93e36c296295ba21a537"},"headline":"UN r\u00fcgt Frankreich f\u00fcr seinen Umgang mit behinderten Menschen","datePublished":"2021-11-05T05:00:00+00:00","mainEntityOfPage":{"@id":"https:\/\/ifamnews.com\/de\/un-r-gt-frankreich-f-r-seinen-umgang-mit-behinderten-menschen"},"wordCount":290,"commentCount":0,"publisher":{"@id":"https:\/\/ifamnews.com\/en\/#organization"},"image":{"@id":"https:\/\/ifamnews.com\/de\/un-r-gt-frankreich-f-r-seinen-umgang-mit-behinderten-menschen#primaryimage"},"thumbnailUrl":"https:\/\/ifamnews.com\/wp-content\/uploads\/2021\/11\/Walter-Kistler.jpg","keywords":["Abtreibung","Frankreich","Lebensschutz","pr\u00e4natales Screening","Vereinte Nationen"],"articleSection":["Breaking News","Leben","Vordergrund"],"inLanguage":"de","potentialAction":[{"@type":"CommentAction","name":"Comment","target":["https:\/\/ifamnews.com\/de\/un-r-gt-frankreich-f-r-seinen-umgang-mit-behinderten-menschen#respond"]}]},{"@type":"WebPage","@id":"https:\/\/ifamnews.com\/de\/un-r-gt-frankreich-f-r-seinen-umgang-mit-behinderten-menschen","url":"https:\/\/ifamnews.com\/de\/un-r-gt-frankreich-f-r-seinen-umgang-mit-behinderten-menschen","name":"UN r\u00fcgt Frankreich f\u00fcr seinen Umgang mit behinderten Menschen - IFN","isPartOf":{"@id":"https:\/\/ifamnews.com\/en\/#website"},"primaryImageOfPage":{"@id":"https:\/\/ifamnews.com\/de\/un-r-gt-frankreich-f-r-seinen-umgang-mit-behinderten-menschen#primaryimage"},"image":{"@id":"https:\/\/ifamnews.com\/de\/un-r-gt-frankreich-f-r-seinen-umgang-mit-behinderten-menschen#primaryimage"},"thumbnailUrl":"https:\/\/ifamnews.com\/wp-content\/uploads\/2021\/11\/Walter-Kistler.jpg","datePublished":"2021-11-05T05:00:00+00:00","breadcrumb":{"@id":"https:\/\/ifamnews.com\/de\/un-r-gt-frankreich-f-r-seinen-umgang-mit-behinderten-menschen#breadcrumb"},"inLanguage":"de","potentialAction":[{"@type":"ReadAction","target":["https:\/\/ifamnews.com\/de\/un-r-gt-frankreich-f-r-seinen-umgang-mit-behinderten-menschen"]}]},{"@type":"ImageObject","inLanguage":"de","@id":"https:\/\/ifamnews.com\/de\/un-r-gt-frankreich-f-r-seinen-umgang-mit-behinderten-menschen#primaryimage","url":"https:\/\/ifamnews.com\/wp-content\/uploads\/2021\/11\/Walter-Kistler.jpg","contentUrl":"https:\/\/ifamnews.com\/wp-content\/uploads\/2021\/11\/Walter-Kistler.jpg","width":1200,"height":675,"caption":"Walter Kistler, \u00fcberlebte die Naziherrschaft, weil er von seinen Eltern versteckt wurde. Fotorechte: CC BY-SA 3.0 de."},{"@type":"BreadcrumbList","@id":"https:\/\/ifamnews.com\/de\/un-r-gt-frankreich-f-r-seinen-umgang-mit-behinderten-menschen#breadcrumb","itemListElement":[{"@type":"ListItem","position":1,"name":"Home","item":"https:\/\/ifamnews.com\/de"},{"@type":"ListItem","position":2,"name":"Leben","item":"https:\/\/ifamnews.com\/de\/kategorie\/leben"},{"@type":"ListItem","position":3,"name":"UN r\u00fcgt Frankreich f\u00fcr seinen Umgang mit behinderten Menschen"}]},{"@type":"WebSite","@id":"https:\/\/ifamnews.com\/en\/#website","url":"https:\/\/ifamnews.com\/en\/","name":"IFN","description":"International Family News Network","publisher":{"@id":"https:\/\/ifamnews.com\/en\/#organization"},"potentialAction":[{"@type":"SearchAction","target":{"@type":"EntryPoint","urlTemplate":"https:\/\/ifamnews.com\/en\/?s={search_term_string}"},"query-input":{"@type":"PropertyValueSpecification","valueRequired":true,"valueName":"search_term_string"}}],"inLanguage":"de"},{"@type":"Organization","@id":"https:\/\/ifamnews.com\/en\/#organization","name":"iFamNews","url":"https:\/\/ifamnews.com\/en\/","logo":{"@type":"ImageObject","inLanguage":"de","@id":"https:\/\/ifamnews.com\/en\/#\/schema\/logo\/image\/","url":"https:\/\/ifamnews.com\/wp-content\/uploads\/2020\/01\/Share-logo.png","contentUrl":"https:\/\/ifamnews.com\/wp-content\/uploads\/2020\/01\/Share-logo.png","width":200,"height":200,"caption":"iFamNews"},"image":{"@id":"https:\/\/ifamnews.com\/en\/#\/schema\/logo\/image\/"},"sameAs":["https:\/\/www.facebook.com\/iFamNews","https:\/\/x.com\/iFamNewsEN"]},{"@type":"Person","@id":"https:\/\/ifamnews.com\/en\/#\/schema\/person\/97c5fc10500c93e36c296295ba21a537","name":"Johann R. Porter","image":{"@type":"ImageObject","inLanguage":"de","@id":"https:\/\/secure.gravatar.com\/avatar\/b295da437fcd0635c3fe53d90b9545df9d7b3b7681f3a87122ec5cef8870a293?s=96&d=mm&r=g","url":"https:\/\/secure.gravatar.com\/avatar\/b295da437fcd0635c3fe53d90b9545df9d7b3b7681f3a87122ec5cef8870a293?s=96&d=mm&r=g","contentUrl":"https:\/\/secure.gravatar.com\/avatar\/b295da437fcd0635c3fe53d90b9545df9d7b3b7681f3a87122ec5cef8870a293?s=96&d=mm&r=g","caption":"Johann R. Porter"},"description":"A German-speaking social scientist and worker in the pro-life movement. [This author writes under a pseudonym.]","url":"https:\/\/ifamnews.com\/de\/author\/jporter"}]}},"amp_enabled":true,"_links":{"self":[{"href":"https:\/\/ifamnews.com\/de\/wp-json\/wp\/v2\/posts\/102983","targetHints":{"allow":["GET"]}}],"collection":[{"href":"https:\/\/ifamnews.com\/de\/wp-json\/wp\/v2\/posts"}],"about":[{"href":"https:\/\/ifamnews.com\/de\/wp-json\/wp\/v2\/types\/post"}],"author":[{"embeddable":true,"href":"https:\/\/ifamnews.com\/de\/wp-json\/wp\/v2\/users\/589"}],"replies":[{"embeddable":true,"href":"https:\/\/ifamnews.com\/de\/wp-json\/wp\/v2\/comments?post=102983"}],"version-history":[{"count":2,"href":"https:\/\/ifamnews.com\/de\/wp-json\/wp\/v2\/posts\/102983\/revisions"}],"predecessor-version":[{"id":103242,"href":"https:\/\/ifamnews.com\/de\/wp-json\/wp\/v2\/posts\/102983\/revisions\/103242"}],"wp:featuredmedia":[{"embeddable":true,"href":"https:\/\/ifamnews.com\/de\/wp-json\/wp\/v2\/media\/102984"}],"wp:attachment":[{"href":"https:\/\/ifamnews.com\/de\/wp-json\/wp\/v2\/media?parent=102983"}],"wp:term":[{"taxonomy":"category","embeddable":true,"href":"https:\/\/ifamnews.com\/de\/wp-json\/wp\/v2\/categories?post=102983"},{"taxonomy":"post_tag","embeddable":true,"href":"https:\/\/ifamnews.com\/de\/wp-json\/wp\/v2\/tags?post=102983"}],"curies":[{"name":"wp","href":"https:\/\/api.w.org\/{rel}","templated":true}]}}