{"id":102771,"date":"2021-11-02T01:00:00","date_gmt":"2021-11-02T05:00:00","guid":{"rendered":"https:\/\/ifamnews.com\/?p=102771"},"modified":"2021-10-30T12:22:02","modified_gmt":"2021-10-30T16:22:02","slug":"russland-schlie-t-sich-internationalem-pro-life-abkommen-an","status":"publish","type":"post","link":"https:\/\/ifamnews.com\/de\/russland-schlie-t-sich-internationalem-pro-life-abkommen-an","title":{"rendered":"Russland schlie\u00dft sich internationalem Pro-Life Abkommen an"},"content":{"rendered":"\n<p>Russland ist der <em>Genfer Konsenserkl\u00e4rung zur Gesundheit der Frau und zum Schutz der Familie<\/em> beigetreten, die sich unter anderem zum Lebensrecht ungeborener Kinder bekennt, <a href=\"https:\/\/c-fam.org\/friday_fax\/russia-joins-global-pro-life-initiative\/\">berichtet C-FAM<\/a>. Die Genfer Konsenserkl\u00e4rung war vor einem Jahr verabschiedet worden.<\/p>\n\n\n\n<p>Die Erkl\u00e4rung umfasst vier Themen, zu denen sich die unterzeichnenden Staaten bekennen. Dazu geh\u00f6ren Frauenrechte, die W\u00fcrde der menschlichen Person, die Familie als nat\u00fcrliche und fundamentale Einheit der Gesellschaft sowie die Souver\u00e4nit\u00e4t der Nationalstaaten, eigene Rechte zu verabschieden.<\/p>\n\n\n\n<p>Das Abkommen bekr\u00e4ftigt, dass es \u201eweder ein internationales Recht auf Abtreibung noch eine internationale Verpflichtung der Staaten gibt, Abtreibung zu finanzieren oder zu gew\u00e4hrleisten.\u201c Es erkennt auch die zentrale Bedeutung der Familie als \u201enat\u00fcrliche und grundlegende Gruppeneinheit der Gesellschaft\u201c an und verpflichtet die L\u00e4nder zum Schutz der Familie in Einklang mit dem V\u00f6lkerrecht.<\/p>\n\n\n\n<p>Die Genfer Konsenserkl\u00e4rung war im Oktober 2020 von US-Au\u00dfenminister Mike Pompeo unter der Regierung von Donald Trump initiiert worden. Der gegenw\u00e4rtige US-Pr\u00e4sident Joe Biden lie\u00df die USA nur wenige Tage nach seinem Amtsantritt im Januar 2021 jedoch wieder austreten. Der Erkl\u00e4rung geh\u00f6rten zuvor 35 L\u00e4nder an, die 1,6 Milliarden Menschen der weltweit knapp 8 Milliarden Menschen vertreten.<\/p>\n\n\n\n<p><strong><em>Die Lebens- und Familienrechtsbewegung interessiert Sie? Bleiben Sie immer auf dem neuesten Stand \u2013 abonnieren Sie unseren Newsletter! <\/em><\/strong><a href=\"https:\/\/ifamnews.com\/de\/abonnieren\/\"><strong><em>Registrieren Sie sich hier.<\/em><\/strong><\/a><strong><em> T\u00e4gliche Nachrichten aus den deutschsprachigen L\u00e4ndern und der ganzen Welt!<\/em><\/strong><\/p>\n","protected":false},"excerpt":{"rendered":"<p>Nach Guatemala ist jetzt auch die Russische F\u00f6deration der Genfer Pro-Life-Erkl\u00e4rung beigetreten.<\/p>\n","protected":false},"author":589,"featured_media":102772,"comment_status":"open","ping_status":"open","sticky":false,"template":"","format":"standard","meta":{"give_campaign_id":0,"om_disable_all_campaigns":false,"_monsterinsights_skip_tracking":false,"_monsterinsights_sitenote_active":false,"_monsterinsights_sitenote_note":"","_monsterinsights_sitenote_category":0,"mc4wp_mailchimp_campaign":[],"jnews-multi-image_gallery":[],"jnews_single_post":{"subtitle":"Nach Guatemala ist jetzt auch die Russische F\u00f6deration der Genfer Pro-Life-Erkl\u00e4rung beigetreten.","format":"standard","video":"","gallery":"","source_name":"","source_url":"","via_name":"","via_url":"","override":[{"template":"1","single_blog_custom":"","parallax":"1","fullscreen":"1","layout":"right-sidebar","sidebar":"default-sidebar","second_sidebar":"default-sidebar","sticky_sidebar":"1","share_position":"top","share_float_style":"share-monocrhome","show_share_counter":"1","show_view_counter":"1","show_featured":"1","show_post_meta":"1","show_post_author":"1","show_post_author_image":"1","show_post_date":"1","post_date_format":"default","post_date_format_custom":"Y\/m\/d","show_post_category":"1","post_reading_time_wpm":"300","zoom_button_out_step":"2","zoom_button_in_step":"3","show_post_tag":"1","show_prev_next_post":"1","show_popup_post":"1","number_popup_post":"1"}],"image_override":[{"single_post_thumbnail_size":"crop-500","single_post_gallery_size":"crop-500"}],"trending_post_position":"meta","trending_post_label":"Trending","sponsored_post_label":"Sponsored by","sponsored_post_name":"","sponsored_post_url":"","sponsored_post_logo":"","sponsored_post_desc":""},"jnews_primary_category":{"id":"820"},"jnews_social_meta":[],"jnews_override_counter":[],"footnotes":""},"categories":[816,820,811],"tags":[1906,12980,1670,11834],"class_list":["post-102771","post","type-post","status-publish","format-standard","has-post-thumbnail","hentry","category-breaking-news-de","category-leben","category-foreground-de","tag-abtreibung","tag-genfer-konsenserklaerung","tag-lebensschutz-2","tag-russland-de"],"yoast_head":"<!-- This site is optimized with the Yoast SEO Premium plugin v25.9 (Yoast SEO v27.3) - https:\/\/yoast.com\/product\/yoast-seo-premium-wordpress\/ -->\n<title>Russland schlie\u00dft sich internationalem Pro-Life Abkommen an - IFN<\/title>\n<meta name=\"robots\" content=\"index, follow, max-snippet:-1, max-image-preview:large, max-video-preview:-1\" \/>\n<link rel=\"canonical\" href=\"https:\/\/ifamnews.com\/de\/russland-schlie-t-sich-internationalem-pro-life-abkommen-an\" \/>\n<meta property=\"og:locale\" content=\"de_DE\" \/>\n<meta property=\"og:type\" content=\"article\" \/>\n<meta property=\"og:title\" content=\"Russland schlie\u00dft sich internationalem Pro-Life Abkommen an\" \/>\n<meta property=\"og:description\" content=\"Nach Guatemala ist jetzt auch die Russische F\u00f6deration der Genfer Pro-Life-Erkl\u00e4rung beigetreten.\" \/>\n<meta property=\"og:url\" content=\"https:\/\/ifamnews.com\/de\/russland-schlie-t-sich-internationalem-pro-life-abkommen-an\" \/>\n<meta property=\"og:site_name\" content=\"IFN\" \/>\n<meta property=\"article:publisher\" content=\"https:\/\/www.facebook.com\/iFamNews\" \/>\n<meta property=\"article:published_time\" content=\"2021-11-02T05:00:00+00:00\" \/>\n<meta property=\"og:image\" content=\"https:\/\/ifamnews.com\/wp-content\/uploads\/2021\/10\/Geneva-Consensus-Declaration-10.211.jpg\" \/>\n\t<meta property=\"og:image:width\" content=\"1200\" \/>\n\t<meta property=\"og:image:height\" content=\"675\" \/>\n\t<meta property=\"og:image:type\" content=\"image\/jpeg\" \/>\n<meta name=\"author\" content=\"Johann R. Porter\" \/>\n<meta name=\"twitter:card\" content=\"summary_large_image\" \/>\n<meta name=\"twitter:creator\" content=\"@iFamNewsEN\" \/>\n<meta name=\"twitter:site\" content=\"@iFamNewsEN\" \/>\n<meta name=\"twitter:label1\" content=\"Verfasst von\" \/>\n\t<meta name=\"twitter:data1\" content=\"Johann R. Porter\" \/>\n\t<meta name=\"twitter:label2\" content=\"Gesch\u00e4tzte Lesezeit\" \/>\n\t<meta name=\"twitter:data2\" content=\"1\u00a0Minute\" \/>\n<!-- \/ Yoast SEO Premium plugin. -->","yoast_head_json":{"title":"Russland schlie\u00dft sich internationalem Pro-Life Abkommen an - IFN","robots":{"index":"index","follow":"follow","max-snippet":"max-snippet:-1","max-image-preview":"max-image-preview:large","max-video-preview":"max-video-preview:-1"},"canonical":"https:\/\/ifamnews.com\/de\/russland-schlie-t-sich-internationalem-pro-life-abkommen-an","og_locale":"de_DE","og_type":"article","og_title":"Russland schlie\u00dft sich internationalem Pro-Life Abkommen an","og_description":"Nach Guatemala ist jetzt auch die Russische F\u00f6deration der Genfer Pro-Life-Erkl\u00e4rung beigetreten.","og_url":"https:\/\/ifamnews.com\/de\/russland-schlie-t-sich-internationalem-pro-life-abkommen-an","og_site_name":"IFN","article_publisher":"https:\/\/www.facebook.com\/iFamNews","article_published_time":"2021-11-02T05:00:00+00:00","og_image":[{"width":1200,"height":675,"url":"https:\/\/ifamnews.com\/wp-content\/uploads\/2021\/10\/Geneva-Consensus-Declaration-10.211.jpg","type":"image\/jpeg"}],"author":"Johann R. Porter","twitter_card":"summary_large_image","twitter_creator":"@iFamNewsEN","twitter_site":"@iFamNewsEN","twitter_misc":{"Verfasst von":"Johann R. Porter","Gesch\u00e4tzte Lesezeit":"1\u00a0Minute"},"schema":{"@context":"https:\/\/schema.org","@graph":[{"@type":"NewsArticle","@id":"https:\/\/ifamnews.com\/de\/russland-schlie-t-sich-internationalem-pro-life-abkommen-an#article","isPartOf":{"@id":"https:\/\/ifamnews.com\/de\/russland-schlie-t-sich-internationalem-pro-life-abkommen-an"},"author":{"name":"Johann R. Porter","@id":"https:\/\/ifamnews.com\/en\/#\/schema\/person\/97c5fc10500c93e36c296295ba21a537"},"headline":"Russland schlie\u00dft sich internationalem Pro-Life Abkommen an","datePublished":"2021-11-02T05:00:00+00:00","mainEntityOfPage":{"@id":"https:\/\/ifamnews.com\/de\/russland-schlie-t-sich-internationalem-pro-life-abkommen-an"},"wordCount":239,"commentCount":0,"publisher":{"@id":"https:\/\/ifamnews.com\/en\/#organization"},"image":{"@id":"https:\/\/ifamnews.com\/de\/russland-schlie-t-sich-internationalem-pro-life-abkommen-an#primaryimage"},"thumbnailUrl":"https:\/\/ifamnews.com\/wp-content\/uploads\/2021\/10\/Geneva-Consensus-Declaration-10.211.jpg","keywords":["Abtreibung","Genfer Konsenserkl\u00e4rung","Lebensschutz","Russland"],"articleSection":["Breaking News","Leben","Vordergrund"],"inLanguage":"de","potentialAction":[{"@type":"CommentAction","name":"Comment","target":["https:\/\/ifamnews.com\/de\/russland-schlie-t-sich-internationalem-pro-life-abkommen-an#respond"]}]},{"@type":"WebPage","@id":"https:\/\/ifamnews.com\/de\/russland-schlie-t-sich-internationalem-pro-life-abkommen-an","url":"https:\/\/ifamnews.com\/de\/russland-schlie-t-sich-internationalem-pro-life-abkommen-an","name":"Russland schlie\u00dft sich internationalem Pro-Life Abkommen an - IFN","isPartOf":{"@id":"https:\/\/ifamnews.com\/en\/#website"},"primaryImageOfPage":{"@id":"https:\/\/ifamnews.com\/de\/russland-schlie-t-sich-internationalem-pro-life-abkommen-an#primaryimage"},"image":{"@id":"https:\/\/ifamnews.com\/de\/russland-schlie-t-sich-internationalem-pro-life-abkommen-an#primaryimage"},"thumbnailUrl":"https:\/\/ifamnews.com\/wp-content\/uploads\/2021\/10\/Geneva-Consensus-Declaration-10.211.jpg","datePublished":"2021-11-02T05:00:00+00:00","breadcrumb":{"@id":"https:\/\/ifamnews.com\/de\/russland-schlie-t-sich-internationalem-pro-life-abkommen-an#breadcrumb"},"inLanguage":"de","potentialAction":[{"@type":"ReadAction","target":["https:\/\/ifamnews.com\/de\/russland-schlie-t-sich-internationalem-pro-life-abkommen-an"]}]},{"@type":"ImageObject","inLanguage":"de","@id":"https:\/\/ifamnews.com\/de\/russland-schlie-t-sich-internationalem-pro-life-abkommen-an#primaryimage","url":"https:\/\/ifamnews.com\/wp-content\/uploads\/2021\/10\/Geneva-Consensus-Declaration-10.211.jpg","contentUrl":"https:\/\/ifamnews.com\/wp-content\/uploads\/2021\/10\/Geneva-Consensus-Declaration-10.211.jpg","width":1200,"height":675},{"@type":"BreadcrumbList","@id":"https:\/\/ifamnews.com\/de\/russland-schlie-t-sich-internationalem-pro-life-abkommen-an#breadcrumb","itemListElement":[{"@type":"ListItem","position":1,"name":"Home","item":"https:\/\/ifamnews.com\/de"},{"@type":"ListItem","position":2,"name":"Leben","item":"https:\/\/ifamnews.com\/de\/kategorie\/leben"},{"@type":"ListItem","position":3,"name":"Russland schlie\u00dft sich internationalem Pro-Life Abkommen an"}]},{"@type":"WebSite","@id":"https:\/\/ifamnews.com\/en\/#website","url":"https:\/\/ifamnews.com\/en\/","name":"IFN","description":"International Family News Network","publisher":{"@id":"https:\/\/ifamnews.com\/en\/#organization"},"potentialAction":[{"@type":"SearchAction","target":{"@type":"EntryPoint","urlTemplate":"https:\/\/ifamnews.com\/en\/?s={search_term_string}"},"query-input":{"@type":"PropertyValueSpecification","valueRequired":true,"valueName":"search_term_string"}}],"inLanguage":"de"},{"@type":"Organization","@id":"https:\/\/ifamnews.com\/en\/#organization","name":"iFamNews","url":"https:\/\/ifamnews.com\/en\/","logo":{"@type":"ImageObject","inLanguage":"de","@id":"https:\/\/ifamnews.com\/en\/#\/schema\/logo\/image\/","url":"https:\/\/ifamnews.com\/wp-content\/uploads\/2020\/01\/Share-logo.png","contentUrl":"https:\/\/ifamnews.com\/wp-content\/uploads\/2020\/01\/Share-logo.png","width":200,"height":200,"caption":"iFamNews"},"image":{"@id":"https:\/\/ifamnews.com\/en\/#\/schema\/logo\/image\/"},"sameAs":["https:\/\/www.facebook.com\/iFamNews","https:\/\/x.com\/iFamNewsEN"]},{"@type":"Person","@id":"https:\/\/ifamnews.com\/en\/#\/schema\/person\/97c5fc10500c93e36c296295ba21a537","name":"Johann R. Porter","image":{"@type":"ImageObject","inLanguage":"de","@id":"https:\/\/secure.gravatar.com\/avatar\/b295da437fcd0635c3fe53d90b9545df9d7b3b7681f3a87122ec5cef8870a293?s=96&d=mm&r=g","url":"https:\/\/secure.gravatar.com\/avatar\/b295da437fcd0635c3fe53d90b9545df9d7b3b7681f3a87122ec5cef8870a293?s=96&d=mm&r=g","contentUrl":"https:\/\/secure.gravatar.com\/avatar\/b295da437fcd0635c3fe53d90b9545df9d7b3b7681f3a87122ec5cef8870a293?s=96&d=mm&r=g","caption":"Johann R. Porter"},"description":"A German-speaking social scientist and worker in the pro-life movement. [This author writes under a pseudonym.]","url":"https:\/\/ifamnews.com\/de\/author\/jporter"}]}},"amp_enabled":true,"_links":{"self":[{"href":"https:\/\/ifamnews.com\/de\/wp-json\/wp\/v2\/posts\/102771","targetHints":{"allow":["GET"]}}],"collection":[{"href":"https:\/\/ifamnews.com\/de\/wp-json\/wp\/v2\/posts"}],"about":[{"href":"https:\/\/ifamnews.com\/de\/wp-json\/wp\/v2\/types\/post"}],"author":[{"embeddable":true,"href":"https:\/\/ifamnews.com\/de\/wp-json\/wp\/v2\/users\/589"}],"replies":[{"embeddable":true,"href":"https:\/\/ifamnews.com\/de\/wp-json\/wp\/v2\/comments?post=102771"}],"version-history":[{"count":1,"href":"https:\/\/ifamnews.com\/de\/wp-json\/wp\/v2\/posts\/102771\/revisions"}],"predecessor-version":[{"id":102780,"href":"https:\/\/ifamnews.com\/de\/wp-json\/wp\/v2\/posts\/102771\/revisions\/102780"}],"wp:featuredmedia":[{"embeddable":true,"href":"https:\/\/ifamnews.com\/de\/wp-json\/wp\/v2\/media\/102772"}],"wp:attachment":[{"href":"https:\/\/ifamnews.com\/de\/wp-json\/wp\/v2\/media?parent=102771"}],"wp:term":[{"taxonomy":"category","embeddable":true,"href":"https:\/\/ifamnews.com\/de\/wp-json\/wp\/v2\/categories?post=102771"},{"taxonomy":"post_tag","embeddable":true,"href":"https:\/\/ifamnews.com\/de\/wp-json\/wp\/v2\/tags?post=102771"}],"curies":[{"name":"wp","href":"https:\/\/api.w.org\/{rel}","templated":true}]}}