{"id":100772,"date":"2021-10-26T03:00:00","date_gmt":"2021-10-26T07:00:00","guid":{"rendered":"https:\/\/ifamnews.com\/?p=100772"},"modified":"2021-10-28T05:48:32","modified_gmt":"2021-10-28T09:48:32","slug":"immer-weniger-geburten-in-italien-nach-r-ckschl-gen-soll-rom-nun-stadt-f-r-das-leben-werden","status":"publish","type":"post","link":"https:\/\/ifamnews.com\/de\/immer-weniger-geburten-in-italien-nach-r-ckschl-gen-soll-rom-nun-stadt-f-r-das-leben-werden","title":{"rendered":"Bis 2100 wird die Bev\u00f6lkerunggr\u00f6\u00dfe Italiens halbiert; der demographische Winter bef\u00e4llt Europa."},"content":{"rendered":"<p class=\"last-updated\">Last updated on Oktober 28th, 2021 at 05:48 a.m.<\/p>\n<p>Es ist kein Geheimnis, dass durch die \u201esexuelle Revolution\u201c Familiengr\u00fcndungen und Geburtenzahlen stark abgenommen haben. Der Bev\u00f6lkerungsschwund innerhalb Europas hat ein historisches Rekordtief erreicht und leider geh\u00f6rt Italien zu den L\u00e4ndern mit den niedrigsten Geburtenraten in ganz Europa.<\/p>\n\n\n\n<p>Aus den Statistiken geht hervor, dass die Bev\u00f6lkerung Italiens in den Jahren 2016 und 2017 anstieg. Doch dann begann sie zu sinken. Das italienische Statistikamt Istat meldete, dass im Jahr 2019 nur 435.000 Geburten verzeichnet wurden, die niedrigste, jemals in Italien erfasste Zahl. Gleichzeitig gab es im selben Jahr 647.000 Todesf\u00e4lle. Ein d\u00fcsteres Omen f\u00fcr Italiens Zukunft.<\/p>\n\n\n\n<p>Der stetige Anstieg der Geburten unter Migranten und Einwanderern <a href=\"https:\/\/www.istat.it\/it\/files\/2020\/12\/REPORT-NATALITA-2019.pdf\">tr\u00e4gt dazu bei, die r\u00fcckl\u00e4ufige Geburtenrate des Landes auszugleichen<\/a>. Die Bef\u00fcrchtung ist jedoch, dass Italien bald einen Wendepunkt erreichen wird und mehr Geburten unter den Einwanderern als unter der heimischen Bev\u00f6lkerung verzeichnet werden. Einer Studie zufolge wird <a href=\"https:\/\/gefira.org\/en\/2018\/01\/18\/the-incredibly-shrinking-italian-population-by-2080-italians-will-be-a-minority-in-their-own-country\/\">das italienische Volk im Jahr 2080 eine Minderheit im eigenen Land<\/a> sein, w\u00e4hrend 50 % der Einwohner Italiens aus Afrika und Asien stammen werden.<\/p>\n\n\n\n<p>Staatspr\u00e4sident Sergio Mattarella <a href=\"https:\/\/www.reuters.com\/article\/us-italy-population\/italy-faces-existential-threat-over-low-birthrate-president-idUSKBN2052E1\">beklagt den R\u00fcckgang der Geburtenrate in Italien<\/a>: \u201eEs handelt sich um ein Problem, das die Existenz unseres Landes bedroht. Das Gef\u00fcge unserer Nation wird geschw\u00e4cht. Wir m\u00fcssen mit allen Mitteln versuchen, dieses Ph\u00e4nomen zu stoppen.\u201c<\/p>\n\n\n\n<p>Neben diesen beiden Hauptgr\u00fcnden (sinkende Geburtenrate und verst\u00e4rkte Abwanderung aus Italien) gibt es noch einen dritten: die Auswirkungen der Pandemie und die damit verbundene hohe Zahl der Todesopfer.<\/p>\n\n\n\n<p>Die COVID-19-Lockdowns haben sich negativ auf die <a href=\"https:\/\/www.lastampa.it\/cronaca\/2019\/11\/20\/news\/rapporto-istat-aumentano-i-matrimoni-ma-ci-si-sposa-sempre-piu-vecchi-1.37925292\">Zahl der Eheschlie\u00dfungen<\/a> ausgewirkt, die sich aufgrund der Isolierungsma\u00dfnahmen 2020 halbiert habe, berichtet La Stampa. Im Jahr 2019 wurden noch 85.000 Ehen geschlossen, was genau der H\u00e4lfte der 170.000 Eheschlie\u00dfungen des Vorjahres entspricht. Dies wird zweifellos zu einem unmittelbaren Geburtenr\u00fcckgang beitragen.<\/p>\n\n\n\n<p>Die Folgen von COVID-19 betreffen nicht nur die niedrige Zahl der Eheschlie\u00dfungen, sondern auch andere Aspekte des Lebens. Tausende Italiener sind an dem aus China stammenden Virus gestorben, doch weitaus mehr haben aufgrund des durch die Pandemie verursachten Stresses und der starken Verbreitung von Verh\u00fctungsmitteln ihre Lebenslust verloren. Im August 2020 erlie\u00df die italienische Gesundheitsbeh\u00f6rde <a href=\"http:\/\/www.salute.gov.it\/portale\/donna\/dettaglioContenutiDonna.jsp?id=4476&amp;area=Salute%2520donna&amp;menu=societa\">neue Vorschriften hinsichtlich pharmakologischer Schwangerschaftsabbr\u00fcche<\/a>, wonach nun die Einnahme abtreibungsf\u00f6rdernder Medikamente bis zur neunten Schwangerschaftswoche erlaubt ist.<\/p>\n\n\n\n<p>Die Abtreibung ist eine weitere Seuche, die die Menschheit heimgesucht hat und im letzten Jahr nicht nur in Italien, sondern weltweit zugenommen hat. Einer Statistik von Worldmeters.info zufolge wurden bis zum 18. Januar 2021 weltweit mehr als 2 Millionen Abtreibungen vorgenommen. Das hei\u00dft, allein in den ersten 18 Tagen des Jahres haben Schwangerschaftsabbr\u00fcche mehr Opfer verursacht als die Coronovirus-Pandemie im gesamten Vorjahr.<\/p>\n\n\n\n<p>Gian Carlo Blangiardo, Vorsitzender des Nationalen Institut f\u00fcr Statistik <em>Istat<\/em>, ist der Ansicht, dass \u201eman gewiss davon ausgehen kann, dass die Entscheidung italienischer Paare, Kinder zu bekommen, negativ von dem von Unsicherheit und Angst gepr\u00e4gten Klima und finanziellen Sorgen beeinflusst wird.\u201c<\/p>\n\n\n\n<p>Es hei\u00dft, dass Frauen in Italien keine Kinder bekommen, weil sie damit gegen den wirtschaftlichen und sozialen Niedergang protestieren. Die Zahlen sprechen f\u00fcr sich. Im Dezember 2015 wurde in &nbsp;15 italienischen St\u00e4dten ein <a href=\"https:\/\/www.businessinsider.com\/the-fastest-shrinking-countries-in-the-world-declining-populations?op=1#20-italy-the-population-is-projected-to-drop-from-605-million-in-2020-to-544-million-in-2050-a-101-decline-1\">Geburtenr\u00fcckgang um 21,6 %<\/a> im Vergleich zum Dezember 2019 gemeldet.<\/p>\n\n\n\n<p>Ein Hoffnungsschimmer kommt trotz der Pandemie von der national-konservativen politischen Partei <em>Fratelli d&#8217;Italia<\/em>, unter der F\u00fchrung von Giorgia Meloni. <em>Fratelli d&#8217;Italia<\/em> hat der Stadtverwaltung Rom eine wichtige Initiative unterbreitet, um Rom offiziell zur \u201eStadt f\u00fcr das Leben\u201c zu erkl\u00e4ren und diesen Grundsatz in die Satzung der Stadtverwaltung aufzunehmen. Wenn die Gemeinde Rom sich zur \u201eStadt f\u00fcr das Leben\u201c erkl\u00e4rt, wird dies wahrscheinlich einen Dominoeffekt in ganz Italien und vielleicht in ganz Europa ausl\u00f6sen. Denn wenn sich nichts \u00e4ndert und sich die derzeitigen Entwicklungen fortsetzen, steuert das italienische Volk auf einen demografischen Selbstmord zu.<\/p>\n","protected":false},"excerpt":{"rendered":"<p>Rom soll nun \u201eStadt f\u00fcr das Leben\u201c werden. Staatspr\u00e4sident Mattarella: \u201eEs handelt sich um ein Problem, das die Existenz unseres Landes bedroht. Das Gef\u00fcge unserer Nation wird geschw\u00e4cht. Wir m\u00fcssen mit allen Mitteln versuchen, dieses Ph\u00e4nomen zu stoppen.\u201c<\/p>\n","protected":false},"author":906,"featured_media":98099,"comment_status":"open","ping_status":"open","sticky":false,"template":"","format":"standard","meta":{"give_campaign_id":0,"om_disable_all_campaigns":false,"_monsterinsights_skip_tracking":false,"_monsterinsights_sitenote_active":false,"_monsterinsights_sitenote_note":"","_monsterinsights_sitenote_category":0,"mc4wp_mailchimp_campaign":[],"jnews-multi-image_gallery":[],"jnews_single_post":{"subtitle":"Rom soll nun \u201eStadt f\u00fcr das Leben\u201c werden. Staatspr\u00e4sident Mattarella: \u201eEs handelt sich um ein Problem, das die Existenz unseres Landes bedroht. Das Gef\u00fcge unserer Nation wird geschw\u00e4cht. Wir m\u00fcssen mit allen Mitteln versuchen, dieses Ph\u00e4nomen zu stoppen.\u201c","format":"standard","video":"","gallery":"","source_name":"","source_url":"","via_name":"","via_url":"","override":[{"template":"1","single_blog_custom":"","parallax":"1","fullscreen":"1","layout":"right-sidebar","sidebar":"default-sidebar","second_sidebar":"default-sidebar","sticky_sidebar":"1","share_position":"top","share_float_style":"share-monocrhome","show_share_counter":"1","show_view_counter":"1","show_featured":"1","show_post_meta":"1","show_post_author":"1","show_post_author_image":"1","show_post_date":"1","post_date_format":"default","post_date_format_custom":"Y\/m\/d","show_post_category":"1","post_reading_time_wpm":"300","zoom_button_out_step":"2","zoom_button_in_step":"3","show_post_tag":"1","show_prev_next_post":"1","show_popup_post":"1","number_popup_post":"1"}],"image_override":[{"single_post_thumbnail_size":"crop-500","single_post_gallery_size":"crop-500"}],"trending_post_position":"meta","trending_post_label":"Trending","sponsored_post_label":"Sponsored by","sponsored_post_name":"","sponsored_post_url":"","sponsored_post_logo":"","sponsored_post_desc":""},"jnews_primary_category":{"id":"770"},"jnews_social_meta":[],"jnews_override_counter":[],"footnotes":""},"categories":[816,770,811],"tags":[4299,2299,8893,4868,2301,12972],"class_list":["post-100772","post","type-post","status-publish","format-standard","has-post-thumbnail","hentry","category-breaking-news-de","category-familie","category-foreground-de","tag-bevoelkerungsrueckgang","tag-coronavirus","tag-covid-19-6-de","tag-geburtenrate","tag-italien","tag-stadt-fuer-das-leben"],"yoast_head":"<!-- This site is optimized with the Yoast SEO Premium plugin v25.9 (Yoast SEO v27.3) - https:\/\/yoast.com\/product\/yoast-seo-premium-wordpress\/ -->\n<title>Bis 2100 wird die Bev\u00f6lkerunggr\u00f6\u00dfe Italiens halbiert; der demographische Winter bef\u00e4llt Europa. - IFN<\/title>\n<meta name=\"robots\" content=\"index, follow, max-snippet:-1, max-image-preview:large, max-video-preview:-1\" \/>\n<link rel=\"canonical\" href=\"https:\/\/ifamnews.com\/de\/immer-weniger-geburten-in-italien-nach-r-ckschl-gen-soll-rom-nun-stadt-f-r-das-leben-werden\" \/>\n<meta property=\"og:locale\" content=\"de_DE\" \/>\n<meta property=\"og:type\" content=\"article\" \/>\n<meta property=\"og:title\" content=\"Bis 2100 wird die Bev\u00f6lkerunggr\u00f6\u00dfe Italiens halbiert; der demographische Winter bef\u00e4llt Europa.\" \/>\n<meta property=\"og:description\" content=\"Rom soll nun \u201eStadt f\u00fcr das Leben\u201c werden. Staatspr\u00e4sident Mattarella: \u201eEs handelt sich um ein Problem, das die Existenz unseres Landes bedroht. Das Gef\u00fcge unserer Nation wird geschw\u00e4cht. Wir m\u00fcssen mit allen Mitteln versuchen, dieses Ph\u00e4nomen zu stoppen.\u201c\" \/>\n<meta property=\"og:url\" content=\"https:\/\/ifamnews.com\/de\/immer-weniger-geburten-in-italien-nach-r-ckschl-gen-soll-rom-nun-stadt-f-r-das-leben-werden\" \/>\n<meta property=\"og:site_name\" content=\"IFN\" \/>\n<meta property=\"article:publisher\" content=\"https:\/\/www.facebook.com\/iFamNews\" \/>\n<meta property=\"article:published_time\" content=\"2021-10-26T07:00:00+00:00\" \/>\n<meta property=\"article:modified_time\" content=\"2021-10-28T09:48:32+00:00\" \/>\n<meta property=\"og:image\" content=\"https:\/\/ifamnews.com\/wp-content\/uploads\/2021\/10\/covid-italia.png\" \/>\n\t<meta property=\"og:image:width\" content=\"1200\" \/>\n\t<meta property=\"og:image:height\" content=\"675\" \/>\n\t<meta property=\"og:image:type\" content=\"image\/png\" \/>\n<meta name=\"author\" content=\"Katarina Carranco\" \/>\n<meta name=\"twitter:card\" content=\"summary_large_image\" \/>\n<meta name=\"twitter:creator\" content=\"@iFamNewsEN\" \/>\n<meta name=\"twitter:site\" content=\"@iFamNewsEN\" \/>\n<meta name=\"twitter:label1\" content=\"Verfasst von\" \/>\n\t<meta name=\"twitter:data1\" content=\"Katarina Carranco\" \/>\n\t<meta name=\"twitter:label2\" content=\"Gesch\u00e4tzte Lesezeit\" \/>\n\t<meta name=\"twitter:data2\" content=\"3\u00a0Minuten\" \/>\n<!-- \/ Yoast SEO Premium plugin. -->","yoast_head_json":{"title":"Bis 2100 wird die Bev\u00f6lkerunggr\u00f6\u00dfe Italiens halbiert; der demographische Winter bef\u00e4llt Europa. - IFN","robots":{"index":"index","follow":"follow","max-snippet":"max-snippet:-1","max-image-preview":"max-image-preview:large","max-video-preview":"max-video-preview:-1"},"canonical":"https:\/\/ifamnews.com\/de\/immer-weniger-geburten-in-italien-nach-r-ckschl-gen-soll-rom-nun-stadt-f-r-das-leben-werden","og_locale":"de_DE","og_type":"article","og_title":"Bis 2100 wird die Bev\u00f6lkerunggr\u00f6\u00dfe Italiens halbiert; der demographische Winter bef\u00e4llt Europa.","og_description":"Rom soll nun \u201eStadt f\u00fcr das Leben\u201c werden. Staatspr\u00e4sident Mattarella: \u201eEs handelt sich um ein Problem, das die Existenz unseres Landes bedroht. Das Gef\u00fcge unserer Nation wird geschw\u00e4cht. Wir m\u00fcssen mit allen Mitteln versuchen, dieses Ph\u00e4nomen zu stoppen.\u201c","og_url":"https:\/\/ifamnews.com\/de\/immer-weniger-geburten-in-italien-nach-r-ckschl-gen-soll-rom-nun-stadt-f-r-das-leben-werden","og_site_name":"IFN","article_publisher":"https:\/\/www.facebook.com\/iFamNews","article_published_time":"2021-10-26T07:00:00+00:00","article_modified_time":"2021-10-28T09:48:32+00:00","og_image":[{"width":1200,"height":675,"url":"https:\/\/ifamnews.com\/wp-content\/uploads\/2021\/10\/covid-italia.png","type":"image\/png"}],"author":"Katarina Carranco","twitter_card":"summary_large_image","twitter_creator":"@iFamNewsEN","twitter_site":"@iFamNewsEN","twitter_misc":{"Verfasst von":"Katarina Carranco","Gesch\u00e4tzte Lesezeit":"3\u00a0Minuten"},"schema":{"@context":"https:\/\/schema.org","@graph":[{"@type":"NewsArticle","@id":"https:\/\/ifamnews.com\/de\/immer-weniger-geburten-in-italien-nach-r-ckschl-gen-soll-rom-nun-stadt-f-r-das-leben-werden#article","isPartOf":{"@id":"https:\/\/ifamnews.com\/de\/immer-weniger-geburten-in-italien-nach-r-ckschl-gen-soll-rom-nun-stadt-f-r-das-leben-werden"},"author":{"name":"Katarina Carranco","@id":"https:\/\/ifamnews.com\/en\/#\/schema\/person\/2d277711cefe744ecff464dafad613fb"},"headline":"Bis 2100 wird die Bev\u00f6lkerunggr\u00f6\u00dfe Italiens halbiert; der demographische Winter bef\u00e4llt Europa.","datePublished":"2021-10-26T07:00:00+00:00","dateModified":"2021-10-28T09:48:32+00:00","mainEntityOfPage":{"@id":"https:\/\/ifamnews.com\/de\/immer-weniger-geburten-in-italien-nach-r-ckschl-gen-soll-rom-nun-stadt-f-r-das-leben-werden"},"wordCount":633,"commentCount":0,"publisher":{"@id":"https:\/\/ifamnews.com\/en\/#organization"},"image":{"@id":"https:\/\/ifamnews.com\/de\/immer-weniger-geburten-in-italien-nach-r-ckschl-gen-soll-rom-nun-stadt-f-r-das-leben-werden#primaryimage"},"thumbnailUrl":"https:\/\/ifamnews.com\/wp-content\/uploads\/2021\/10\/covid-italia.png","keywords":["Bev\u00f6lkerungsr\u00fcckgang","Coronavirus","COVID-19","Geburtenrate","Italien","Stadt f\u00fcr das Leben"],"articleSection":["Breaking News","Familie","Vordergrund"],"inLanguage":"de","potentialAction":[{"@type":"CommentAction","name":"Comment","target":["https:\/\/ifamnews.com\/de\/immer-weniger-geburten-in-italien-nach-r-ckschl-gen-soll-rom-nun-stadt-f-r-das-leben-werden#respond"]}]},{"@type":"WebPage","@id":"https:\/\/ifamnews.com\/de\/immer-weniger-geburten-in-italien-nach-r-ckschl-gen-soll-rom-nun-stadt-f-r-das-leben-werden","url":"https:\/\/ifamnews.com\/de\/immer-weniger-geburten-in-italien-nach-r-ckschl-gen-soll-rom-nun-stadt-f-r-das-leben-werden","name":"Bis 2100 wird die Bev\u00f6lkerunggr\u00f6\u00dfe Italiens halbiert; der demographische Winter bef\u00e4llt Europa. - IFN","isPartOf":{"@id":"https:\/\/ifamnews.com\/en\/#website"},"primaryImageOfPage":{"@id":"https:\/\/ifamnews.com\/de\/immer-weniger-geburten-in-italien-nach-r-ckschl-gen-soll-rom-nun-stadt-f-r-das-leben-werden#primaryimage"},"image":{"@id":"https:\/\/ifamnews.com\/de\/immer-weniger-geburten-in-italien-nach-r-ckschl-gen-soll-rom-nun-stadt-f-r-das-leben-werden#primaryimage"},"thumbnailUrl":"https:\/\/ifamnews.com\/wp-content\/uploads\/2021\/10\/covid-italia.png","datePublished":"2021-10-26T07:00:00+00:00","dateModified":"2021-10-28T09:48:32+00:00","breadcrumb":{"@id":"https:\/\/ifamnews.com\/de\/immer-weniger-geburten-in-italien-nach-r-ckschl-gen-soll-rom-nun-stadt-f-r-das-leben-werden#breadcrumb"},"inLanguage":"de","potentialAction":[{"@type":"ReadAction","target":["https:\/\/ifamnews.com\/de\/immer-weniger-geburten-in-italien-nach-r-ckschl-gen-soll-rom-nun-stadt-f-r-das-leben-werden"]}]},{"@type":"ImageObject","inLanguage":"de","@id":"https:\/\/ifamnews.com\/de\/immer-weniger-geburten-in-italien-nach-r-ckschl-gen-soll-rom-nun-stadt-f-r-das-leben-werden#primaryimage","url":"https:\/\/ifamnews.com\/wp-content\/uploads\/2021\/10\/covid-italia.png","contentUrl":"https:\/\/ifamnews.com\/wp-content\/uploads\/2021\/10\/covid-italia.png","width":1200,"height":675},{"@type":"BreadcrumbList","@id":"https:\/\/ifamnews.com\/de\/immer-weniger-geburten-in-italien-nach-r-ckschl-gen-soll-rom-nun-stadt-f-r-das-leben-werden#breadcrumb","itemListElement":[{"@type":"ListItem","position":1,"name":"Home","item":"https:\/\/ifamnews.com\/de"},{"@type":"ListItem","position":2,"name":"Nouvelles r\u00e9centes","item":"https:\/\/ifamnews.com\/fr\/categorie\/breaking-news-fr"},{"@type":"ListItem","position":3,"name":"Bis 2100 wird die Bev\u00f6lkerunggr\u00f6\u00dfe Italiens halbiert; der demographische Winter bef\u00e4llt Europa."}]},{"@type":"WebSite","@id":"https:\/\/ifamnews.com\/en\/#website","url":"https:\/\/ifamnews.com\/en\/","name":"IFN","description":"International Family News Network","publisher":{"@id":"https:\/\/ifamnews.com\/en\/#organization"},"potentialAction":[{"@type":"SearchAction","target":{"@type":"EntryPoint","urlTemplate":"https:\/\/ifamnews.com\/en\/?s={search_term_string}"},"query-input":{"@type":"PropertyValueSpecification","valueRequired":true,"valueName":"search_term_string"}}],"inLanguage":"de"},{"@type":"Organization","@id":"https:\/\/ifamnews.com\/en\/#organization","name":"iFamNews","url":"https:\/\/ifamnews.com\/en\/","logo":{"@type":"ImageObject","inLanguage":"de","@id":"https:\/\/ifamnews.com\/en\/#\/schema\/logo\/image\/","url":"https:\/\/ifamnews.com\/wp-content\/uploads\/2020\/01\/Share-logo.png","contentUrl":"https:\/\/ifamnews.com\/wp-content\/uploads\/2020\/01\/Share-logo.png","width":200,"height":200,"caption":"iFamNews"},"image":{"@id":"https:\/\/ifamnews.com\/en\/#\/schema\/logo\/image\/"},"sameAs":["https:\/\/www.facebook.com\/iFamNews","https:\/\/x.com\/iFamNewsEN"]},{"@type":"Person","@id":"https:\/\/ifamnews.com\/en\/#\/schema\/person\/2d277711cefe744ecff464dafad613fb","name":"Katarina Carranco","image":{"@type":"ImageObject","inLanguage":"de","@id":"https:\/\/secure.gravatar.com\/avatar\/4294e07f5bf473b10927a202c80469453085751a609324ec66d629e2e0563ed7?s=96&d=mm&r=g","url":"https:\/\/secure.gravatar.com\/avatar\/4294e07f5bf473b10927a202c80469453085751a609324ec66d629e2e0563ed7?s=96&d=mm&r=g","contentUrl":"https:\/\/secure.gravatar.com\/avatar\/4294e07f5bf473b10927a202c80469453085751a609324ec66d629e2e0563ed7?s=96&d=mm&r=g","caption":"Katarina Carranco"},"description":"Katarina Carranco is the Director of PRI\u2019s Rome Office.","url":"https:\/\/ifamnews.com\/de\/author\/katarina-carranco"}]}},"amp_enabled":true,"_links":{"self":[{"href":"https:\/\/ifamnews.com\/de\/wp-json\/wp\/v2\/posts\/100772","targetHints":{"allow":["GET"]}}],"collection":[{"href":"https:\/\/ifamnews.com\/de\/wp-json\/wp\/v2\/posts"}],"about":[{"href":"https:\/\/ifamnews.com\/de\/wp-json\/wp\/v2\/types\/post"}],"author":[{"embeddable":true,"href":"https:\/\/ifamnews.com\/de\/wp-json\/wp\/v2\/users\/906"}],"replies":[{"embeddable":true,"href":"https:\/\/ifamnews.com\/de\/wp-json\/wp\/v2\/comments?post=100772"}],"version-history":[{"count":5,"href":"https:\/\/ifamnews.com\/de\/wp-json\/wp\/v2\/posts\/100772\/revisions"}],"predecessor-version":[{"id":102421,"href":"https:\/\/ifamnews.com\/de\/wp-json\/wp\/v2\/posts\/100772\/revisions\/102421"}],"wp:featuredmedia":[{"embeddable":true,"href":"https:\/\/ifamnews.com\/de\/wp-json\/wp\/v2\/media\/98099"}],"wp:attachment":[{"href":"https:\/\/ifamnews.com\/de\/wp-json\/wp\/v2\/media?parent=100772"}],"wp:term":[{"taxonomy":"category","embeddable":true,"href":"https:\/\/ifamnews.com\/de\/wp-json\/wp\/v2\/categories?post=100772"},{"taxonomy":"post_tag","embeddable":true,"href":"https:\/\/ifamnews.com\/de\/wp-json\/wp\/v2\/tags?post=100772"}],"curies":[{"name":"wp","href":"https:\/\/api.w.org\/{rel}","templated":true}]}}